{"id":2565,"date":"2018-07-04T18:14:00","date_gmt":"2018-07-04T18:14:00","guid":{"rendered":"https:\/\/www.bfv.cloud\/ajedrezeuropa\/index.php\/2018\/07\/04\/gala-del-deporte-y-olimpiadas-de-villafranca\/"},"modified":"2025-11-20T10:48:41","modified_gmt":"2025-11-20T10:48:41","slug":"gala-del-deporte-y-olimpiadas-de-villafranca","status":"publish","type":"post","link":"https:\/\/www.bfv.cloud\/ajedrezeuropa\/gala-del-deporte-y-olimpiadas-de-villafranca\/","title":{"rendered":"GALA DEL DEPORTE Y OLIMPIADAS DE VILLAFRANCA"},"content":{"rendered":"<table cellpadding=\"0\" cellspacing=\"0\" class=\"tr-caption-container\" style=\"float: left;margin-right: 1em;text-align: left\">\n<tbody>\n<tr>\n<td style=\"text-align: center\"><a href=\"https:\/\/www.bfv.cloud\/ajedrezeuropa\/wp-content\/uploads\/2018\/07\/ENLAENTREGADEPREMIOS.jpg\" style=\"clear: left;margin-bottom: 1em;margin-left: auto;margin-right: auto\"><img fetchpriority=\"high\" decoding=\"async\" border=\"0\" data-original-height=\"348\" data-original-width=\"777\" height=\"176\" src=\"https:\/\/blogger.googleusercontent.com\/img\/b\/R29vZ2xl\/AVvXsEiVRJ9WwyK9Qv1PwBvmGdtuHZk2Y4c1IRGem09F61n1_wQQJO39Zxv3l1tN0d9dGAhPHQb_yL3VajGkab_EOVrp_ONFrQxk6MlEVD75ea_vFJSGwd6Urc2Zy9OZGfzFOmIge6fPB2ITivE\/s400\/EN+LA+ENTREGA+DE+PREMIOS.jpg\" width=\"400\" \/><\/a><\/td>\n<\/tr>\n<tr>\n<td class=\"tr-caption\" style=\"text-align: center\">Nuestros premiados junto a las autoridades del ayuntamiento de<br \/>Villafranca<\/td>\n<\/tr>\n<\/tbody>\n<\/table>\n<p><span style=\"font-family: Georgia, Times New Roman, serif;font-size: large\">El domingo 24 de junio la plaza de Espa\u00f1a de Villafranca de los Caballeros recib\u00eda la visita de una amplia representaci\u00f3n de los j\u00f3venes deportistas que compiten en sus escuelas deportivas y en sus clubes. En la parte que toca al ajedrez de Villafranca l@s premiad@s fueron 3 jugadores que pertenecen a los equipos sub-18. De Nuestro Ajedrez en Europa: M\u00f3nica Monreal G\u00f3mez y Roberto Yeghiazaryan Petrosyan; y de Nuestro Ajedrez por la Igualdad: Pablo Vela Adri\u00e1n.&nbsp;<\/p>\n<table align=\"center\" cellpadding=\"0\" cellspacing=\"0\" class=\"tr-caption-container\" style=\"margin-left: auto;margin-right: auto;text-align: center\">\n<tbody>\n<tr>\n<td style=\"text-align: center\"><a href=\"https:\/\/www.bfv.cloud\/ajedrezeuropa\/wp-content\/uploads\/2018\/07\/LOS3PREMIADOS.jpg\" style=\"margin-left: auto;margin-right: auto\"><img decoding=\"async\" border=\"0\" data-original-height=\"568\" data-original-width=\"731\" height=\"492\" src=\"https:\/\/blogger.googleusercontent.com\/img\/b\/R29vZ2xl\/AVvXsEhEbKRQpnU7kOQ_eIBCxmQNDQG4n55bF3LOYIK-Y0JuD0DIc1anSCo_tWaZ5QPt8b6JRtNa9TlbpdwlHfmiakwei_RticbWfQsukM0nK0O-rx8AlhmrvMcgXDnjv1yCITSLSJlJLZMDRS8\/s640\/LOS+3+PREMIADOS.jpg\" width=\"640\" \/><\/a><\/td>\n<\/tr>\n<tr>\n<td class=\"tr-caption\" style=\"text-align: center\">Roberto, M\u00f3nica y Pablo<\/td>\n<\/tr>\n<\/tbody>\n<\/table>\n<p><\/span><br \/>\n<span style=\"font-family: Georgia, Times New Roman, serif;font-size: large\">\u00a1\u00a1Enhorabuena a los tres por vuestro esfuerzo y dedicaci\u00f3n!!<\/span><\/p>\n<div style=\"text-align: center\">\n<span style=\"font-family: Georgia, Times New Roman, serif;font-size: large\"><b><u><br \/><\/u><\/b><\/span><\/div>\n<div style=\"text-align: center\">\n<span style=\"font-family: Georgia, Times New Roman, serif;font-size: large\"><b><u>III OLIMPIADAS ESCOLARES<\/u><\/b><\/span><\/div>\n<div style=\"text-align: center\">\n<span style=\"font-family: Georgia, Times New Roman, serif;font-size: large\"><b><u><br \/><\/u><\/b><\/span><\/div>\n<table align=\"center\" cellpadding=\"0\" cellspacing=\"0\" class=\"tr-caption-container\" style=\"margin-left: auto;margin-right: auto;text-align: center\">\n<tbody>\n<tr>\n<td style=\"text-align: center\"><a href=\"https:\/\/www.bfv.cloud\/ajedrezeuropa\/wp-content\/uploads\/2018\/07\/IMG_20180628_092311_resized_20180704_075418419.jpg\" style=\"margin-left: auto;margin-right: auto\"><img decoding=\"async\" border=\"0\" data-original-height=\"386\" data-original-width=\"841\" height=\"290\" src=\"https:\/\/blogger.googleusercontent.com\/img\/b\/R29vZ2xl\/AVvXsEiuAcJi14nGABDoy99d4PVPkX5rCxSZOx5XiOKq7ojzHTMo_qkn_HEzEbGM4c370Y4y4ta7YMuL3BUl_CHjiXOu9XODF4_WBHMLTRybVyGizvClMjr-qaNVyawxUJtb_fBN8y9dEe83DcY\/s640\/IMG_20180628_092311_resized_20180704_075418419.jpg\" width=\"640\" \/><\/a><\/td>\n<\/tr>\n<tr>\n<td class=\"tr-caption\" style=\"text-align: center\">El ajedrez en Villafranca atrae a chicos y chicas &#8230; y tambi\u00e9n a monitores y monitoras de otros deportes<\/td>\n<\/tr>\n<\/tbody>\n<\/table>\n<table cellpadding=\"0\" cellspacing=\"0\" class=\"tr-caption-container\" style=\"float: right;margin-left: 1em;text-align: right\">\n<tbody>\n<tr>\n<td style=\"text-align: center\"><a href=\"https:\/\/www.bfv.cloud\/ajedrezeuropa\/wp-content\/uploads\/2018\/07\/IMG_20180625_101940_resized_20180625_012154950.jpg\" style=\"clear: right;margin-bottom: 1em;margin-left: auto;margin-right: auto\"><img loading=\"lazy\" decoding=\"async\" border=\"0\" data-original-height=\"522\" data-original-width=\"481\" height=\"320\" src=\"https:\/\/blogger.googleusercontent.com\/img\/b\/R29vZ2xl\/AVvXsEjLQQBm-fTjZejTUhtpcBXqieOm69IAJtkzpUFwdZKsvH2yTD2eoeb9TyKRrgGLaAHOg7LcjHQZTU4zm5hvuvMne642qNWcO-7wwzrkYwz001AzTsCUQ87aQ7EYw-Tm_CsEmnTSjr3bniY\/s320\/IMG_20180625_101940_resized_20180625_012154950.jpg\" width=\"294\" \/><\/a><\/td>\n<\/tr>\n<tr>\n<td class=\"tr-caption\" style=\"text-align: center\">Los peques tienen oportunidad de jugar sobre un<br \/>tablero gigante<\/td>\n<\/tr>\n<\/tbody>\n<\/table>\n<div style=\"text-align: center\">\n<span style=\", serif;font-size: large;text-align: left\">La semana pasada m\u00e1s de 150 chicos y chicas de Villafranca tuvieron oportunidad de practicar distintos deportes en las instalaciones municipales dentro de la 3\u00aa edici\u00f3n de las Olimpiadas Escolares.&nbsp;<\/span><\/div>\n<div style=\"text-align: left\">\n<span style=\", serif;font-size: large\">Para much@s de ell@s fue una oportunidad de tener un primer contacto con algunos deportes que habitualmente no practican y para otr@s retomar las actividades con las que compiten durante la temporada de oto\u00f1o, invierno y primavera. De cualquier manera es muy interesante poder disfrutar del deporte en un ambiente no competitivo, con distint@s compa\u00f1er@s y en modalidades individuales y por equipos.<\/p>\n<table align=\"center\" cellpadding=\"0\" cellspacing=\"0\" class=\"tr-caption-container\" style=\"margin-left: auto;margin-right: auto;text-align: center\">\n<tbody>\n<tr>\n<td style=\"text-align: center\"><a href=\"https:\/\/www.bfv.cloud\/ajedrezeuropa\/wp-content\/uploads\/2018\/07\/IMG_20180628_092323_resized_20180704_075417478.jpg\" style=\"margin-left: auto;margin-right: auto\"><img loading=\"lazy\" decoding=\"async\" border=\"0\" data-original-height=\"487\" data-original-width=\"924\" height=\"332\" src=\"https:\/\/blogger.googleusercontent.com\/img\/b\/R29vZ2xl\/AVvXsEhbzc4Yyy4srcCkJxOZW2EUI6J2TWaS2s2cPMoKSgU0ZstxX4MqCi983dhY7JvdNoP8zSRJ3hCASZSw_FWdLxrLQL-Lkbe1chSM-lSf4-3Sdt8Tn4IYMXuwStH8o58GuakmHW5MTcS4CWo\/s640\/IMG_20180628_092323_resized_20180704_075417478.jpg\" width=\"640\" \/><\/a><\/td>\n<\/tr>\n<tr>\n<td class=\"tr-caption\" style=\"text-align: center\">Se disfruta y aprende jugando &#8230; y tambi\u00e9n viendo<\/td>\n<\/tr>\n<\/tbody>\n<\/table>\n<p><\/span><\/div>\n<div style=\"text-align: left\">\n<\/div>\n","protected":false},"excerpt":{"rendered":"<p>Nuestros premiados junto a las autoridades del ayuntamiento deVillafranca El domingo 24 de junio la plaza de Espa\u00f1a de Villafranca de los Caballeros recib\u00eda la visita de una amplia representaci\u00f3n de los j\u00f3venes deportistas que compiten en sus escuelas deportivas y en sus clubes. En la parte que toca al ajedrez de Villafranca l@s premiad@s [&hellip;]<\/p>\n","protected":false},"author":1,"featured_media":2566,"comment_status":"open","ping_status":"closed","sticky":false,"template":"","format":"standard","meta":{"footnotes":""},"categories":[1],"tags":[],"class_list":["post-2565","post","type-post","status-publish","format-standard","has-post-thumbnail","hentry","category-noticias"],"_links":{"self":[{"href":"https:\/\/www.bfv.cloud\/ajedrezeuropa\/wp-json\/wp\/v2\/posts\/2565","targetHints":{"allow":["GET"]}}],"collection":[{"href":"https:\/\/www.bfv.cloud\/ajedrezeuropa\/wp-json\/wp\/v2\/posts"}],"about":[{"href":"https:\/\/www.bfv.cloud\/ajedrezeuropa\/wp-json\/wp\/v2\/types\/post"}],"author":[{"embeddable":true,"href":"https:\/\/www.bfv.cloud\/ajedrezeuropa\/wp-json\/wp\/v2\/users\/1"}],"replies":[{"embeddable":true,"href":"https:\/\/www.bfv.cloud\/ajedrezeuropa\/wp-json\/wp\/v2\/comments?post=2565"}],"version-history":[{"count":1,"href":"https:\/\/www.bfv.cloud\/ajedrezeuropa\/wp-json\/wp\/v2\/posts\/2565\/revisions"}],"predecessor-version":[{"id":2571,"href":"https:\/\/www.bfv.cloud\/ajedrezeuropa\/wp-json\/wp\/v2\/posts\/2565\/revisions\/2571"}],"wp:featuredmedia":[{"embeddable":true,"href":"https:\/\/www.bfv.cloud\/ajedrezeuropa\/wp-json\/wp\/v2\/media\/2566"}],"wp:attachment":[{"href":"https:\/\/www.bfv.cloud\/ajedrezeuropa\/wp-json\/wp\/v2\/media?parent=2565"}],"wp:term":[{"taxonomy":"category","embeddable":true,"href":"https:\/\/www.bfv.cloud\/ajedrezeuropa\/wp-json\/wp\/v2\/categories?post=2565"},{"taxonomy":"post_tag","embeddable":true,"href":"https:\/\/www.bfv.cloud\/ajedrezeuropa\/wp-json\/wp\/v2\/tags?post=2565"}],"curies":[{"name":"wp","href":"https:\/\/api.w.org\/{rel}","templated":true}]}}