{"id":2572,"date":"2017-07-30T16:37:00","date_gmt":"2017-07-30T16:37:00","guid":{"rendered":"https:\/\/www.bfv.cloud\/ajedrezeuropa\/index.php\/2017\/07\/30\/unos-resultados-notables-en-el-sub-16-despiden-a-nuestros-jugadores-en-los-campeonatos-de-espana-de-jovenes\/"},"modified":"2025-11-20T10:48:45","modified_gmt":"2025-11-20T10:48:45","slug":"unos-resultados-notables-en-el-sub-16-despiden-a-nuestros-jugadores-en-los-campeonatos-de-espana-de-jovenes","status":"publish","type":"post","link":"https:\/\/www.bfv.cloud\/ajedrezeuropa\/unos-resultados-notables-en-el-sub-16-despiden-a-nuestros-jugadores-en-los-campeonatos-de-espana-de-jovenes\/","title":{"rendered":"UNOS RESULTADOS NOTABLES EN EL SUB-16 DESPIDEN A NUESTROS JUGADORES EN LOS CAMPEONATOS DE ESPA\u00d1A DE J\u00d3VENES"},"content":{"rendered":"<table cellpadding=\"0\" cellspacing=\"0\" class=\"tr-caption-container\" style=\"float: right;margin-left: 1em;text-align: right\">\n<tbody>\n<tr>\n<td style=\"text-align: center\"><a href=\"https:\/\/www.bfv.cloud\/ajedrezeuropa\/wp-content\/uploads\/2017\/07\/IMG-20170725-WA007.jpg\" style=\"clear: right;margin-bottom: 1em;margin-left: auto;margin-right: auto\"><img fetchpriority=\"high\" decoding=\"async\" border=\"0\" data-original-height=\"1600\" data-original-width=\"1200\" height=\"640\" src=\"https:\/\/blogger.googleusercontent.com\/img\/b\/R29vZ2xl\/AVvXsEjGQ0PurVyQxTJ_uCJFPYT0zc1mzEJq3BQXtyc2XXCuZ71BumRNztvntYlKctfUcU71OSsLbF0x811eB-aLaFHO7WERmGMseFMg7HV6Vn6SjEDAo-DetD4AE0MyV57Cw1teGE1M7EcwGLU\/s640\/IMG-20170725-WA007.jpg\" width=\"480\" \/><\/a><\/td>\n<\/tr>\n<tr>\n<td class=\"tr-caption\" style=\"text-align: center\">Isabel finaliza un gran Campeonato de Espa\u00f1a consiguiendo 4 puntos y quedando<br \/>\nen el puesto 12\u00ba de la clasificaci\u00f3n femenina&nbsp;<\/td>\n<\/tr>\n<\/tbody>\n<\/table>\n<p>&nbsp;<span style=\"font-family: Trebuchet MS, sans-serif;font-size: large\"><b><u>Isabel Marcos-Alberca, 12\u00aa de Espa\u00f1a sub-16<\/u><\/b><\/span><br \/>\n<span style=\", sans-serif;font-size: large\">Con una actuaci\u00f3n muy destacada de Isabel Marcos-Alberca finaliza la categor\u00eda sub-16 de los campeonatos de Espa\u00f1a de J\u00f3venes. Isabel suma 4 puntos, en 2016 fueron 2, y se sit\u00faa 12\u00aa en la clasificaci\u00f3n femenina, partiendo del puesto 26\u00ba del ranking inicial de chicas. Su trayectoria ha sido ascendente, perdiendo las 3 primeras rondas, empatando las 4 siguientes y ganando las dos \u00faltimas, estando siempre enfrentada a jugadores de mayor nivel te\u00f3rico. Isabel, mejora en 14 posiciones su ranking y consigue avanzar 54 puntos en su elo FIDE.<\/span><br \/>\n<span style=\", sans-serif;font-size: large\"><b><u>Roberto L\u00f3pez N\u00fa\u00f1ez iguala el resultado del a\u00f1o pasado<\/u><\/b><\/span><\/p>\n<table cellpadding=\"0\" cellspacing=\"0\" class=\"tr-caption-container\" style=\"float: left;text-align: left\">\n<tbody>\n<tr>\n<td style=\"text-align: center\"><img decoding=\"async\" border=\"0\" data-original-height=\"1600\" data-original-width=\"1200\" height=\"640\" src=\"https:\/\/www.bfv.cloud\/ajedrezeuropa\/wp-content\/uploads\/2017\/07\/IMG-20170726-WA010.jpg\" style=\"margin-left: auto;margin-right: auto\" width=\"480\" \/><\/td>\n<\/tr>\n<tr>\n<td class=\"tr-caption\" style=\"text-align: center\">Roberto L\u00f3pez con 4 puntos iguala su resultado de 2016<\/td>\n<\/tr>\n<\/tbody>\n<\/table>\n<p><span style=\", sans-serif;font-size: large\">Por su parte, Roberto L\u00f3pez, con 4 puntos, iguala el resultado de 2016, aunque el juego que ha ofrecido en varias de sus partidas ha estado por encima del nivel del a\u00f1o pasado.&nbsp;<\/span><br \/>\n<span style=\", sans-serif;font-size: large\"><br \/><\/span><br \/>\n<span style=\", sans-serif;font-size: large\">Es cierto que a lo largo de los a\u00f1os se ha demostrado que en los campeonatos de Espa\u00f1a individuales nuestros j\u00f3venes no obtienen sus mejores resultados, pero estamos convencidos que todo el entrenamiento y preparaci\u00f3n que conllevan son beneficiosos para su formaci\u00f3n y para las competiciones por equipos donde su rendimiento es siempre sobresaliente.<\/span><br \/>\n<span style=\", sans-serif;font-size: large\"><b><u>6 jugadores en los campeonatos de Espa\u00f1a de j\u00f3venes 2017<\/u><\/b><\/span><br \/>\n<span style=\", sans-serif;font-size: large\">Han sido 6 el total de jugadores de Nuestro Ajedrez en Europa que han participado en las competiciones nacionales por edades, dentro de las categor\u00edas sub-12, sub-14 y sub-16. Esto supone el mayor n\u00famero de participantes del conjunto de Castilla-La Mancha y en las categor\u00edas de edad donde hay que demostrar mayor preparaci\u00f3n t\u00e9cnica, haciendo la salvedad del sub-18.<\/span><br \/>\n<span style=\", sans-serif;font-size: large\">Desde aqu\u00ed queremos agradecer y felicitar tambi\u00e9n a los entrenadores que han dedicado su tiempo a la preparaci\u00f3n de nuestros jugadores, en especial a Isaac Lozano Osorio.<\/span><br \/>\n<span style=\", sans-serif;font-size: large\"><\/p>\n<table align=\"center\" cellpadding=\"0\" cellspacing=\"0\" class=\"tr-caption-container\" style=\"margin-left: auto;margin-right: auto;text-align: center\">\n<tbody>\n<tr>\n<td style=\"text-align: center\"><a href=\"https:\/\/www.bfv.cloud\/ajedrezeuropa\/wp-content\/uploads\/2017\/07\/IMG-20170725-WA001-1.jpg\" style=\"margin-left: auto;margin-right: auto\"><img decoding=\"async\" border=\"0\" data-original-height=\"1219\" data-original-width=\"837\" height=\"640\" src=\"https:\/\/blogger.googleusercontent.com\/img\/b\/R29vZ2xl\/AVvXsEioR5d2RthsLwNYp2B4Yco0Ae5nkagMSi7M6UwuZpQRmIyyf4ypfDNvuX5GnVuFeyz47KB3W4ubsTQBD-CJIqgDZmyhWLTuT-WoIGsvazB8XSh7-fWNXBBw_qgfV-5Hbl7tnj4wNHUiV50\/s640\/IMG-20170725-WA001.jpg\" width=\"438\" \/><\/a><\/td>\n<\/tr>\n<tr>\n<td class=\"tr-caption\" style=\"text-align: center\">Isaac, en el centro, junto a Roberto e Isabel<\/td>\n<\/tr>\n<\/tbody>\n<\/table>\n<p>&nbsp;&nbsp;<\/span><\/p>\n","protected":false},"excerpt":{"rendered":"<p>Isabel finaliza un gran Campeonato de Espa\u00f1a consiguiendo 4 puntos y quedando en el puesto 12\u00ba de la clasificaci\u00f3n femenina&nbsp; &nbsp;Isabel Marcos-Alberca, 12\u00aa de Espa\u00f1a sub-16 Con una actuaci\u00f3n muy destacada de Isabel Marcos-Alberca finaliza la categor\u00eda sub-16 de los campeonatos de Espa\u00f1a de J\u00f3venes. Isabel suma 4 puntos, en 2016 fueron 2, y se [&hellip;]<\/p>\n","protected":false},"author":1,"featured_media":2573,"comment_status":"open","ping_status":"closed","sticky":false,"template":"","format":"standard","meta":{"footnotes":""},"categories":[1],"tags":[],"class_list":["post-2572","post","type-post","status-publish","format-standard","has-post-thumbnail","hentry","category-noticias"],"_links":{"self":[{"href":"https:\/\/www.bfv.cloud\/ajedrezeuropa\/wp-json\/wp\/v2\/posts\/2572","targetHints":{"allow":["GET"]}}],"collection":[{"href":"https:\/\/www.bfv.cloud\/ajedrezeuropa\/wp-json\/wp\/v2\/posts"}],"about":[{"href":"https:\/\/www.bfv.cloud\/ajedrezeuropa\/wp-json\/wp\/v2\/types\/post"}],"author":[{"embeddable":true,"href":"https:\/\/www.bfv.cloud\/ajedrezeuropa\/wp-json\/wp\/v2\/users\/1"}],"replies":[{"embeddable":true,"href":"https:\/\/www.bfv.cloud\/ajedrezeuropa\/wp-json\/wp\/v2\/comments?post=2572"}],"version-history":[{"count":1,"href":"https:\/\/www.bfv.cloud\/ajedrezeuropa\/wp-json\/wp\/v2\/posts\/2572\/revisions"}],"predecessor-version":[{"id":2576,"href":"https:\/\/www.bfv.cloud\/ajedrezeuropa\/wp-json\/wp\/v2\/posts\/2572\/revisions\/2576"}],"wp:featuredmedia":[{"embeddable":true,"href":"https:\/\/www.bfv.cloud\/ajedrezeuropa\/wp-json\/wp\/v2\/media\/2573"}],"wp:attachment":[{"href":"https:\/\/www.bfv.cloud\/ajedrezeuropa\/wp-json\/wp\/v2\/media?parent=2572"}],"wp:term":[{"taxonomy":"category","embeddable":true,"href":"https:\/\/www.bfv.cloud\/ajedrezeuropa\/wp-json\/wp\/v2\/categories?post=2572"},{"taxonomy":"post_tag","embeddable":true,"href":"https:\/\/www.bfv.cloud\/ajedrezeuropa\/wp-json\/wp\/v2\/tags?post=2572"}],"curies":[{"name":"wp","href":"https:\/\/api.w.org\/{rel}","templated":true}]}}