{"id":2577,"date":"2014-12-29T11:47:00","date_gmt":"2014-12-29T11:47:00","guid":{"rendered":"https:\/\/www.bfv.cloud\/ajedrezeuropa\/index.php\/2014\/12\/29\/x-torneo-de-navidad-ajedrez-por-la-igualdad\/"},"modified":"2025-11-20T10:48:46","modified_gmt":"2025-11-20T10:48:46","slug":"x-torneo-de-navidad-ajedrez-por-la-igualdad","status":"publish","type":"post","link":"https:\/\/www.bfv.cloud\/ajedrezeuropa\/x-torneo-de-navidad-ajedrez-por-la-igualdad\/","title":{"rendered":"\u00abX TORNEO DE NAVIDAD AJEDREZ POR LA IGUALDAD\u00bb"},"content":{"rendered":"<div class=\"separator\" style=\"clear: both;text-align: center\">\n<a href=\"https:\/\/www.bfv.cloud\/ajedrezeuropa\/wp-content\/uploads\/2014\/12\/torneodenavidad2014.jpg\" style=\"clear: right;float: right;margin-bottom: 1em;margin-left: 1em\"><img fetchpriority=\"high\" decoding=\"async\" border=\"0\" src=\"https:\/\/www.bfv.cloud\/ajedrezeuropa\/wp-content\/uploads\/2014\/12\/torneodenavidad2014.jpg\" height=\"640\" width=\"452\" \/><\/a><\/div>\n<p><span style=\"font-family: Helvetica Neue, Arial, Helvetica, sans-serif\"><b>Este domingo 4 de enero, a partir de las 10 de la ma\u00f1ana, se celebrar\u00e1 el \u00abX TORNEO DE NAVIDAD AJEDREZ POR LA IGUALDAD\u00bb en la modalidad de un sistema suizo a 5 rondas, con un ritmo de juego de 20 minutos a ca\u00edda de bandera. El sal\u00f3n de actos de la Casa de la Cultura de Villafranca volver\u00e1 a albergar este torneo en sus 2 categor\u00edas: ABSOLUTA y SUB-12, con premios para los 2 primeros clasificados en categor\u00eda masculina y femenina. Como es tradicional, los 8 trofeos tan originales y llamativos son los preparados por la alfarer\u00eda de los Hnos. Pe\u00f1o.<\/b><\/span><br \/>\n<span style=\"font-family: Helvetica Neue, Arial, Helvetica, sans-serif\"><b>Las inscripciones deben hacerse al siguiente correo:<\/b><\/span><br \/>\n<span style=\"font-family: Helvetica Neue, Arial, Helvetica, sans-serif\"><b>felixtoribio@nuestroajedrezeneuropa.com<\/b><\/span><\/p>\n","protected":false},"excerpt":{"rendered":"<p>Este domingo 4 de enero, a partir de las 10 de la ma\u00f1ana, se celebrar\u00e1 el \u00abX TORNEO DE NAVIDAD AJEDREZ POR LA IGUALDAD\u00bb en la modalidad de un sistema suizo a 5 rondas, con un ritmo de juego de 20 minutos a ca\u00edda de bandera. El sal\u00f3n de actos de la Casa de la [&hellip;]<\/p>\n","protected":false},"author":1,"featured_media":2578,"comment_status":"open","ping_status":"closed","sticky":false,"template":"","format":"standard","meta":{"footnotes":""},"categories":[1],"tags":[],"class_list":["post-2577","post","type-post","status-publish","format-standard","has-post-thumbnail","hentry","category-noticias"],"_links":{"self":[{"href":"https:\/\/www.bfv.cloud\/ajedrezeuropa\/wp-json\/wp\/v2\/posts\/2577","targetHints":{"allow":["GET"]}}],"collection":[{"href":"https:\/\/www.bfv.cloud\/ajedrezeuropa\/wp-json\/wp\/v2\/posts"}],"about":[{"href":"https:\/\/www.bfv.cloud\/ajedrezeuropa\/wp-json\/wp\/v2\/types\/post"}],"author":[{"embeddable":true,"href":"https:\/\/www.bfv.cloud\/ajedrezeuropa\/wp-json\/wp\/v2\/users\/1"}],"replies":[{"embeddable":true,"href":"https:\/\/www.bfv.cloud\/ajedrezeuropa\/wp-json\/wp\/v2\/comments?post=2577"}],"version-history":[{"count":1,"href":"https:\/\/www.bfv.cloud\/ajedrezeuropa\/wp-json\/wp\/v2\/posts\/2577\/revisions"}],"predecessor-version":[{"id":2579,"href":"https:\/\/www.bfv.cloud\/ajedrezeuropa\/wp-json\/wp\/v2\/posts\/2577\/revisions\/2579"}],"wp:featuredmedia":[{"embeddable":true,"href":"https:\/\/www.bfv.cloud\/ajedrezeuropa\/wp-json\/wp\/v2\/media\/2578"}],"wp:attachment":[{"href":"https:\/\/www.bfv.cloud\/ajedrezeuropa\/wp-json\/wp\/v2\/media?parent=2577"}],"wp:term":[{"taxonomy":"category","embeddable":true,"href":"https:\/\/www.bfv.cloud\/ajedrezeuropa\/wp-json\/wp\/v2\/categories?post=2577"},{"taxonomy":"post_tag","embeddable":true,"href":"https:\/\/www.bfv.cloud\/ajedrezeuropa\/wp-json\/wp\/v2\/tags?post=2577"}],"curies":[{"name":"wp","href":"https:\/\/api.w.org\/{rel}","templated":true}]}}