{"id":2580,"date":"2016-12-29T11:58:00","date_gmt":"2016-12-29T11:58:00","guid":{"rendered":"https:\/\/www.bfv.cloud\/ajedrezeuropa\/index.php\/2016\/12\/29\/clausura-y-entrega-de-diplomas-de-la-concentracion-de-navidad\/"},"modified":"2025-11-20T10:48:55","modified_gmt":"2025-11-20T10:48:55","slug":"clausura-y-entrega-de-diplomas-de-la-concentracion-de-navidad","status":"publish","type":"post","link":"https:\/\/www.bfv.cloud\/ajedrezeuropa\/clausura-y-entrega-de-diplomas-de-la-concentracion-de-navidad\/","title":{"rendered":"CLAUSURA Y ENTREGA DE DIPLOMAS DE LA CONCENTRACI\u00d3N DE NAVIDAD"},"content":{"rendered":"<table align=\"center\" cellpadding=\"0\" cellspacing=\"0\" class=\"tr-caption-container\" style=\"margin-left: auto;margin-right: auto;text-align: center\">\n<tbody>\n<tr>\n<td style=\"text-align: center\"><a href=\"https:\/\/www.bfv.cloud\/ajedrezeuropa\/wp-content\/uploads\/2016\/12\/SAM_3311.jpg\" style=\"margin-left: auto;margin-right: auto\"><img fetchpriority=\"high\" decoding=\"async\" border=\"0\" height=\"368\" src=\"https:\/\/blogger.googleusercontent.com\/img\/b\/R29vZ2xl\/AVvXsEgC5itq8MwSjFMlQBYlwk7f4PK1YPF1fUU-7ESdpP_-4jcXu6MkNuV8OtQib1owqp2XUZLE-9Ery3sD2AHNf5e2RHiZQZm3CTWJHvFq4SmgUlCdE5-GQ54LffeSef1JYHVQjJ_5yXfpZI8\/s640\/SAM_3311.JPG\" width=\"640\" \/><\/a><\/td>\n<\/tr>\n<tr>\n<td class=\"tr-caption\" style=\"text-align: center\">Todos unidos por el ajedrez&nbsp;<\/td>\n<\/tr>\n<\/tbody>\n<\/table>\n<div class=\"separator\" style=\"clear: both;text-align: center\">\n<a href=\"https:\/\/www.bfv.cloud\/ajedrezeuropa\/wp-content\/uploads\/2016\/12\/SAM_3270.jpg\" style=\"clear: left;float: left;margin-bottom: 1em;margin-right: 1em\"><\/a><span style=\"color: blue;font-family: Arial, Helvetica, sans-serif;font-size: large\"><\/p>\n<table cellpadding=\"0\" cellspacing=\"0\" class=\"tr-caption-container\" style=\"float: right;margin-left: 1em;text-align: right\">\n<tbody>\n<tr>\n<td style=\"text-align: center\"><img decoding=\"async\" border=\"0\" height=\"192\" src=\"https:\/\/blogger.googleusercontent.com\/img\/b\/R29vZ2xl\/AVvXsEhFU3FqRlFyWOzSaKrdC_H5S-MMO4IB2K5fOa0NYW-PsjFtn7nq9IrjOteyr64ngV5pifcPEIshT-TTLFeDNBvSiqefGJEs_O4PPfW35U8YEv3a33w8oXvd1VJrrupdyV4fRPeGGrbYRPQ\/s400\/SAM_3270.JPG\" style=\"margin-left: auto;margin-right: auto\" width=\"400\" \/><\/td>\n<\/tr>\n<tr>\n<td class=\"tr-caption\" style=\"text-align: center\">La clausura cont\u00f3 con la presencia del alcalde de Villafranca, Juli\u00e1n Bola\u00f1os,<br \/>del concejal de deportes, Emilio Alberca, y de los responsables<br \/>t\u00e9cnicos de la IX Concentraci\u00f3n: Ana Isabel Gonz\u00e1lez,<br \/>Jos\u00e9 Vicente Jim\u00e9nez y F\u00e9lix Toribio<\/td>\n<\/tr>\n<\/tbody>\n<\/table>\n<p><\/span><\/div>\n<div style=\"text-align: left\">\n<span style=\"color: blue;font-family: Arial, Helvetica, sans-serif;font-size: large\">Ayer, a las 7 de la tarde, se clausur\u00f3 la novena edici\u00f3n de la Concentraci\u00f3n de Navidad. Chicas y chicos, sus familias, responsables institucionales y t\u00e9cnicos, disfrutaron de unos momentos juntos, con el ajedrez como elemento de uni\u00f3n. Recordemos que, del 26 al 28 de diciembre, 33 alumn@s de 5 a 15 a\u00f1os de edad han recibido la formaci\u00f3n de los entrenadores y monitores del proyecto durante 6 horas al d\u00eda.<\/span><\/div>\n<div style=\"text-align: left\">\n<table align=\"center\" cellpadding=\"0\" cellspacing=\"0\" class=\"tr-caption-container\" style=\"margin-left: auto;margin-right: auto;text-align: center\">\n<tbody>\n<tr>\n<td style=\"text-align: center\"><a href=\"https:\/\/www.bfv.cloud\/ajedrezeuropa\/wp-content\/uploads\/2016\/12\/SAM_3275.jpg\" style=\"margin-left: auto;margin-right: auto\"><img decoding=\"async\" border=\"0\" height=\"202\" src=\"https:\/\/blogger.googleusercontent.com\/img\/b\/R29vZ2xl\/AVvXsEjQmyGZh1QBAtLJ9gex10FnJv_3ORSGUZ7ggRRAbB8l2nkGcjN7zcf5LermUjGiNVYdznEA1vlJ1I4LhlNZFIfV1sFO2dJGq3QIeUH1MbMUQZOxG-IbPbVVIv7UVFyol_cBXY9kQeF2fTs\/s640\/SAM_3275.JPG\" width=\"640\" \/><\/a><\/td>\n<\/tr>\n<tr>\n<td class=\"tr-caption\" style=\"text-align: center\">Una imagen antes del comienzo de la clausura<\/td>\n<\/tr>\n<\/tbody>\n<\/table>\n<\/div>\n<p><a href=\"https:\/\/www.bfv.cloud\/ajedrezeuropa\/wp-content\/uploads\/2016\/12\/SAM_3270.jpg\" style=\"clear: left;float: left;margin-bottom: 1em;margin-right: 1em\"><\/a><\/p>\n<table align=\"center\" cellpadding=\"0\" cellspacing=\"0\" class=\"tr-caption-container\" style=\"margin-left: auto;margin-right: auto;text-align: center\">\n<tbody>\n<tr>\n<td style=\"text-align: center\"><a href=\"https:\/\/www.bfv.cloud\/ajedrezeuropa\/wp-content\/uploads\/2016\/12\/SAM_3271.jpg\" style=\"margin-left: auto;margin-right: auto\"><img loading=\"lazy\" decoding=\"async\" border=\"0\" height=\"480\" src=\"https:\/\/blogger.googleusercontent.com\/img\/b\/R29vZ2xl\/AVvXsEhKtLJRhVqYC5onkKfQT2o4dxpeDSbZArdQT5_zJEBCMkHxwEMCxG1MGZqsx602FuOaIaRpfalaVNhWsiz1HUvAzukuKGxU4d90W8KieVEtdQTu3WsA7avLYBHDu_tL70NRz-YU4SjfGtE\/s640\/SAM_3271.JPG\" width=\"640\" \/><\/a><\/td>\n<\/tr>\n<tr>\n<td class=\"tr-caption\" style=\"text-align: center\">En esta ocasi\u00f3n las clases de Navidad han servido para iniciar a ni\u00f1os de 5 a\u00f1os en el ajedrez<\/td>\n<\/tr>\n<\/tbody>\n<\/table>\n<table align=\"center\" cellpadding=\"0\" cellspacing=\"0\" class=\"tr-caption-container\" style=\"float: right;margin-left: 1em;text-align: right\">\n<tbody>\n<tr>\n<td style=\"text-align: center\"><a href=\"https:\/\/www.bfv.cloud\/ajedrezeuropa\/wp-content\/uploads\/2016\/12\/SAM_3285.jpg\" style=\"margin-left: auto;margin-right: auto\"><img loading=\"lazy\" decoding=\"async\" border=\"0\" height=\"400\" src=\"https:\/\/blogger.googleusercontent.com\/img\/b\/R29vZ2xl\/AVvXsEhSQx4vVZuUXMPBG6O4u07MWmIdIjyXqjxpCqOyVqWooEf50Q_VA4g9uiBVmK7xT4tfWCk0V4zDBQbcc4whtTESPkHA-vI5VDp5XCD1zUrQwhZXkpbZrIAd4YJL-J_S1qHiGk3Hsp9x_d4\/s400\/SAM_3285.JPG\" width=\"380\" \/><\/a><\/td>\n<\/tr>\n<tr>\n<td class=\"tr-caption\" style=\"text-align: center\">La entrega de diplomas se convirti\u00f3 en un acto divertido y<br \/>emocionante<\/td>\n<\/tr>\n<\/tbody>\n<\/table>\n<p><span style=\"color: blue;font-family: Arial, Helvetica, sans-serif;font-size: large\">Transcurridos 9 a\u00f1os desde la creaci\u00f3n del proyecto Nuestro Ajedrez en Europa se cuentan por varios centenares los ni\u00f1os, ni\u00f1as y j\u00f3venes que han seguido mejorando su afici\u00f3n por el ajedrez gracias a las escuelas deportivas y a las actividades complementarias que hemos desarrollado.<\/span><\/p>\n<div>\n<span style=\"color: blue;font-family: Arial, Helvetica, sans-serif;font-size: large\">En los pr\u00f3ximos meses se har\u00e1n realidad nuevos proyectos educativos y sociales de gran calado en los que venimos trabajando desde hace a\u00f1os.<\/span><\/div>\n<div>\n<span style=\"color: blue;font-family: Arial, Helvetica, sans-serif;font-size: large\">Esperamos que 2017, a\u00f1o en el que celebraremos una d\u00e9cada con Nuestro Ajedrez en Europa, nos permita seguir creciendo y mejorando.<\/span><\/p>\n<table align=\"center\" cellpadding=\"0\" cellspacing=\"0\" class=\"tr-caption-container\" style=\"margin-left: auto;margin-right: auto;text-align: center\">\n<tbody>\n<tr>\n<td style=\"text-align: center\"><a href=\"https:\/\/www.bfv.cloud\/ajedrezeuropa\/wp-content\/uploads\/2016\/12\/SAM_3269.jpg\" style=\"margin-left: auto;margin-right: auto\"><img loading=\"lazy\" decoding=\"async\" border=\"0\" height=\"312\" src=\"https:\/\/blogger.googleusercontent.com\/img\/b\/R29vZ2xl\/AVvXsEhYHFCYvDb4s80INl1xKUy8b9OlstTnVduE7DAek5xnHfb-6Rdes16HLYITx2h0-Wxhkl9ACcHs-Ur9WBCp-A9Gd6ULQlDk2DoH6W_Ef1IUPYZuHexoMed7f-Dh6uf8SMfvVKbkgYcaL68\/s640\/SAM_3269.JPG\" width=\"640\" \/><\/a><\/td>\n<\/tr>\n<tr>\n<td class=\"tr-caption\" style=\"text-align: center\">Y el 7 de enero de 2017 nos volvemos a reunir en Villafranca para jugar el <br \/>XII TORNEO DE AJEDREZ POR LA IGUALDAD<\/td>\n<\/tr>\n<\/tbody>\n<\/table>\n<p><\/div>\n","protected":false},"excerpt":{"rendered":"<p>Todos unidos por el ajedrez&nbsp; La clausura cont\u00f3 con la presencia del alcalde de Villafranca, Juli\u00e1n Bola\u00f1os,del concejal de deportes, Emilio Alberca, y de los responsablest\u00e9cnicos de la IX Concentraci\u00f3n: Ana Isabel Gonz\u00e1lez,Jos\u00e9 Vicente Jim\u00e9nez y F\u00e9lix Toribio Ayer, a las 7 de la tarde, se clausur\u00f3 la novena edici\u00f3n de la Concentraci\u00f3n de Navidad. [&hellip;]<\/p>\n","protected":false},"author":1,"featured_media":2581,"comment_status":"open","ping_status":"closed","sticky":false,"template":"","format":"standard","meta":{"footnotes":""},"categories":[1],"tags":[],"class_list":["post-2580","post","type-post","status-publish","format-standard","has-post-thumbnail","hentry","category-noticias"],"_links":{"self":[{"href":"https:\/\/www.bfv.cloud\/ajedrezeuropa\/wp-json\/wp\/v2\/posts\/2580","targetHints":{"allow":["GET"]}}],"collection":[{"href":"https:\/\/www.bfv.cloud\/ajedrezeuropa\/wp-json\/wp\/v2\/posts"}],"about":[{"href":"https:\/\/www.bfv.cloud\/ajedrezeuropa\/wp-json\/wp\/v2\/types\/post"}],"author":[{"embeddable":true,"href":"https:\/\/www.bfv.cloud\/ajedrezeuropa\/wp-json\/wp\/v2\/users\/1"}],"replies":[{"embeddable":true,"href":"https:\/\/www.bfv.cloud\/ajedrezeuropa\/wp-json\/wp\/v2\/comments?post=2580"}],"version-history":[{"count":1,"href":"https:\/\/www.bfv.cloud\/ajedrezeuropa\/wp-json\/wp\/v2\/posts\/2580\/revisions"}],"predecessor-version":[{"id":2587,"href":"https:\/\/www.bfv.cloud\/ajedrezeuropa\/wp-json\/wp\/v2\/posts\/2580\/revisions\/2587"}],"wp:featuredmedia":[{"embeddable":true,"href":"https:\/\/www.bfv.cloud\/ajedrezeuropa\/wp-json\/wp\/v2\/media\/2581"}],"wp:attachment":[{"href":"https:\/\/www.bfv.cloud\/ajedrezeuropa\/wp-json\/wp\/v2\/media?parent=2580"}],"wp:term":[{"taxonomy":"category","embeddable":true,"href":"https:\/\/www.bfv.cloud\/ajedrezeuropa\/wp-json\/wp\/v2\/categories?post=2580"},{"taxonomy":"post_tag","embeddable":true,"href":"https:\/\/www.bfv.cloud\/ajedrezeuropa\/wp-json\/wp\/v2\/tags?post=2580"}],"curies":[{"name":"wp","href":"https:\/\/api.w.org\/{rel}","templated":true}]}}