{"id":2588,"date":"2013-04-25T13:42:00","date_gmt":"2013-04-25T13:42:00","guid":{"rendered":"https:\/\/www.bfv.cloud\/ajedrezeuropa\/index.php\/2013\/04\/25\/8-ajedrecistas-de-nuestras-escuelas-en-el-campeonato-regional-del-deporte-en-edad-escolar\/"},"modified":"2025-11-20T10:48:56","modified_gmt":"2025-11-20T10:48:56","slug":"8-ajedrecistas-de-nuestras-escuelas-en-el-campeonato-regional-del-deporte-en-edad-escolar","status":"publish","type":"post","link":"https:\/\/www.bfv.cloud\/ajedrezeuropa\/8-ajedrecistas-de-nuestras-escuelas-en-el-campeonato-regional-del-deporte-en-edad-escolar\/","title":{"rendered":"8 AJEDRECISTAS DE NUESTRAS ESCUELAS EN EL CAMPEONATO REGIONAL DEL DEPORTE EN EDAD ESCOLAR"},"content":{"rendered":"<div class=\"separator\" style=\"clear: both;text-align: center\">\n<a href=\"https:\/\/www.bfv.cloud\/ajedrezeuropa\/wp-content\/uploads\/2013\/04\/000-BANNER.jpg\" style=\"margin-left: 1em;margin-right: 1em\"><img decoding=\"async\" border=\"0\" height=\"96\" src=\"https:\/\/blogger.googleusercontent.com\/img\/b\/R29vZ2xl\/AVvXsEi46kjyvo9Whixm_a9MFSiYkFOVIVonwSTatC8Kylga7cbKqfNq_m4Ym30gtX6xVyscm8hzYMJESmyX2sHj_JhTqg8Wh5g8wG6TPKWJsBZDqa2S4GAkQ5Nn2RNk1EY_-wY0_Rt06HGTwQY\/s400\/000-BANNER.jpg\" width=\"400\" \/><\/a><\/div>\n<p><b style=\"font-family: 'Trebuchet MS', sans-serif\">El<br \/>\njueves 30 de mayo comenzar\u00e1 en el municipio toledano de Sese\u00f1a la fase regional<br \/>\ndel Deporte en Edad Escolar, que se extender\u00e1 durante los d\u00edas 31 de mayo y 1<br \/>\nde junio, para finalizar el domingo 2 de junio al mediod\u00eda. La principal<br \/>\nnovedad que presenta este campeonato es bastante negativa para los<br \/>\nparticipantes de la categor\u00eda cadete (chicas y chicos de 14 a 16 a\u00f1os de edad),<br \/>\npues el CSD no contempla la celebraci\u00f3n de la final nacional por selecciones<br \/>\nauton\u00f3micas que durante d\u00e9cadas se hab\u00eda venido realizando. De esta forma, s\u00f3lo<br \/>\nla categor\u00eda infantil, con jugadores de entre 11 y 14 a\u00f1os, tendr\u00e1n la<br \/>\nposibilidad de clasificar a los 3 primeros chicos y las 3 primeras chicas para<br \/>\nel Campeonato de Espa\u00f1a.<\/b><\/p>\n<div class=\"MsoNormal\" style=\"text-align: justify\">\n<span style=\"font-family: Trebuchet MS, sans-serif\"><b>&nbsp;&nbsp;&nbsp;&nbsp;&nbsp;&nbsp;&nbsp;&nbsp;&nbsp;&nbsp;&nbsp; Para<br \/>\n\u201cNuestro Ajedrez en Europa\u201d este ser\u00e1 el Escolar con mayor n\u00famero de<br \/>\nparticipantes de cuantos se han disputado hasta ahora. Un total de 8<br \/>\najedrecistas de las escuelas de Alc\u00e1zar y Villafranca acudir\u00e1n a este regional<br \/>\ndistribuidos por las 4 categor\u00edas de juego de la siguiente manera:<\/b><\/span><\/p>\n<div style=\"text-align: center\">\n<span style=\"font-family: Trebuchet MS, sans-serif\"><b><u>CAMPEONATO DEL DEPORTE EN EDAD ESCOLAR<\/u><\/b><\/span><\/div>\n<div style=\"text-align: center\">\n<span style=\"font-family: Trebuchet MS, sans-serif\"><b><u>FINAL REGIONAL<\/u><\/b><\/span><\/div>\n<div style=\"text-align: center\">\n<span style=\"font-family: Trebuchet MS, sans-serif\"><b><u>Cadete masculino<\/u><\/b><\/span><\/div>\n<\/div>\n<div class=\"MsoBodyText2\" style=\"margin-left: 36.0pt;text-indent: -18.0pt\">\n<!--[if !supportLists]--><span style=\"color: #38761d;font-family: Trebuchet MS, sans-serif\"><b>&#8211;<span style=\"font-size: 7pt\">&nbsp;&nbsp;&nbsp;&nbsp;&nbsp;&nbsp;&nbsp;&nbsp;&nbsp;<br \/>\n<\/span><!--[endif]-->Isaac<br \/>\nLozano Osorio (campe\u00f3n de Toledo)<\/b><\/span><\/div>\n<div class=\"MsoBodyText2\" style=\"margin-left: 36.0pt;text-indent: -18.0pt\">\n<!--[if !supportLists]--><span style=\"color: #38761d;font-family: Trebuchet MS, sans-serif\"><b>&#8211;<span style=\"font-size: 7pt\">&nbsp;&nbsp;&nbsp;&nbsp;&nbsp;&nbsp;&nbsp;&nbsp;&nbsp;<br \/>\n<\/span><!--[endif]-->Cosimo<br \/>\nLeonardo de Giorgi Benavent (campe\u00f3n de Ciudad Real)<\/b><\/span><\/p>\n<div style=\"text-align: left\">\n<span style=\"font-family: 'Times New Roman', serif;text-align: center\">&nbsp; &nbsp; &nbsp; &nbsp; &nbsp; &nbsp; &nbsp; &nbsp; &nbsp; &nbsp; &nbsp; &nbsp; &nbsp; &nbsp; &nbsp; &nbsp; &nbsp; &nbsp; &nbsp; &nbsp; &nbsp; &nbsp; &nbsp; &nbsp; &nbsp; &nbsp; &nbsp; &nbsp; &nbsp; &nbsp; &nbsp; &nbsp; &nbsp;<\/span><span style=\"text-align: center\"><span style=\"font-family: Trebuchet MS, sans-serif\"><b><u>Cadete femenino<\/u><\/b><\/span><\/span><\/div>\n<\/div>\n<div class=\"MsoBodyText2\" style=\"margin-left: 36.0pt;text-indent: -18.0pt\">\n<!--[if !supportLists]--><span style=\"color: #38761d;font-family: Trebuchet MS, sans-serif\"><b>&#8211;<span style=\"font-size: 7pt\">&nbsp;&nbsp;&nbsp;&nbsp;&nbsp;&nbsp;&nbsp;&nbsp;&nbsp;<br \/>\n<\/span><!--[endif]-->Silvia<br \/>\nToribio Camu\u00f1as (subcampeona de Toledo)<\/b><\/span><\/div>\n<div class=\"MsoBodyText2\" style=\"margin-left: 36.0pt;text-indent: -18.0pt\">\n<!--[if !supportLists]--><span style=\"color: #38761d;font-family: Trebuchet MS, sans-serif\"><b>&#8211;<span style=\"font-size: 7pt\">&nbsp;&nbsp;&nbsp;&nbsp;&nbsp;&nbsp;&nbsp;&nbsp;&nbsp;<br \/>\n<\/span><!--[endif]-->M\u00aa<br \/>\nIsabel Marcos-Alberca Lizcano<\/b><\/span><br \/>\n<b style=\"font-family: 'Trebuchet MS', sans-serif;text-align: center;text-indent: 17.4pt\"><span style=\"color: #38761d\"><br \/><\/span><\/b><br \/>\n<b style=\"font-family: 'Trebuchet MS', sans-serif;text-align: center;text-indent: 17.4pt\"><span style=\"color: #38761d\">&nbsp; &nbsp; &nbsp; &nbsp; &nbsp; &nbsp; &nbsp; &nbsp; &nbsp; &nbsp; &nbsp; &nbsp; &nbsp; &nbsp; &nbsp; &nbsp; &nbsp; &nbsp; &nbsp; &nbsp; &nbsp; &nbsp; &nbsp; &nbsp; &nbsp; &nbsp;&nbsp;<\/span><u>Infantil masculino<\/u><\/b><\/div>\n<div class=\"MsoBodyText2\" style=\"margin-left: 18.0pt\">\n<span style=\"color: #38761d;font-family: Trebuchet MS, sans-serif\"><b>&#8211; &nbsp; &nbsp; &nbsp;Javier Valdepe\u00f1as Octavio (subcampe\u00f3n de Ciudad Real)<\/b><\/span><span style=\"font-family: 'Times New Roman', serif\">&nbsp;<\/span><\/p>\n<div style=\"text-align: start\">\n<span style=\"text-align: center\"><span style=\"font-family: Times New Roman, serif\">&nbsp; &nbsp; &nbsp; &nbsp; &nbsp; &nbsp; &nbsp; &nbsp; &nbsp; &nbsp; &nbsp; &nbsp; &nbsp; &nbsp; &nbsp; &nbsp; &nbsp; &nbsp; &nbsp; &nbsp; &nbsp; &nbsp; &nbsp; &nbsp; &nbsp; &nbsp; &nbsp; &nbsp; &nbsp; &nbsp;&nbsp;<\/span><u style=\"font-family: 'Trebuchet MS', sans-serif;font-weight: bold\">Infantil femenino<\/u><\/span><\/div>\n<\/div>\n<div class=\"MsoBodyText2\">\n<span style=\"color: #38761d;font-family: Trebuchet MS, sans-serif\"><b>&nbsp; &nbsp; &nbsp;&#8211; &nbsp; &nbsp; &nbsp;Irene Sim\u00f3n Escalona (campeona de Toledo)<\/b><\/span><\/div>\n<div class=\"MsoBodyText2\">\n<span style=\"color: #38761d;font-family: Trebuchet MS, sans-serif\"><b>&nbsp; &nbsp; &nbsp;&#8211; &nbsp; &nbsp; &nbsp;Alba P\u00edriz Fern\u00e1ndez (subcampeona de Toledo)<\/b><\/span><\/div>\n<div class=\"MsoBodyText2\">\n<span style=\"color: #38761d;font-family: Trebuchet MS, sans-serif\"><b>&nbsp; &nbsp; &nbsp;&#8211; &nbsp; &nbsp; &nbsp;Marta Espinosa Gil (3\u00aa clasificada de Ciudad Real)<\/b><\/span><span style=\"font-family: Times New Roman, serif\"><\/span><\/div>\n","protected":false},"excerpt":{"rendered":"<p>El jueves 30 de mayo comenzar\u00e1 en el municipio toledano de Sese\u00f1a la fase regional del Deporte en Edad Escolar, que se extender\u00e1 durante los d\u00edas 31 de mayo y 1 de junio, para finalizar el domingo 2 de junio al mediod\u00eda. La principal novedad que presenta este campeonato es bastante negativa para los participantes [&hellip;]<\/p>\n","protected":false},"author":1,"featured_media":2589,"comment_status":"open","ping_status":"closed","sticky":false,"template":"","format":"standard","meta":{"footnotes":""},"categories":[1],"tags":[],"class_list":["post-2588","post","type-post","status-publish","format-standard","has-post-thumbnail","hentry","category-noticias"],"_links":{"self":[{"href":"https:\/\/www.bfv.cloud\/ajedrezeuropa\/wp-json\/wp\/v2\/posts\/2588","targetHints":{"allow":["GET"]}}],"collection":[{"href":"https:\/\/www.bfv.cloud\/ajedrezeuropa\/wp-json\/wp\/v2\/posts"}],"about":[{"href":"https:\/\/www.bfv.cloud\/ajedrezeuropa\/wp-json\/wp\/v2\/types\/post"}],"author":[{"embeddable":true,"href":"https:\/\/www.bfv.cloud\/ajedrezeuropa\/wp-json\/wp\/v2\/users\/1"}],"replies":[{"embeddable":true,"href":"https:\/\/www.bfv.cloud\/ajedrezeuropa\/wp-json\/wp\/v2\/comments?post=2588"}],"version-history":[{"count":1,"href":"https:\/\/www.bfv.cloud\/ajedrezeuropa\/wp-json\/wp\/v2\/posts\/2588\/revisions"}],"predecessor-version":[{"id":2590,"href":"https:\/\/www.bfv.cloud\/ajedrezeuropa\/wp-json\/wp\/v2\/posts\/2588\/revisions\/2590"}],"wp:featuredmedia":[{"embeddable":true,"href":"https:\/\/www.bfv.cloud\/ajedrezeuropa\/wp-json\/wp\/v2\/media\/2589"}],"wp:attachment":[{"href":"https:\/\/www.bfv.cloud\/ajedrezeuropa\/wp-json\/wp\/v2\/media?parent=2588"}],"wp:term":[{"taxonomy":"category","embeddable":true,"href":"https:\/\/www.bfv.cloud\/ajedrezeuropa\/wp-json\/wp\/v2\/categories?post=2588"},{"taxonomy":"post_tag","embeddable":true,"href":"https:\/\/www.bfv.cloud\/ajedrezeuropa\/wp-json\/wp\/v2\/tags?post=2588"}],"curies":[{"name":"wp","href":"https:\/\/api.w.org\/{rel}","templated":true}]}}