{"id":2591,"date":"2015-08-15T18:30:00","date_gmt":"2015-08-15T18:30:00","guid":{"rendered":"https:\/\/www.bfv.cloud\/ajedrezeuropa\/index.php\/2015\/08\/15\/finaliza-el-x-torneo-de-promocion-de-almansa\/"},"modified":"2025-11-20T10:48:58","modified_gmt":"2025-11-20T10:48:58","slug":"finaliza-el-x-torneo-de-promocion-de-almansa","status":"publish","type":"post","link":"https:\/\/www.bfv.cloud\/ajedrezeuropa\/finaliza-el-x-torneo-de-promocion-de-almansa\/","title":{"rendered":"FINALIZA EL X TORNEO DE PROMOCI\u00d3N DE ALMANSA"},"content":{"rendered":"<table cellpadding=\"0\" cellspacing=\"0\" class=\"tr-caption-container\" style=\"float: right;margin-left: 1em;text-align: right\">\n<tbody>\n<tr>\n<td style=\"text-align: center\"><a href=\"https:\/\/www.bfv.cloud\/ajedrezeuropa\/wp-content\/uploads\/2015\/08\/IMG-20150814-WA000.jpg\" style=\"clear: right;margin-bottom: 1em;margin-left: auto;margin-right: auto\"><img fetchpriority=\"high\" decoding=\"async\" border=\"0\" height=\"287\" src=\"https:\/\/blogger.googleusercontent.com\/img\/b\/R29vZ2xl\/AVvXsEhYxK8tZhDHR-mAFpGG2W-JS6waRabf-5xWSEPqfRdVriS7hLbgoTe3uwzOJhP1dG4RTQqOTi47qFC6J01vsmXylbYiPG2C5Mk9HkIYqv4NlvGv58b_a0mFlwQBzEEQESCYIiAUxf3d9kA\/s400\/IMG-20150814-WA000.jpg\" width=\"400\" \/><\/a><\/td>\n<\/tr>\n<tr>\n<td class=\"tr-caption\" style=\"text-align: center\">Alfredo Amador recoge su trofeo como 2\u00ba clasificado sub-12<\/td>\n<\/tr>\n<\/tbody>\n<\/table>\n<p>&nbsp;<span style=\"font-family: Trebuchet MS, sans-serif\">Ayer al mediod\u00eda finalizaba en Almansa la 10\u00aa edici\u00f3n de su torneo de Promoci\u00f3n, donde han participado 5 jugadores de los equipos de <b>NUESTRO AJEDREZ EN EUROPA<\/b>. En el torneo S-2300, destinado a ajedrecistas con un elo FIDE superior a 2000 e inferior a 2300, han sido <b>Carlos \u00c1lvarez Serrano<\/b> e<b> Isaac Lozano Osorio<\/b> los que han disputado las 9 rondas, sumando 5, 5 puntos y 3 respectivamente. En el caso de Carlos mejora en 10 puntos su ranking inicial y en 7 su valoraci\u00f3n internacional, mientras que Isaac tuvo un final de Torneo con malos resultados que le han situado en el mismo puesto de partida aunque perdiendo algunos puntos en la calificaci\u00f3n FIDE. &nbsp;<\/span><\/p>\n<table cellpadding=\"0\" cellspacing=\"0\" class=\"tr-caption-container\" style=\"float: right;margin-left: 1em;text-align: right\">\n<tbody>\n<tr>\n<td style=\"text-align: center\"><a href=\"https:\/\/www.bfv.cloud\/ajedrezeuropa\/wp-content\/uploads\/2015\/08\/IMG-20150814-WA0000.jpg\" style=\"clear: right;margin-bottom: 1em;margin-left: auto;margin-right: auto\"><img decoding=\"async\" border=\"0\" height=\"285\" src=\"https:\/\/blogger.googleusercontent.com\/img\/b\/R29vZ2xl\/AVvXsEilj4NcvLt7ZHvL9bTZhq0zrBNU-dR_gv2X8dP3qxGuPNCG5HfTnYE1nW5QA8Os0_vXFc-BogZO76LvxubE-IcVk4hLp1pZ2rgjYimEpV9elwpIaaYa8SR6n5GzAMPHQ3j3s3nh25zDSzw\/s400\/IMG-20150814-WA0000.jpg\" width=\"400\" \/><\/a><\/td>\n<\/tr>\n<tr>\n<td class=\"tr-caption\" style=\"text-align: center\">Alfredo junto a Javier, ambos compa\u00f1eros dentro del equipo<br \/>sub-16 de Nuestro Ajedrez en Europa<\/td>\n<\/tr>\n<\/tbody>\n<\/table>\n<h4>\n<span style=\"font-family: Trebuchet MS, sans-serif\"><b><u>En el Torneo sub-2000 ha destacado la actuaci\u00f3n de Alfredo Amador<\/u><\/b><\/span><\/h4>\n<p><span style=\"font-family: Trebuchet MS, sans-serif\">Ha sido el Torneo dedicado a los jugadores con menos de 2000 puntos de FIDE el que ha ofrecido un mejor resultado para nuestros 3 participantes. <b>Sergio Valencia de Loma<\/b>, en su reencuentro con el tablero, lleg\u00f3 con 3 puntos antes de la sexta ronda y no pudo vencer en ninguno de sus encuentros posteriores. Otro de nuestros j\u00f3venes valores, <b>Javier Valdepe\u00f1as Octavio<\/b>, que ven\u00eda de disputar el Campeonato de Espa\u00f1a sub-16 y de participar en nuestro campus, sumaba 4,5 puntos y mejoraba en 57 puntos su ELO internacional. Sin embargo, ha sido el m\u00e1s peque\u00f1o de todos el que ha conseguido una mejor evoluci\u00f3n tras el trabajo intensivo que est\u00e1 teniendo este verano. De esta forma, <b>Alfredo Amador And\u00fajar<\/b>, totalizaba 4 puntos tras enfrentarse en 8 de las rondas con rivales que le aventajaban considerablemente en experiencia y valoraci\u00f3n.&nbsp;<\/span><br \/>\n<span style=\"color: #660000;font-family: Trebuchet MS, sans-serif\"><b>A partir del 29 de agosto arrancar\u00e1 una parte muy importante de la temporada, teniendo en el terreno deportivo a las competiciones por equipos como principal aliciente para todos nuestros jugadores.<\/b><\/span><\/p>\n","protected":false},"excerpt":{"rendered":"<p>Alfredo Amador recoge su trofeo como 2\u00ba clasificado sub-12 &nbsp;Ayer al mediod\u00eda finalizaba en Almansa la 10\u00aa edici\u00f3n de su torneo de Promoci\u00f3n, donde han participado 5 jugadores de los equipos de NUESTRO AJEDREZ EN EUROPA. En el torneo S-2300, destinado a ajedrecistas con un elo FIDE superior a 2000 e inferior a 2300, han [&hellip;]<\/p>\n","protected":false},"author":1,"featured_media":2592,"comment_status":"open","ping_status":"closed","sticky":false,"template":"","format":"standard","meta":{"footnotes":""},"categories":[1],"tags":[],"class_list":["post-2591","post","type-post","status-publish","format-standard","has-post-thumbnail","hentry","category-noticias"],"_links":{"self":[{"href":"https:\/\/www.bfv.cloud\/ajedrezeuropa\/wp-json\/wp\/v2\/posts\/2591","targetHints":{"allow":["GET"]}}],"collection":[{"href":"https:\/\/www.bfv.cloud\/ajedrezeuropa\/wp-json\/wp\/v2\/posts"}],"about":[{"href":"https:\/\/www.bfv.cloud\/ajedrezeuropa\/wp-json\/wp\/v2\/types\/post"}],"author":[{"embeddable":true,"href":"https:\/\/www.bfv.cloud\/ajedrezeuropa\/wp-json\/wp\/v2\/users\/1"}],"replies":[{"embeddable":true,"href":"https:\/\/www.bfv.cloud\/ajedrezeuropa\/wp-json\/wp\/v2\/comments?post=2591"}],"version-history":[{"count":1,"href":"https:\/\/www.bfv.cloud\/ajedrezeuropa\/wp-json\/wp\/v2\/posts\/2591\/revisions"}],"predecessor-version":[{"id":2594,"href":"https:\/\/www.bfv.cloud\/ajedrezeuropa\/wp-json\/wp\/v2\/posts\/2591\/revisions\/2594"}],"wp:featuredmedia":[{"embeddable":true,"href":"https:\/\/www.bfv.cloud\/ajedrezeuropa\/wp-json\/wp\/v2\/media\/2592"}],"wp:attachment":[{"href":"https:\/\/www.bfv.cloud\/ajedrezeuropa\/wp-json\/wp\/v2\/media?parent=2591"}],"wp:term":[{"taxonomy":"category","embeddable":true,"href":"https:\/\/www.bfv.cloud\/ajedrezeuropa\/wp-json\/wp\/v2\/categories?post=2591"},{"taxonomy":"post_tag","embeddable":true,"href":"https:\/\/www.bfv.cloud\/ajedrezeuropa\/wp-json\/wp\/v2\/tags?post=2591"}],"curies":[{"name":"wp","href":"https:\/\/api.w.org\/{rel}","templated":true}]}}