{"id":2595,"date":"2010-02-08T17:18:00","date_gmt":"2010-02-08T17:18:00","guid":{"rendered":"https:\/\/www.bfv.cloud\/ajedrezeuropa\/index.php\/2010\/02\/08\/2595\/"},"modified":"2025-11-20T10:48:59","modified_gmt":"2025-11-20T10:48:59","slug":"2595","status":"publish","type":"post","link":"https:\/\/www.bfv.cloud\/ajedrezeuropa\/2595\/","title":{"rendered":""},"content":{"rendered":"<div class=\"separator\" style=\"clear: both;text-align: center\"><a href=\"https:\/\/blogger.googleusercontent.com\/img\/b\/R29vZ2xl\/AVvXsEggLofQt9QdtRQDhH6JOQetec-wA0lhYzG9-UnXnw7PPybE-gBLHJgt0siAdUg3S-ezC1KCnbaHpIyaDllpS_D_nfsxGWZmCBbwPUusacSYos-1eDNL3KWE7o6pl401Nz6TkPnmj2zj4Ow\/s1600-h\/MANUEL+Y+ANTONIO+CAMP+EDAD+ESCOLAR.jpg\" style=\"clear: left;float: left;margin-bottom: 1em;margin-right: 1em\"><img fetchpriority=\"high\" decoding=\"async\" border=\"0\" height=\"300\" src=\"https:\/\/blogger.googleusercontent.com\/img\/b\/R29vZ2xl\/AVvXsEggLofQt9QdtRQDhH6JOQetec-wA0lhYzG9-UnXnw7PPybE-gBLHJgt0siAdUg3S-ezC1KCnbaHpIyaDllpS_D_nfsxGWZmCBbwPUusacSYos-1eDNL3KWE7o6pl401Nz6TkPnmj2zj4Ow\/s400\/MANUEL+Y+ANTONIO+CAMP+EDAD+ESCOLAR.jpg\" width=\"400\" \/><\/a><\/div>\n<div style=\"text-align: left\">Tambi\u00e9n tuvieron una notable actuaci\u00f3n, Manuel Lorenzo Marcos-Alberca&nbsp;, que con 4,5 puntos obtuvo la 5\u00aa plaza y Antonio Sanchez-Beato, 6\u00ba clasificado con 4 puntos. La relaci\u00f3n de jugadores se complet\u00f3 con Anibal Pedraza que obtuvo el 100% de los puntos que disput\u00f3, 3 de 3, no pudiendo acudir a las dos primeras jornadas por estar enfermo. Por lo que respecta a la categor\u00eda infantil, el equipo obtuvo una muy trabajada 4\u00aa posici\u00f3n. Hasta \u00faltima hora, C\u00f3simo de Giorgi, 6&nbsp;puntos de&nbsp;8 posibles estuvo a punto de clasificarse para la fase regional, aunque finalmente cedi\u00f3 medio punto, lo que le cost\u00f3&nbsp;la&nbsp;3\u00aa plaza qued\u00e1ndose en&nbsp;octavo lugar. Por su parte Javier Valdepe\u00f1as, de 10 a\u00f1os de edad logr\u00f3 5 puntos y la 19\u00aa plaza&nbsp;, en su primer a\u00f1o de participaci\u00f3n.<\/div>\n<div style=\"text-align: left\">El resto de chicos que han participado son:<\/div>\n<div style=\"text-align: justify\">\n<\/div>\n<div style=\"text-align: justify\">&#8211; <span style=\", Arial, Helvetica, sans-serif\">Fernando Marcos-Alberca Lizcano.<\/span><\/div>\n<div style=\"text-align: justify\"><span style=\", Arial, Helvetica, sans-serif\">&#8211; Samuel Ortiz S\u00e1nchez.<\/span><\/div>\n<div style=\"text-align: justify\"><span style=\", Arial, Helvetica, sans-serif\">&#8211; Mario Rubio Alberca.<\/span><\/div>\n<div style=\"text-align: justify\"><span style=\", Arial, Helvetica, sans-serif\">&#8211; <\/span><span style=\", Arial, Helvetica, sans-serif\">Ricardo L\u00f3pez Lleras<\/span>.<\/div>\n<div style=\"text-align: justify\">&nbsp;&nbsp; <\/div>\n<div style=\"text-align: justify\">&nbsp; Esta importante superaci\u00f3n de resultados, que temporada a temporada se viene produciendo, es una consecuencia m\u00e1s de la&nbsp;labor que desarrolla el proyecto \u00abNuestro Ajedrez en Europa\u00bb al que todos estos chicos pertenecen.<\/div>\n","protected":false},"excerpt":{"rendered":"<p>Tambi\u00e9n tuvieron una notable actuaci\u00f3n, Manuel Lorenzo Marcos-Alberca&nbsp;, que con 4,5 puntos obtuvo la 5\u00aa plaza y Antonio Sanchez-Beato, 6\u00ba clasificado con 4 puntos. La relaci\u00f3n de jugadores se complet\u00f3 con Anibal Pedraza que obtuvo el 100% de los puntos que disput\u00f3, 3 de 3, no pudiendo acudir a las dos primeras jornadas por estar [&hellip;]<\/p>\n","protected":false},"author":1,"featured_media":0,"comment_status":"open","ping_status":"closed","sticky":false,"template":"","format":"standard","meta":{"footnotes":""},"categories":[1],"tags":[],"class_list":["post-2595","post","type-post","status-publish","format-standard","hentry","category-noticias"],"_links":{"self":[{"href":"https:\/\/www.bfv.cloud\/ajedrezeuropa\/wp-json\/wp\/v2\/posts\/2595","targetHints":{"allow":["GET"]}}],"collection":[{"href":"https:\/\/www.bfv.cloud\/ajedrezeuropa\/wp-json\/wp\/v2\/posts"}],"about":[{"href":"https:\/\/www.bfv.cloud\/ajedrezeuropa\/wp-json\/wp\/v2\/types\/post"}],"author":[{"embeddable":true,"href":"https:\/\/www.bfv.cloud\/ajedrezeuropa\/wp-json\/wp\/v2\/users\/1"}],"replies":[{"embeddable":true,"href":"https:\/\/www.bfv.cloud\/ajedrezeuropa\/wp-json\/wp\/v2\/comments?post=2595"}],"version-history":[{"count":1,"href":"https:\/\/www.bfv.cloud\/ajedrezeuropa\/wp-json\/wp\/v2\/posts\/2595\/revisions"}],"predecessor-version":[{"id":2596,"href":"https:\/\/www.bfv.cloud\/ajedrezeuropa\/wp-json\/wp\/v2\/posts\/2595\/revisions\/2596"}],"wp:attachment":[{"href":"https:\/\/www.bfv.cloud\/ajedrezeuropa\/wp-json\/wp\/v2\/media?parent=2595"}],"wp:term":[{"taxonomy":"category","embeddable":true,"href":"https:\/\/www.bfv.cloud\/ajedrezeuropa\/wp-json\/wp\/v2\/categories?post=2595"},{"taxonomy":"post_tag","embeddable":true,"href":"https:\/\/www.bfv.cloud\/ajedrezeuropa\/wp-json\/wp\/v2\/tags?post=2595"}],"curies":[{"name":"wp","href":"https:\/\/api.w.org\/{rel}","templated":true}]}}