{"id":2597,"date":"2020-01-13T10:35:00","date_gmt":"2020-01-13T10:35:00","guid":{"rendered":"https:\/\/www.bfv.cloud\/ajedrezeuropa\/index.php\/2020\/01\/13\/calendario-provisional-de-competiciones-toledo-y-ciudad-real\/"},"modified":"2025-11-20T10:49:00","modified_gmt":"2025-11-20T10:49:00","slug":"calendario-provisional-de-competiciones-toledo-y-ciudad-real","status":"publish","type":"post","link":"https:\/\/www.bfv.cloud\/ajedrezeuropa\/calendario-provisional-de-competiciones-toledo-y-ciudad-real\/","title":{"rendered":"CALENDARIO PROVISIONAL DE COMPETICIONES TOLEDO Y CIUDAD REAL"},"content":{"rendered":"<div class=\"separator\" style=\"clear: both;text-align: center\">\n<a href=\"https:\/\/www.bfv.cloud\/ajedrezeuropa\/wp-content\/uploads\/2020\/01\/CALENDARIODEPORTIVONUESTROAJEDREZENEUROPA.jpg\" style=\"margin-left: 1em;margin-right: 1em\"><img fetchpriority=\"high\" decoding=\"async\" border=\"0\" data-original-height=\"724\" data-original-width=\"1416\" height=\"326\" src=\"https:\/\/blogger.googleusercontent.com\/img\/b\/R29vZ2xl\/AVvXsEjCc42JnG7V16jAcdWIOvmZnAQfrFV0AmMZJFdHVGwHAlPMERA0a0VHskbuihBefrpkps1szvvq0l_AO8NYWxcldBwzMMJ1POB5IrRhO7v2qgFJzochNnuuUNeZejGitXKXL1MJSlpl4gM\/s640\/CALENDARIO+DEPORTIVO+NUESTRO+AJEDREZ+EN+EUROPA.jpg\" width=\"640\" \/><\/a><\/div>\n<p><span style=\"font-family: Times, Times New Roman, serif;font-size: large\"><b>Publicamos el calendario provisional de competiciones enero\/marzo 2020 para las provincias de Ciudad Real y Toledo.<\/b><\/span><br \/>\n<span style=\"font-family: Times, Times New Roman, serif;font-size: large\"><b>En enero y febrero figuran las fechas definitivas de las fases provinciales del Deporte en Edad Escolar en las dos provincias &#8211; en azul claro Ciudad Real y en amarillo Toledo- (recordad que en Toledo es simult\u00e1neo el Escolar y el Campeonato Provincial por Edades).<\/b><\/span><br \/>\n<span style=\"font-family: Times, Times New Roman, serif;font-size: large\"><b>En el mes de marzo se han marcado las fechas del Campeonato Provincial por Edades de Ciudad Real.<\/b><\/span><br \/>\n<span style=\"font-family: Times, Times New Roman, serif;font-size: large\"><b>La FACLM facilitar\u00e1 m\u00e1s informaci\u00f3n de los campeonatos oficiales de 2020 y de los costes\/plazos de las licencias federativas una vez celebrada la asamblea regional.<\/b><\/span><br \/>\n<span style=\"font-family: Times, Times New Roman, serif;font-size: large\"><b><br \/><\/b><\/span><\/p>\n","protected":false},"excerpt":{"rendered":"<p>Publicamos el calendario provisional de competiciones enero\/marzo 2020 para las provincias de Ciudad Real y Toledo. En enero y febrero figuran las fechas definitivas de las fases provinciales del Deporte en Edad Escolar en las dos provincias &#8211; en azul claro Ciudad Real y en amarillo Toledo- (recordad que en Toledo es simult\u00e1neo el Escolar [&hellip;]<\/p>\n","protected":false},"author":1,"featured_media":2598,"comment_status":"open","ping_status":"closed","sticky":false,"template":"","format":"standard","meta":{"footnotes":""},"categories":[1],"tags":[],"class_list":["post-2597","post","type-post","status-publish","format-standard","has-post-thumbnail","hentry","category-noticias"],"_links":{"self":[{"href":"https:\/\/www.bfv.cloud\/ajedrezeuropa\/wp-json\/wp\/v2\/posts\/2597","targetHints":{"allow":["GET"]}}],"collection":[{"href":"https:\/\/www.bfv.cloud\/ajedrezeuropa\/wp-json\/wp\/v2\/posts"}],"about":[{"href":"https:\/\/www.bfv.cloud\/ajedrezeuropa\/wp-json\/wp\/v2\/types\/post"}],"author":[{"embeddable":true,"href":"https:\/\/www.bfv.cloud\/ajedrezeuropa\/wp-json\/wp\/v2\/users\/1"}],"replies":[{"embeddable":true,"href":"https:\/\/www.bfv.cloud\/ajedrezeuropa\/wp-json\/wp\/v2\/comments?post=2597"}],"version-history":[{"count":1,"href":"https:\/\/www.bfv.cloud\/ajedrezeuropa\/wp-json\/wp\/v2\/posts\/2597\/revisions"}],"predecessor-version":[{"id":2599,"href":"https:\/\/www.bfv.cloud\/ajedrezeuropa\/wp-json\/wp\/v2\/posts\/2597\/revisions\/2599"}],"wp:featuredmedia":[{"embeddable":true,"href":"https:\/\/www.bfv.cloud\/ajedrezeuropa\/wp-json\/wp\/v2\/media\/2598"}],"wp:attachment":[{"href":"https:\/\/www.bfv.cloud\/ajedrezeuropa\/wp-json\/wp\/v2\/media?parent=2597"}],"wp:term":[{"taxonomy":"category","embeddable":true,"href":"https:\/\/www.bfv.cloud\/ajedrezeuropa\/wp-json\/wp\/v2\/categories?post=2597"},{"taxonomy":"post_tag","embeddable":true,"href":"https:\/\/www.bfv.cloud\/ajedrezeuropa\/wp-json\/wp\/v2\/tags?post=2597"}],"curies":[{"name":"wp","href":"https:\/\/api.w.org\/{rel}","templated":true}]}}