{"id":2603,"date":"2017-08-09T09:54:00","date_gmt":"2017-08-09T09:54:00","guid":{"rendered":"https:\/\/www.bfv.cloud\/ajedrezeuropa\/index.php\/2017\/08\/09\/comienzan-los-torneos-de-verano-con-la-puebla-de-almoradiel\/"},"modified":"2025-11-20T10:49:04","modified_gmt":"2025-11-20T10:49:04","slug":"comienzan-los-torneos-de-verano-con-la-puebla-de-almoradiel","status":"publish","type":"post","link":"https:\/\/www.bfv.cloud\/ajedrezeuropa\/comienzan-los-torneos-de-verano-con-la-puebla-de-almoradiel\/","title":{"rendered":"COMIENZAN LOS TORNEOS DE VERANO CON LA PUEBLA DE ALMORADIEL"},"content":{"rendered":"<div class=\"separator\" style=\"clear: both;text-align: center\">\n<a href=\"https:\/\/www.bfv.cloud\/ajedrezeuropa\/wp-content\/uploads\/2017\/08\/IMG-20170726-WA004.jpg\" style=\"clear: right;float: right;margin-bottom: 1em;margin-left: 1em\"><img fetchpriority=\"high\" decoding=\"async\" border=\"0\" data-original-height=\"1334\" data-original-width=\"944\" height=\"640\" src=\"https:\/\/blogger.googleusercontent.com\/img\/b\/R29vZ2xl\/AVvXsEgr4ydVb_OOtkuygNsC2iRokzBZyeXjsDsIaYZXipUNW7i89Pcf1lJ9Ojf42ZMJfLpkbAD6zn9rJNYWPLAvqwrJnoNKCtRyxxvkWDQAbSyCw0tEANMr0HrV5U2QowX3waoSVF5WlD9fMHI\/s640\/IMG-20170726-WA004.jpg\" width=\"452\" \/><\/a><\/div>\n<p><span style=\"font-family: Georgia, Times New Roman, serif;font-size: large\">A partir de mediados de agosto comienzan los torneos de verano en los que colaboramos dentro de su organizaci\u00f3n.&nbsp;<\/span><br \/>\n<span style=\"font-family: Georgia, Times New Roman, serif;font-size: large\">El primero ser\u00e1 el promovido por el ayuntamiento y la escuela de ajedrez de La Puebla de Almoradiel (Toledo), que se celebrar\u00e1 el domingo 20 de agosto. La inscripci\u00f3n es gratuita y se puede realizar por cualquiera de los medios descritos en el cartel. Hay trofeos para los 2 primeros clasificados en las categor\u00edas absoluta y sub-12, acompa\u00f1ados de los campeones locales de cada una de ellas.<\/span><br \/>\n<span style=\"font-family: Georgia, Times New Roman, serif;font-size: large\">\u00a1\u00a1Os esperamos!!<\/span><\/p>\n","protected":false},"excerpt":{"rendered":"<p>A partir de mediados de agosto comienzan los torneos de verano en los que colaboramos dentro de su organizaci\u00f3n.&nbsp; El primero ser\u00e1 el promovido por el ayuntamiento y la escuela de ajedrez de La Puebla de Almoradiel (Toledo), que se celebrar\u00e1 el domingo 20 de agosto. La inscripci\u00f3n es gratuita y se puede realizar por [&hellip;]<\/p>\n","protected":false},"author":1,"featured_media":2604,"comment_status":"open","ping_status":"closed","sticky":false,"template":"","format":"standard","meta":{"footnotes":""},"categories":[1],"tags":[],"class_list":["post-2603","post","type-post","status-publish","format-standard","has-post-thumbnail","hentry","category-noticias"],"_links":{"self":[{"href":"https:\/\/www.bfv.cloud\/ajedrezeuropa\/wp-json\/wp\/v2\/posts\/2603","targetHints":{"allow":["GET"]}}],"collection":[{"href":"https:\/\/www.bfv.cloud\/ajedrezeuropa\/wp-json\/wp\/v2\/posts"}],"about":[{"href":"https:\/\/www.bfv.cloud\/ajedrezeuropa\/wp-json\/wp\/v2\/types\/post"}],"author":[{"embeddable":true,"href":"https:\/\/www.bfv.cloud\/ajedrezeuropa\/wp-json\/wp\/v2\/users\/1"}],"replies":[{"embeddable":true,"href":"https:\/\/www.bfv.cloud\/ajedrezeuropa\/wp-json\/wp\/v2\/comments?post=2603"}],"version-history":[{"count":1,"href":"https:\/\/www.bfv.cloud\/ajedrezeuropa\/wp-json\/wp\/v2\/posts\/2603\/revisions"}],"predecessor-version":[{"id":2605,"href":"https:\/\/www.bfv.cloud\/ajedrezeuropa\/wp-json\/wp\/v2\/posts\/2603\/revisions\/2605"}],"wp:featuredmedia":[{"embeddable":true,"href":"https:\/\/www.bfv.cloud\/ajedrezeuropa\/wp-json\/wp\/v2\/media\/2604"}],"wp:attachment":[{"href":"https:\/\/www.bfv.cloud\/ajedrezeuropa\/wp-json\/wp\/v2\/media?parent=2603"}],"wp:term":[{"taxonomy":"category","embeddable":true,"href":"https:\/\/www.bfv.cloud\/ajedrezeuropa\/wp-json\/wp\/v2\/categories?post=2603"},{"taxonomy":"post_tag","embeddable":true,"href":"https:\/\/www.bfv.cloud\/ajedrezeuropa\/wp-json\/wp\/v2\/tags?post=2603"}],"curies":[{"name":"wp","href":"https:\/\/api.w.org\/{rel}","templated":true}]}}