{"id":2606,"date":"2020-10-22T13:24:00","date_gmt":"2020-10-22T13:24:00","guid":{"rendered":"https:\/\/www.bfv.cloud\/ajedrezeuropa\/index.php\/2020\/10\/22\/la-escuela-de-ajedrez-de-villafranca-regresa-el-sabado-7-de-noviembre\/"},"modified":"2025-11-20T10:49:08","modified_gmt":"2025-11-20T10:49:08","slug":"la-escuela-de-ajedrez-de-villafranca-regresa-el-sabado-7-de-noviembre","status":"publish","type":"post","link":"https:\/\/www.bfv.cloud\/ajedrezeuropa\/la-escuela-de-ajedrez-de-villafranca-regresa-el-sabado-7-de-noviembre\/","title":{"rendered":"LA ESCUELA DE AJEDREZ DE VILLAFRANCA REGRESA EL S\u00c1BADO, 7 DE NOVIEMBRE"},"content":{"rendered":"<p>&nbsp;<\/p>\n<div class=\"separator\" style=\"clear: both;text-align: center\"><a href=\"https:\/\/www.bfv.cloud\/ajedrezeuropa\/wp-content\/uploads\/2020\/10\/COMIENZOCLASESVILLAFRANCA202021.jpg\" style=\"clear: left;float: left;margin-bottom: 1em;margin-right: 1em\"><img fetchpriority=\"high\" decoding=\"async\" border=\"0\" data-original-height=\"2048\" data-original-width=\"1447\" height=\"640\" src=\"https:\/\/blogger.googleusercontent.com\/img\/b\/R29vZ2xl\/AVvXsEjhheTzCT9a3wBiI6RiDz2Fx_36oO0Q1dugyjlG7EVDgoQ8E5rFPeWulwo9CMExZQofmxTrPKOmM6z5qMfvIHiz7XYfCFAhW6s4p4esf-TRGZbfaHP31UHPFttQ_8ylrCbVgRxhYqAlid8\/w450-h640\/COMIENZO+CLASES+VILLAFRANCA+2020+21.jpg\" width=\"450\" \/><\/a><\/div>\n<p><span style=\"font-family: helvetica;font-size: large\"><b>La Escuela de Ajedrez de Villafranca de los Caballeros retoma su actividad el s\u00e1bado, d\u00eda 7 de septiembre, en las aulas de la Casa de la Cultura. Ya est\u00e1 abierto el plazo de pre-inscripci\u00f3n a trav\u00e9s de la web del&nbsp;ayuntamiento de Villafranca&nbsp;que durar\u00e1 hasta el 13 de noviembre. En cumplimiento de las normativas sanitarias, los grupos estar\u00e1n limitados a 9 alumn@s y el acceso a la casa de la cultura se realizar\u00e1 solamente durante los 10 minutos anteriores al inicio de las clases. La temporada 2020\/21 arranca con la intenci\u00f3n de prolongarse hasta el 30 de junio de 2021. Para solicitar aclaraciones o mayor informaci\u00f3n dispon\u00e9is del correo electr\u00f3nico:&nbsp;<a href=\"mailto:felixtoribio@nuestroajedrezeneuropa.com\" target=\"_blank\">felixtoribio@nuestroajedrezeneuropa.com<\/a><\/b><\/span><\/p>\n<div><span style=\"font-family: helvetica;font-size: large\"><b>Publicamos a continuaci\u00f3n la informaci\u00f3n facilitada por la concejal\u00eda de deportes de Villafranca.<br \/><\/b><\/span><\/p>\n<p style=\"text-align: center\">\n<div class=\"separator\" style=\"clear: both;text-align: center\">\n<div class=\"separator\" style=\"clear: both;text-align: center\"><a href=\"https:\/\/www.bfv.cloud\/ajedrezeuropa\/wp-content\/uploads\/2020\/10\/CARTELESCUELAS2020.jpeg\" style=\"margin-left: 1em;margin-right: 1em\"><img decoding=\"async\" border=\"0\" data-original-height=\"1131\" data-original-width=\"1600\" height=\"450\" src=\"https:\/\/blogger.googleusercontent.com\/img\/b\/R29vZ2xl\/AVvXsEgHSEdUl8T4idVn3U3xqExPZFJVZp1mgXkY_bI7ZoXUdUbI1qJM2SHEjUQ-JysybpDseT6ZsHkG3qNmKcZhb7pXm8EtgGx4qB0k-pY-TbzcxNRo0TC-f4hp8XicgS_9wwLooa8jeUt5deQ\/w640-h450\/CARTEL+ESCUELAS+2020.jpeg\" width=\"640\" \/><\/a><\/div>\n<p><a href=\"https:\/\/www.bfv.cloud\/ajedrezeuropa\/wp-content\/uploads\/2020\/10\/CARTAESCUELAS.jpeg\" style=\"margin-left: 1em;margin-right: 1em\"><img decoding=\"async\" border=\"0\" data-original-height=\"1130\" data-original-width=\"1600\" height=\"450\" src=\"https:\/\/blogger.googleusercontent.com\/img\/b\/R29vZ2xl\/AVvXsEgXAqCgcneqZQC-6hDoFOVHPgWmTWhSnAYiF_U-ey9yfdpkM8xf1wzprRUqxmwaLkPeVtfz1r6s9XpTWNGbTBqs9b6Yivdwr7HIiqnb8TVok2XD4rvhtYuL13mphpvZtalEtlgB128WEMs\/w640-h450\/CARTA+ESCUELAS.jpeg\" width=\"640\" \/><\/a><\/div>\n<p><span style=\"font-family: helvetica;font-size: large\"><br \/><\/span><\/p>\n<\/div>\n","protected":false},"excerpt":{"rendered":"<p>&nbsp; La Escuela de Ajedrez de Villafranca de los Caballeros retoma su actividad el s\u00e1bado, d\u00eda 7 de septiembre, en las aulas de la Casa de la Cultura. Ya est\u00e1 abierto el plazo de pre-inscripci\u00f3n a trav\u00e9s de la web del&nbsp;ayuntamiento de Villafranca&nbsp;que durar\u00e1 hasta el 13 de noviembre. En cumplimiento de las normativas sanitarias, [&hellip;]<\/p>\n","protected":false},"author":1,"featured_media":2607,"comment_status":"open","ping_status":"closed","sticky":false,"template":"","format":"standard","meta":{"footnotes":""},"categories":[1],"tags":[],"class_list":["post-2606","post","type-post","status-publish","format-standard","has-post-thumbnail","hentry","category-noticias"],"_links":{"self":[{"href":"https:\/\/www.bfv.cloud\/ajedrezeuropa\/wp-json\/wp\/v2\/posts\/2606","targetHints":{"allow":["GET"]}}],"collection":[{"href":"https:\/\/www.bfv.cloud\/ajedrezeuropa\/wp-json\/wp\/v2\/posts"}],"about":[{"href":"https:\/\/www.bfv.cloud\/ajedrezeuropa\/wp-json\/wp\/v2\/types\/post"}],"author":[{"embeddable":true,"href":"https:\/\/www.bfv.cloud\/ajedrezeuropa\/wp-json\/wp\/v2\/users\/1"}],"replies":[{"embeddable":true,"href":"https:\/\/www.bfv.cloud\/ajedrezeuropa\/wp-json\/wp\/v2\/comments?post=2606"}],"version-history":[{"count":1,"href":"https:\/\/www.bfv.cloud\/ajedrezeuropa\/wp-json\/wp\/v2\/posts\/2606\/revisions"}],"predecessor-version":[{"id":2610,"href":"https:\/\/www.bfv.cloud\/ajedrezeuropa\/wp-json\/wp\/v2\/posts\/2606\/revisions\/2610"}],"wp:featuredmedia":[{"embeddable":true,"href":"https:\/\/www.bfv.cloud\/ajedrezeuropa\/wp-json\/wp\/v2\/media\/2607"}],"wp:attachment":[{"href":"https:\/\/www.bfv.cloud\/ajedrezeuropa\/wp-json\/wp\/v2\/media?parent=2606"}],"wp:term":[{"taxonomy":"category","embeddable":true,"href":"https:\/\/www.bfv.cloud\/ajedrezeuropa\/wp-json\/wp\/v2\/categories?post=2606"},{"taxonomy":"post_tag","embeddable":true,"href":"https:\/\/www.bfv.cloud\/ajedrezeuropa\/wp-json\/wp\/v2\/tags?post=2606"}],"curies":[{"name":"wp","href":"https:\/\/api.w.org\/{rel}","templated":true}]}}