{"id":2614,"date":"2013-09-03T21:57:00","date_gmt":"2013-09-03T21:57:00","guid":{"rendered":"https:\/\/www.bfv.cloud\/ajedrezeuropa\/index.php\/2013\/09\/03\/el-domingo-comienza-el-regional-por-equipos-sub-16\/"},"modified":"2025-11-20T10:49:11","modified_gmt":"2025-11-20T10:49:11","slug":"el-domingo-comienza-el-regional-por-equipos-sub-16","status":"publish","type":"post","link":"https:\/\/www.bfv.cloud\/ajedrezeuropa\/el-domingo-comienza-el-regional-por-equipos-sub-16\/","title":{"rendered":"EL DOMINGO COMIENZA EL REGIONAL POR EQUIPOS SUB-16"},"content":{"rendered":"<div class=\"separator\" style=\"clear: both;text-align: center\">\n<\/div>\n<table cellpadding=\"0\" cellspacing=\"0\" class=\"tr-caption-container\" style=\"float: left;margin-right: 1em;text-align: left\">\n<tbody>\n<tr>\n<td style=\"text-align: center\"><a href=\"https:\/\/www.bfv.cloud\/ajedrezeuropa\/wp-content\/uploads\/2013\/09\/ImagenCastilloSanServando2.jpg\" style=\"clear: left;margin-bottom: 1em;margin-left: auto;margin-right: auto\"><img fetchpriority=\"high\" decoding=\"async\" border=\"0\" src=\"https:\/\/www.bfv.cloud\/ajedrezeuropa\/wp-content\/uploads\/2013\/09\/ImagenCastilloSanServando2.jpg\" height=\"400\" width=\"300\" \/><\/a><\/td>\n<\/tr>\n<tr>\n<td class=\"tr-caption\" style=\"text-align: center\">Imagen del Castillo de San Servando en Toledo<\/td>\n<\/tr>\n<\/tbody>\n<\/table>\n<div class=\"MsoBodyText\">\n<b><span style=\"font-family: Trebuchet MS, sans-serif\">El albergue juvenil del Castillo de San Servando en Toledo<br \/>\nacoger\u00e1, a partir del pr\u00f3ximo domingo y hasta el mi\u00e9rcoles 11 de septiembre, la<br \/>\n4\u00aa edici\u00f3n del Campeonato de Castilla-La Mancha por Equipos Sub-16. Hoy mismo<br \/>\nexpira el plazo de inscripciones para los 7 clubes clasificados en sus<br \/>\nrespectivas competiciones provinciales y ma\u00f1ana se dar\u00e1n a conocer, de forma<br \/>\noficial, los participantes definitivos. Las formaciones con derecho a estar<br \/>\nrepresentadas son:&nbsp;<\/span><\/b><\/div>\n<div class=\"MsoNormal\" style=\"text-align: justify\">\n<span style=\"font-size: 14pt\"><span style=\"font-family: Verdana, sans-serif\">De <\/span><span style=\"font-family: Trebuchet MS, sans-serif\">Albacete:<br \/>\n<span style=\"color: blue\">Almansa y Parque Sur.<\/span><\/span><\/span><\/div>\n<div class=\"MsoNormal\" style=\"text-align: justify\">\n<span style=\"font-size: 14pt\"><span style=\"font-family: Trebuchet MS, sans-serif\">De Ciudad Real: <span style=\"color: blue\">Tomelloso y Los Molinos<br \/>\nde Valdepe\u00f1as.<\/span><\/span><\/span><\/div>\n<div class=\"MsoNormal\" style=\"text-align: justify\">\n<span style=\"font-size: 14pt\"><span style=\"font-family: Trebuchet MS, sans-serif\">De Cuenca: <span style=\"color: blue\">Cuenca 2016.<\/span><\/span><\/span><\/div>\n<div class=\"MsoNormal\" style=\"text-align: justify\">\n<span style=\"font-size: 14pt\"><span style=\"font-family: Trebuchet MS, sans-serif\">De Toledo: <span style=\"color: blue\">Bargas y&nbsp;<\/span><\/span><\/span><br \/>\n<span style=\"font-size: 14pt\"><span style=\"font-family: Trebuchet MS, sans-serif\"><span style=\"color: blue\">Nuestro Ajedrez en<br \/>\nEuropa.<\/span><\/span><\/span><\/div>\n<div class=\"MsoNormal\" style=\"text-align: justify\">\n<span style=\"font-family: 'Trebuchet MS', sans-serif;font-size: 14pt\">La breve trayectoria de este campeonato<br \/>\noficial no le ha impedido asentarse en el ajedrez castellano-manchego y, por<br \/>\nsupuesto en el nacional, como uno de los encuentros por equipos de mayor<br \/>\ninter\u00e9s y m\u00e1s seguimiento. Seguro que para la ECU (Federaci\u00f3n Europea de Ajedrez) y la FIDE (Federaci\u00f3n Internacional de Ajedrez) tambi\u00e9n ser\u00eda muy<br \/>\nproductiva su traslaci\u00f3n al calendario de competiciones de Europa y del mundo.<\/span><span style=\"font-family: 'Trebuchet MS', sans-serif;font-size: 14pt\">&nbsp;<\/span><\/div>\n<div class=\"MsoNormal\" style=\"text-align: justify;text-indent: 35.4pt\">\n<span style=\"font-size: 14pt\"><span style=\"font-family: Trebuchet MS, sans-serif\">Como<br \/>\nha ocurrido en las 3 temporadas anteriores, Nuestro Ajedrez en Europa, mantiene<br \/>\nun equipo sub-16 con las se\u00f1as de identidad propias del proyecto, integrado por<br \/>\nchicos y chicas cuya&nbsp; formaci\u00f3n y<br \/>\nprogresi\u00f3n se ha desarrollado dentro de las escuelas de ajedrez de Alc\u00e1zar y<br \/>\nVillafranca. Depositar esta confianza en los jugadores de nuestras escuelas es<br \/>\nesencial para la propia existencia del proyecto, adem\u00e1s de proporcionar las<br \/>\noportunidades de competici\u00f3n adecuadas a cada uno de ellos. De esta experiencia<br \/>\nde trabajo han surgido muchos frutos, entre ellos importantes \u00e9xitos<br \/>\ndeportivos, como el bronce en el nacional por equipos de 2011, o dentro de este<br \/>\nmismo regional sub-16, los 2 t\u00edtulos de campeones&nbsp; en los a\u00f1os 2010 y 2011 y el subcampeonato de<br \/>\n2012.<\/span><\/span><span style=\"font-family: 'Trebuchet MS', sans-serif;font-size: 14pt;text-indent: 35.4pt\">&nbsp;<\/span><\/div>\n<div class=\"MsoNormal\" style=\"text-align: justify\">\n<span style=\"font-size: 14pt\"><span style=\"font-family: Trebuchet MS, sans-serif\">Pr\u00f3ximamente informaremos de la lista definitiva de<br \/>\njugadores y equipos participantes. Tambi\u00e9n publicaremos los enlaces para<br \/>\nfacilitar el seguimiento de resultados y clasificaciones.&nbsp;<\/span><\/span><\/div>\n","protected":false},"excerpt":{"rendered":"<p>Imagen del Castillo de San Servando en Toledo El albergue juvenil del Castillo de San Servando en Toledo acoger\u00e1, a partir del pr\u00f3ximo domingo y hasta el mi\u00e9rcoles 11 de septiembre, la 4\u00aa edici\u00f3n del Campeonato de Castilla-La Mancha por Equipos Sub-16. Hoy mismo expira el plazo de inscripciones para los 7 clubes clasificados en [&hellip;]<\/p>\n","protected":false},"author":1,"featured_media":2615,"comment_status":"open","ping_status":"closed","sticky":false,"template":"","format":"standard","meta":{"footnotes":""},"categories":[1],"tags":[],"class_list":["post-2614","post","type-post","status-publish","format-standard","has-post-thumbnail","hentry","category-noticias"],"_links":{"self":[{"href":"https:\/\/www.bfv.cloud\/ajedrezeuropa\/wp-json\/wp\/v2\/posts\/2614","targetHints":{"allow":["GET"]}}],"collection":[{"href":"https:\/\/www.bfv.cloud\/ajedrezeuropa\/wp-json\/wp\/v2\/posts"}],"about":[{"href":"https:\/\/www.bfv.cloud\/ajedrezeuropa\/wp-json\/wp\/v2\/types\/post"}],"author":[{"embeddable":true,"href":"https:\/\/www.bfv.cloud\/ajedrezeuropa\/wp-json\/wp\/v2\/users\/1"}],"replies":[{"embeddable":true,"href":"https:\/\/www.bfv.cloud\/ajedrezeuropa\/wp-json\/wp\/v2\/comments?post=2614"}],"version-history":[{"count":1,"href":"https:\/\/www.bfv.cloud\/ajedrezeuropa\/wp-json\/wp\/v2\/posts\/2614\/revisions"}],"predecessor-version":[{"id":2616,"href":"https:\/\/www.bfv.cloud\/ajedrezeuropa\/wp-json\/wp\/v2\/posts\/2614\/revisions\/2616"}],"wp:featuredmedia":[{"embeddable":true,"href":"https:\/\/www.bfv.cloud\/ajedrezeuropa\/wp-json\/wp\/v2\/media\/2615"}],"wp:attachment":[{"href":"https:\/\/www.bfv.cloud\/ajedrezeuropa\/wp-json\/wp\/v2\/media?parent=2614"}],"wp:term":[{"taxonomy":"category","embeddable":true,"href":"https:\/\/www.bfv.cloud\/ajedrezeuropa\/wp-json\/wp\/v2\/categories?post=2614"},{"taxonomy":"post_tag","embeddable":true,"href":"https:\/\/www.bfv.cloud\/ajedrezeuropa\/wp-json\/wp\/v2\/tags?post=2614"}],"curies":[{"name":"wp","href":"https:\/\/api.w.org\/{rel}","templated":true}]}}