{"id":2621,"date":"2017-01-27T10:37:00","date_gmt":"2017-01-27T10:37:00","guid":{"rendered":"https:\/\/www.bfv.cloud\/ajedrezeuropa\/index.php\/2017\/01\/27\/nuevo-curso-de-ajedrez-para-adultos-en-villafranca\/"},"modified":"2025-11-20T10:49:16","modified_gmt":"2025-11-20T10:49:16","slug":"nuevo-curso-de-ajedrez-para-adultos-en-villafranca","status":"publish","type":"post","link":"https:\/\/www.bfv.cloud\/ajedrezeuropa\/nuevo-curso-de-ajedrez-para-adultos-en-villafranca\/","title":{"rendered":"NUEVO CURSO DE AJEDREZ PARA ADULTOS EN VILLAFRANCA"},"content":{"rendered":"<div class=\"separator\" style=\"clear: both;text-align: center\">\n<a href=\"https:\/\/www.bfv.cloud\/ajedrezeuropa\/wp-content\/uploads\/2017\/01\/cursoadultosVillafranca2017.jpg\" style=\"clear: right;float: right;margin-bottom: 1em;margin-left: 1em\"><img fetchpriority=\"high\" decoding=\"async\" border=\"0\" height=\"640\" src=\"https:\/\/blogger.googleusercontent.com\/img\/b\/R29vZ2xl\/AVvXsEhcXuFvZG4rt25r3A_1AZI_mDy-DUM_f7ug_F62XC18OnFG5GXR-CODeuKN60tWixKKplLm01kfVRREAehzKmGrQJhnZryci30KzohzThr6I2uE5Y26C4qc3LMB42bSwtbam-TRxGCCThU\/s640\/curso+adultos+Villafranca+2017.jpg\" width=\"452\" \/><\/a><\/div>\n<p><span style=\", sans-serif;font-size: large\">El club Nuestro Ajedrez por la Igualdad y el ayuntamiento de Villafranca de los Caballeros lanzan el segundo curso de ajedrez para adultos. La duraci\u00f3n ser\u00e1 del 11 de febrero al 22 de abril, 8 s\u00e1bados en total, exceptuando festivos y d\u00edas de competici\u00f3n. El curso est\u00e1 abierto para inscripciones desde hoy hasta el 9 de febrero y podr\u00e1n participar mujeres y hombres de 18 a 60 a\u00f1os de edad. M\u00e1s informaci\u00f3n en el cartel que publicamos, en la oficina de cultura, en el pabell\u00f3n de deportes o en el correo:&nbsp;<\/span><\/p>\n<div style=\"text-align: center\">\n<span style=\", sans-serif;font-size: large\"><a href=\"mailto:felixtoribio@nuestroajedrezeneuropa.com\">felixtoribio@nuestroajedrezeneuropa.com<\/a><\/span><\/div>\n<p><\/p>\n","protected":false},"excerpt":{"rendered":"<p>El club Nuestro Ajedrez por la Igualdad y el ayuntamiento de Villafranca de los Caballeros lanzan el segundo curso de ajedrez para adultos. La duraci\u00f3n ser\u00e1 del 11 de febrero al 22 de abril, 8 s\u00e1bados en total, exceptuando festivos y d\u00edas de competici\u00f3n. El curso est\u00e1 abierto para inscripciones desde hoy hasta el 9 [&hellip;]<\/p>\n","protected":false},"author":1,"featured_media":2622,"comment_status":"open","ping_status":"closed","sticky":false,"template":"","format":"standard","meta":{"footnotes":""},"categories":[1],"tags":[],"class_list":["post-2621","post","type-post","status-publish","format-standard","has-post-thumbnail","hentry","category-noticias"],"_links":{"self":[{"href":"https:\/\/www.bfv.cloud\/ajedrezeuropa\/wp-json\/wp\/v2\/posts\/2621","targetHints":{"allow":["GET"]}}],"collection":[{"href":"https:\/\/www.bfv.cloud\/ajedrezeuropa\/wp-json\/wp\/v2\/posts"}],"about":[{"href":"https:\/\/www.bfv.cloud\/ajedrezeuropa\/wp-json\/wp\/v2\/types\/post"}],"author":[{"embeddable":true,"href":"https:\/\/www.bfv.cloud\/ajedrezeuropa\/wp-json\/wp\/v2\/users\/1"}],"replies":[{"embeddable":true,"href":"https:\/\/www.bfv.cloud\/ajedrezeuropa\/wp-json\/wp\/v2\/comments?post=2621"}],"version-history":[{"count":1,"href":"https:\/\/www.bfv.cloud\/ajedrezeuropa\/wp-json\/wp\/v2\/posts\/2621\/revisions"}],"predecessor-version":[{"id":2623,"href":"https:\/\/www.bfv.cloud\/ajedrezeuropa\/wp-json\/wp\/v2\/posts\/2621\/revisions\/2623"}],"wp:featuredmedia":[{"embeddable":true,"href":"https:\/\/www.bfv.cloud\/ajedrezeuropa\/wp-json\/wp\/v2\/media\/2622"}],"wp:attachment":[{"href":"https:\/\/www.bfv.cloud\/ajedrezeuropa\/wp-json\/wp\/v2\/media?parent=2621"}],"wp:term":[{"taxonomy":"category","embeddable":true,"href":"https:\/\/www.bfv.cloud\/ajedrezeuropa\/wp-json\/wp\/v2\/categories?post=2621"},{"taxonomy":"post_tag","embeddable":true,"href":"https:\/\/www.bfv.cloud\/ajedrezeuropa\/wp-json\/wp\/v2\/tags?post=2621"}],"curies":[{"name":"wp","href":"https:\/\/api.w.org\/{rel}","templated":true}]}}