{"id":2624,"date":"2012-06-03T11:45:00","date_gmt":"2012-06-03T11:45:00","guid":{"rendered":"https:\/\/www.bfv.cloud\/ajedrezeuropa\/index.php\/2012\/06\/03\/mora-consolida-su-gran-participacion\/"},"modified":"2025-11-20T10:49:20","modified_gmt":"2025-11-20T10:49:20","slug":"mora-consolida-su-gran-participacion","status":"publish","type":"post","link":"https:\/\/www.bfv.cloud\/ajedrezeuropa\/mora-consolida-su-gran-participacion\/","title":{"rendered":"MORA CONSOLIDA SU GRAN PARTICIPACI\u00d3N"},"content":{"rendered":"<table cellpadding=\"0\" cellspacing=\"0\" class=\"tr-caption-container\" style=\"float: right;margin-left: 1em;text-align: right\">\n<tbody>\n<tr>\n<td style=\"text-align: center\"><a href=\"https:\/\/www.bfv.cloud\/ajedrezeuropa\/wp-content\/uploads\/2012\/06\/fotosdeltorneodeMora001.jpg\" style=\"clear: right;margin-bottom: 1em;margin-left: auto;margin-right: auto\"><img fetchpriority=\"high\" decoding=\"async\" border=\"0\" height=\"300\" src=\"https:\/\/blogger.googleusercontent.com\/img\/b\/R29vZ2xl\/AVvXsEjtEvyWPJQqjITNLR03ZrKLY2O-tlrNvNd6fmh98NSwpCeCxKyD3_Es-m4F-PHR2RvjogOLnIK_6X-J022CS_lalRkJypnhG-zRHsRAVKz-gjpCJkJP4x7PmoCyjKmYO-z6znJeWPrx_6s\/s400\/fotos+del+torneo+de+Mora+001.jpg\" width=\"400\" \/><\/a><\/td>\n<\/tr>\n<tr>\n<td class=\"tr-caption\" style=\"text-align: center\">Una vista de la repleta sala de juego de<br \/>\neste XI TORNEO DEL ACEITE<\/td>\n<\/tr>\n<\/tbody>\n<\/table>\n<p>&nbsp;&nbsp;<span style=\", sans-serif\">La d\u00e9cimo primera edici\u00f3n del torneo del aceite de Mora ha contado con una participaci\u00f3n superior a los 70 ajedrecistas, manteniendo as\u00ed una de sus caracter\u00edsticas esenciales de los \u00faltimos a\u00f1os&nbsp;tras permanecer&nbsp;entre los mayores&nbsp;de toda Castilla-La Mancha. El excelente trabajo de los organizadores, con Mart\u00edn Sanz y Cristina Maestro a la cabeza, vuelve a dejar sus mejores frutos a pesar de varios condicionantes con los que part\u00eda el torneo y que ha logrado superar de una forma muy eficiente. <\/span><\/p>\n<div style=\"border-bottom: medium none;border-left: medium none;border-right: medium none;border-top: medium none\"><span style=\", sans-serif\">&nbsp;En nombre de la escuela de ajedrez y del IMD de Mora queremos agradecer a todos los jugadores su presencia&nbsp;y apoyo, as\u00ed como destacar la desinteresada colaboraci\u00f3n de las cooperativas del aceite donando los premios que, un a\u00f1o m\u00e1s, han caracterizado la trayectoria del torneo desde sus inicios.<\/span><\/div>\n<p>\ufeff\ufeff\ufeff <\/p>\n<table cellpadding=\"0\" cellspacing=\"0\" class=\"tr-caption-container\" style=\"clear: right;float: right;margin-bottom: 1em;text-align: right\">\n<tbody>\n<tr>\n<td style=\"text-align: center\"><a href=\"https:\/\/www.bfv.cloud\/ajedrezeuropa\/wp-content\/uploads\/2012\/06\/fotosdeltorneodeMora015.jpg\" style=\"clear: right;margin-bottom: 1em;margin-left: auto;margin-right: auto\"><img decoding=\"async\" border=\"0\" height=\"300\" src=\"https:\/\/blogger.googleusercontent.com\/img\/b\/R29vZ2xl\/AVvXsEgokpo6jKkK-8ytYtk6858xni-uZveE8fLIe-aZxv1rfzRAdvqbZO4vLt5yG5JiaTTsCwoU0VfhOlMRcYYIihMyC57tU1Tas6btF1QLwHBbx_VTvorMecB1hyphenhypheneB7CyeJva3Qm47h_8R1u0\/s400\/fotos+del+torneo+de+Mora+015.jpg\" width=\"400\" \/><\/a><\/td>\n<\/tr>\n<tr>\n<td class=\"tr-caption\" style=\"text-align: center\">Clara Jm\u00e9nez M\u00e9ndez, recibiendo el premio de mejor jugador local<br \/>\nsub-16 de la mano de la&nbsp; concejala de Hacienda, C\u00e1ndida Mora, y del<br \/>\ncooordinador del IMD, Jes\u00fas S\u00e1nchez<\/td>\n<\/tr>\n<\/tbody>\n<\/table>\n<p>\ufeff <\/p>\n<div style=\"border-bottom: medium none;border-left: medium none;border-right: medium none;border-top: medium none\"><span style=\"font-family: Trebuchet MS\">&nbsp;En cuanto a los resultados, hay que destacar el primer puesto obtenido por nuestro jugador&nbsp;Jorge Sim\u00f3n Escalona tras lograr 6 victorias, la segunda posici\u00f3n del&nbsp;apreciado joven&nbsp;talaverano Javier Gonz\u00e1lez&nbsp;del Valls&nbsp;con un total de 5 puntos y la tercera plaza alcanzada por el destacado ajedrecista de Mora Jaime L\u00f3pez Mart\u00edn, tambi\u00e9n con 5 puntos pero con 1 menos en el principal criterio de desempate.<\/span><\/div>\n<p><span style=\"font-family: Trebuchet MS\">&nbsp;Los trofeos y sus estimados premios en aceite fueron entregados por la concejala de Hacienda, C\u00e1ndida Mora Mo\u00f1ino, y el coordinador del IMD, Jes\u00fas S\u00e1nchez Pedrosa.<\/span>\ufeff\ufeff\ufeff <\/p>\n<table cellpadding=\"0\" cellspacing=\"0\" class=\"tr-caption-container\" style=\"margin-left: auto;margin-right: auto;text-align: center\">\n<tbody>\n<tr>\n<td style=\"text-align: center\"><a href=\"https:\/\/www.bfv.cloud\/ajedrezeuropa\/wp-content\/uploads\/2012\/06\/fotosdeltorneodeMora006.jpg\" style=\"clear: left;margin-bottom: 1em;margin-left: auto;margin-right: auto\"><img decoding=\"async\" border=\"0\" height=\"300\" src=\"https:\/\/blogger.googleusercontent.com\/img\/b\/R29vZ2xl\/AVvXsEgzzImzLYbkYZZg1eOWZ-gDNMn_RdXkitT7YOm-WDz_UqbCNT3ejxovWHIPOGStHJp6AQIbiakDWBjjWSHIAAzPLMncJ6woy6KuSUni2mIPzo5vWFL9nOOeL-7wdBzmLMzw0jUlQdc7oOc\/s400\/fotos+del+torneo+de+Mora+006.jpg\" width=\"400\" \/><\/a><\/td>\n<\/tr>\n<tr>\n<td class=\"tr-caption\" style=\"text-align: center\">El promotor&nbsp;del torneo, Mart\u00edn Sanz, tambi\u00e9n tuvo tiempo<br \/>\n&nbsp;de enfrentarse con algunas jovenes promesas toledanas<\/td>\n<\/tr>\n<\/tbody>\n<\/table>\n<p>\ufeff\ufeff\ufeff\ufeff<\/p>\n<div class=\"separator\" style=\"border-bottom: medium none;border-left: medium none;border-right: medium none;border-top: medium none;clear: both;text-align: center\"><\/div>\n","protected":false},"excerpt":{"rendered":"<p>Una vista de la repleta sala de juego de este XI TORNEO DEL ACEITE &nbsp;&nbsp;La d\u00e9cimo primera edici\u00f3n del torneo del aceite de Mora ha contado con una participaci\u00f3n superior a los 70 ajedrecistas, manteniendo as\u00ed una de sus caracter\u00edsticas esenciales de los \u00faltimos a\u00f1os&nbsp;tras permanecer&nbsp;entre los mayores&nbsp;de toda Castilla-La Mancha. El excelente trabajo de [&hellip;]<\/p>\n","protected":false},"author":1,"featured_media":2625,"comment_status":"open","ping_status":"closed","sticky":false,"template":"","format":"standard","meta":{"footnotes":""},"categories":[1],"tags":[],"class_list":["post-2624","post","type-post","status-publish","format-standard","has-post-thumbnail","hentry","category-noticias"],"_links":{"self":[{"href":"https:\/\/www.bfv.cloud\/ajedrezeuropa\/wp-json\/wp\/v2\/posts\/2624","targetHints":{"allow":["GET"]}}],"collection":[{"href":"https:\/\/www.bfv.cloud\/ajedrezeuropa\/wp-json\/wp\/v2\/posts"}],"about":[{"href":"https:\/\/www.bfv.cloud\/ajedrezeuropa\/wp-json\/wp\/v2\/types\/post"}],"author":[{"embeddable":true,"href":"https:\/\/www.bfv.cloud\/ajedrezeuropa\/wp-json\/wp\/v2\/users\/1"}],"replies":[{"embeddable":true,"href":"https:\/\/www.bfv.cloud\/ajedrezeuropa\/wp-json\/wp\/v2\/comments?post=2624"}],"version-history":[{"count":1,"href":"https:\/\/www.bfv.cloud\/ajedrezeuropa\/wp-json\/wp\/v2\/posts\/2624\/revisions"}],"predecessor-version":[{"id":2628,"href":"https:\/\/www.bfv.cloud\/ajedrezeuropa\/wp-json\/wp\/v2\/posts\/2624\/revisions\/2628"}],"wp:featuredmedia":[{"embeddable":true,"href":"https:\/\/www.bfv.cloud\/ajedrezeuropa\/wp-json\/wp\/v2\/media\/2625"}],"wp:attachment":[{"href":"https:\/\/www.bfv.cloud\/ajedrezeuropa\/wp-json\/wp\/v2\/media?parent=2624"}],"wp:term":[{"taxonomy":"category","embeddable":true,"href":"https:\/\/www.bfv.cloud\/ajedrezeuropa\/wp-json\/wp\/v2\/categories?post=2624"},{"taxonomy":"post_tag","embeddable":true,"href":"https:\/\/www.bfv.cloud\/ajedrezeuropa\/wp-json\/wp\/v2\/tags?post=2624"}],"curies":[{"name":"wp","href":"https:\/\/api.w.org\/{rel}","templated":true}]}}