{"id":2629,"date":"2024-03-26T14:47:00","date_gmt":"2024-03-26T14:47:00","guid":{"rendered":"https:\/\/www.bfv.cloud\/ajedrezeuropa\/index.php\/2024\/03\/26\/dos-campeones-regionales-y-dos-bronces-en-el-campeonato-de-castilla-la-mancha-por-edades\/"},"modified":"2025-11-20T10:49:29","modified_gmt":"2025-11-20T10:49:29","slug":"dos-campeones-regionales-y-dos-bronces-en-el-campeonato-de-castilla-la-mancha-por-edades","status":"publish","type":"post","link":"https:\/\/www.bfv.cloud\/ajedrezeuropa\/dos-campeones-regionales-y-dos-bronces-en-el-campeonato-de-castilla-la-mancha-por-edades\/","title":{"rendered":"DOS CAMPEONES REGIONALES Y DOS BRONCES EN EL CAMPEONATO DE CASTILLA LA MANCHA POR EDADES"},"content":{"rendered":"<p><span style=\"font-family: arial;font-size: large\"><b><i><u><\/u><\/i><\/b><\/span><\/p>\n<div class=\"separator\" style=\"clear: both;text-align: center\"><span style=\"font-family: arial;font-size: large\"><b><i><u><a href=\"https:\/\/www.bfv.cloud\/ajedrezeuropa\/wp-content\/uploads\/2024\/03\/0020PREMIADOS20EUROPA20EN20PODIO.jpg\" style=\"margin-left: 1em;margin-right: 1em\"><img fetchpriority=\"high\" decoding=\"async\" border=\"0\" data-original-height=\"923\" data-original-width=\"2048\" height=\"288\" src=\"https:\/\/blogger.googleusercontent.com\/img\/b\/R29vZ2xl\/AVvXsEhl3RWkqFqYtQt2GyNni7tDSsg0WbMiHmeQtJxEZ6Qux5VDVNG1bBp4haQllH3DOeNRGrlHHYxFK9gL9WhMQgN059p_APlebvrlma2IGyYObEXIHzcnlWANTmrUu0MN69Uw_kDqbW9xDci8aU-nbi_jmbYGGxD3i9guJLIv3PyqzyEW49Nhjb4MeATzmhw\/w640-h288\/00%20PREMIADOS%20EUROPA%20EN%20PODIO.jpg\" width=\"640\" \/><\/a><\/u><\/i><\/b><\/span><\/div>\n<p><span style=\"font-family: arial;font-size: large\"><b><i><u><br \/>L\u00edderes en Castilla-La Mancha<\/u><\/i><\/b><\/span><\/p>\n<p><span style=\"font-family: arial;font-size: large\">Nuestro Ajedrez en Europa ha liderado el medallero del Campeonato Regional por Edades finalizado ayer en Albacete. <i>Los dos t\u00edtulos de Castilla-La Mancha logrados por los alcazare\u00f1os \u00c1ngel Collado Alcolado en la categor\u00eda juvenil y por Jaime Vila Castillo en la categor\u00eda sub-12, sit\u00faan al proyecto manchego a la cabeza de este torneo auton\u00f3mico. A ello hay que sumar los dos magn\u00edficos bronces obtenidos por Alonso L\u00f3pez N\u00fa\u00f1ez, jugador de la escuela de Villafranca con origen en Mora, y por Mario Moreno Rodr\u00edguez, de la escuela de Consuegra.&nbsp;<\/i><\/span><\/p>\n<p><span style=\"font-family: arial;font-size: large\"><b><i><u>M\u00e1s de 220 chicos y chicas luchando por las medallas<\/u><\/i><\/b><\/span><\/p>\n<p><span style=\"font-family: arial;font-size: large\"><b><i><\/i><\/b><\/span><\/p>\n<div class=\"separator\" style=\"clear: both;text-align: center\"><span style=\"font-family: arial;font-size: large\"><b><i><a href=\"https:\/\/www.bfv.cloud\/ajedrezeuropa\/wp-content\/uploads\/2024\/03\/0020VISTA20GENERAL20SALA.jpg\" style=\"margin-left: 1em;margin-right: 1em\"><img decoding=\"async\" border=\"0\" data-original-height=\"1150\" data-original-width=\"1971\" height=\"374\" src=\"https:\/\/blogger.googleusercontent.com\/img\/b\/R29vZ2xl\/AVvXsEgn5ZbnbZEcyn0mrJJV9rDFFYc4NFuOTbp9t7XAXtQo5zeOr28gOs-8Qt5Zx4dbMRE914eEgdg3wd5IMTvOqAtWWvEt13QOZtHWEDmcumpbuUZ8ktjAYB-iFN8mvko5R9Yd3qhp663dyXbtrPoxbyVA5oGQSmO4yJTHOrTj8Ll_aX5N3Mh_HX8xDwadCHs\/w640-h374\/00%20VISTA%20GENERAL%20SALA.jpg\" width=\"640\" \/><\/a><\/i><\/b><\/span><\/div>\n<p><span style=\"font-family: arial\"><\/p>\n<p><span style=\"font-size: large\">La alta participaci\u00f3n con la que ha contado esta edici\u00f3n del campeonato (225 ajedrecistas entre todas las categor\u00edas), ha extendido las rondas desde la tarde del viernes 22 de marzo hasta el pasado lunes 25 por la noche. En esta ocasi\u00f3n, los 13 jugadores de Nuestro Ajedrez en Europa compet\u00edan en todos los grupos de edad, salvo en el sub-16.&nbsp;<\/span><\/p>\n<div class=\"separator\" style=\"clear: both;font-size: x-large;text-align: center\"><a href=\"https:\/\/www.bfv.cloud\/ajedrezeuropa\/wp-content\/uploads\/2024\/03\/0020GRUPO20EUROPA20EN20HALL20HOTEL.jpg\" style=\"margin-left: 1em;margin-right: 1em\"><img decoding=\"async\" border=\"0\" data-original-height=\"625\" data-original-width=\"1253\" height=\"320\" src=\"https:\/\/blogger.googleusercontent.com\/img\/b\/R29vZ2xl\/AVvXsEiUA9B0CCIdPQpCRxoSam_1ZVlmbL5cYd-jfXO2wVIceXio5wmUCb21vi55tPu7u5VXqHq9C_lmegmBbbyeoqlS0i3ygkO04-eiVrqa75lPXe1wTbxlSvVM_Rw-d1-7eE31orGuRt2_8tNj6f9tdPK1mWft8usaG1WstnvQLRTdv9Xu0MTOHuozAcQyax0\/w640-h320\/00%20GRUPO%20EUROPA%20EN%20HALL%20HOTEL.jpg\" width=\"640\" \/><\/a><\/div>\n<p><\/p>\n<p style=\"font-size: x-large\"><b><i><u>\u00c1ngel y Alonso, dos referentes en el ajedrez castellano-manchego<\/u><\/i><\/b><\/p>\n<p><\/span><\/p>\n<p><span style=\"font-family: arial;font-size: large\">En el torneo juvenil, para jugadores de 17 y 18 a\u00f1os de edad, se han dado cita buena parte de los y las ajedrecistas de mayor nivel de la regi\u00f3n. Finalmente, \u00c1ngel Collado, consegu\u00eda el oro con un punto de ventaja sobre el 2\u00ba y el tercer clasificado, Lautaro Periotto y Alonso L\u00f3pez, respectivamente. Curiosamente para dilucidar estas dos plazas hubo que recurrir al segundo desempate, porque ambos igualaban a 5 puntos en la puntuaci\u00f3n principal y a 26,5 en el primer desempate. Un solo punto de ventaja del segundo desempate decid\u00eda estas dos posiciones del podio final. Para Alonso ha sido su \u00faltimo torneo auton\u00f3mico por edades, despu\u00e9s de una brillante trayectoria siempre vinculada a la escuela de ajedrez de Villafranca, desde que ten\u00eda poco m\u00e1s de 7 a\u00f1os de edad.<\/span><\/p>\n<\/p>\n<div class=\"separator\" style=\"clear: both;text-align: center\"><a href=\"https:\/\/www.bfv.cloud\/ajedrezeuropa\/wp-content\/uploads\/2024\/03\/0020PODIO20SUB-18202.jpg\" style=\"margin-left: 1em;margin-right: 1em\"><img loading=\"lazy\" decoding=\"async\" border=\"0\" data-original-height=\"1405\" data-original-width=\"1401\" height=\"640\" src=\"https:\/\/blogger.googleusercontent.com\/img\/b\/R29vZ2xl\/AVvXsEhG1Mn8mjQXM5uISNhyuaM7LSqG-Hptq9rLRLZWsAwcX8KBc-Cix6pX6-tzvpnJU_SZcKKxs_sRAPtmHZI0Ww-GLu8GjrL-jvP4Ug-Z_vtX6QA_QEWriC_UGZn0djZHCqE8de9isOVEwiWnxXar8izSn9per4aS33QDBzLTtWM_GbMn02poYeHQ4P6RktE\/w638-h640\/00%20PODIO%20SUB-18%20(2).jpg\" width=\"638\" \/><\/a><\/div>\n<p><b style=\"font-family: arial;font-size: x-large\"><i><u><\/p>\n<p><b><i><u>Jaime Vila, con un gran futuro por delante<\/u><\/i><\/b><\/p>\n<p><\/u><\/i><\/b><\/p>\n<p><span style=\"font-family: arial;font-size: large\">Por su parte, <i>Jaime Vila, con tan solo 11 a\u00f1os, ya se encuentra entre los jugadores con mayor proyecci\u00f3n dentro del panorama regional. Los 6 puntos sumados en las 7 rondas disputadas lo acercaban al t\u00edtulo<\/i>, aunque hubo que recurrir al primer desempate con el 2\u00ba clasificado, Alonso Ramos. La trayectoria de Jaime a lo largo del torneo ha sido brillante, con un \u00fanico traspi\u00e9s en la 4\u00aa ronda.<\/span><\/p>\n<\/p>\n<div class=\"separator\" style=\"clear: both;text-align: center\"><a href=\"https:\/\/www.bfv.cloud\/ajedrezeuropa\/wp-content\/uploads\/2024\/03\/0020JAIME20VILA20EN20EL20PODIO.jpg\" style=\"margin-left: 1em;margin-right: 1em\"><img loading=\"lazy\" decoding=\"async\" border=\"0\" data-original-height=\"1294\" data-original-width=\"1295\" height=\"640\" src=\"https:\/\/blogger.googleusercontent.com\/img\/b\/R29vZ2xl\/AVvXsEgIQ1fPdJ_4iW_8kKDAxlQpMUq0cN3Gcbom0722UZIDkILQ3PIdp9duCE1Cx3UTaiLL7DxUSacVE5dskOkjVuLhYkhMuaNQPEoA0dLR9t4orHmvufqTC8ViIe8SFG3x_5gSd60Gyc-P1cyXiHfYszY9cnkESJ2iWDB2YBBEjA6JMGg5StR3v-twartbaAU\/w640-h640\/00%20JAIME%20VILA%20EN%20EL%20PODIO.jpg\" width=\"640\" \/><\/a><\/div>\n<p><span style=\"font-family: arial;font-size: large\"><br \/><\/span><\/p>\n<p><span style=\"font-family: arial;font-size: large\"><b><i><u>Tambi\u00e9n deslumbran algunos peque\u00f1os del sub-8<\/u><\/i><\/b><\/span><\/p>\n<p><span style=\"font-family: arial;font-size: large\"><i>Mario Moreno de tan solo 6 a\u00f1os de edad y alumno del grupo de iniciaci\u00f3n de M\u00aa Luisa Camu\u00f1as en la escuela deportiva municipal de Consuegra, ha estado luchando siempre en los primeros tableros del torneo sub-8<\/i>. Aunque ha sido su tercer campeonato oficial, este regional le ha servido para ir mejorando ronda a ronda la atenci\u00f3n y la concentraci\u00f3n, a la vez que se acostumbraba a la notaci\u00f3n de la partida, cuesti\u00f3n esta no tan sencilla para ni\u00f1os tan peque\u00f1os. Solo medio punto le ha alejado del t\u00edtulo regional en su primera participaci\u00f3n.<\/span><\/p>\n<\/p>\n<div class=\"separator\" style=\"clear: both;text-align: center\"><a href=\"https:\/\/www.bfv.cloud\/ajedrezeuropa\/wp-content\/uploads\/2024\/03\/220PODIO20SUB-8.jpg\" style=\"margin-left: 1em;margin-right: 1em\"><img loading=\"lazy\" decoding=\"async\" border=\"0\" data-original-height=\"1250\" data-original-width=\"1326\" height=\"604\" src=\"https:\/\/blogger.googleusercontent.com\/img\/b\/R29vZ2xl\/AVvXsEjFrC8F0DmrwWy3yYyJVEa6g5DdPKGqGSz1-wR3z6wgWA_8SBB0bSkA6gNPappEl2dBPYCNcFbZ2BwDcKsXMz09RRrKjRL7ipwWX8jK282p06rN1fVMfiyXEqg1Ip7ofsfl3alqjKHfA-XELedYNv1mCj11_IAGsoQifY8Iz90aZrzx7jIDCchAxwdqnEs\/w640-h604\/2%20PODIO%20SUB-8.jpg\" width=\"640\" \/><\/a><\/div>\n<p><b style=\"font-family: arial;font-size: x-large\"><i><u><\/p>\n<p><b><i><u>El resto de nuestros jugadores<\/u><\/i><\/b><\/p>\n<p><\/u><\/i><\/b><\/p>\n<p><span style=\"font-family: arial;font-size: large\">Los otros 9 jugadores tambi\u00e9n han tenido una buena actuaci\u00f3n. Comenzando por las categor\u00edas de menor edad estos han sido sus resultados:<\/span><\/p>\n<p><span style=\"font-family: arial;font-size: large\">&#8211; <i>Sub-10: \u00c1ngel Puente (escuela de Alc\u00e1zar), Alonso Gal\u00e1n (escuela de Consuegra), Marcos Argumanez (escuela de Villafranca) han finalizado con 4 puntos. Gonzalo Moreno (escuela de Consuegra) ha sumado 3,5 puntos.<\/i><\/span><\/p>\n<p><span style=\"font-family: arial;font-size: large\"><i>&#8211; Sub-12: Carlos Morales (escuela de Alc\u00e1zar), 4 puntos y Unai Ortega (escuela de Alc\u00e1zar), 3 puntos.<\/i><\/span><\/p>\n<p><span style=\"font-family: arial;font-size: large\"><i>&#8211; Sub-14: Santiago Linares (escuela de Alc\u00e1zar), 3,5 puntos; F\u00e9lix Tarilonte y Omar Benammou (escuela de Villafranca) 2,5 puntos.<\/i><\/span><\/p>\n<p><span style=\"font-family: arial;font-size: large\"><\/span><\/p>\n<div class=\"separator\" style=\"clear: both;text-align: center\"><span style=\"font-family: arial;font-size: large\"><a href=\"https:\/\/www.bfv.cloud\/ajedrezeuropa\/wp-content\/uploads\/2024\/03\/0020VISTA20GENERAL20SALA202.jpg\" style=\"margin-left: 1em;margin-right: 1em\"><img loading=\"lazy\" decoding=\"async\" border=\"0\" data-original-height=\"1223\" data-original-width=\"1960\" height=\"400\" src=\"https:\/\/blogger.googleusercontent.com\/img\/b\/R29vZ2xl\/AVvXsEi1obPcJimUtUyXFgU1IOdqHOhEkLp2YmvXS4wrGRXMqjuNFkxjwzwx5xNtfBQQtpiNRMfl9wTdSHZVejVrWardh0M8NM_ha4pA8zdMFPUW11pVghPSZrUurJzg4GjAFw4gftQ2_SutQXjH-PqOVEb3-x4bfcVkFaVY-TxEKMv2SKUHy9ugrpn2YVKK920\/w640-h400\/00%20VISTA%20GENERAL%20SALA%20(2).jpg\" width=\"640\" \/><\/a><\/span><\/div>\n<p><span style=\"font-family: arial;font-size: x-large\"><\/p>\n<p>Desde el proyecto queremos agradecer el trabajo de Roberto L\u00f3pez y Silvia Toribio, como preparadores de los 13 ni\u00f1os que nos han representado en este regional.&nbsp;<\/p>\n<p><\/span><\/p>\n","protected":false},"excerpt":{"rendered":"<p>L\u00edderes en Castilla-La Mancha Nuestro Ajedrez en Europa ha liderado el medallero del Campeonato Regional por Edades finalizado ayer en Albacete. Los dos t\u00edtulos de Castilla-La Mancha logrados por los alcazare\u00f1os \u00c1ngel Collado Alcolado en la categor\u00eda juvenil y por Jaime Vila Castillo en la categor\u00eda sub-12, sit\u00faan al proyecto manchego a la cabeza de [&hellip;]<\/p>\n","protected":false},"author":1,"featured_media":2630,"comment_status":"open","ping_status":"closed","sticky":false,"template":"","format":"standard","meta":{"footnotes":""},"categories":[1],"tags":[],"class_list":["post-2629","post","type-post","status-publish","format-standard","has-post-thumbnail","hentry","category-noticias"],"_links":{"self":[{"href":"https:\/\/www.bfv.cloud\/ajedrezeuropa\/wp-json\/wp\/v2\/posts\/2629","targetHints":{"allow":["GET"]}}],"collection":[{"href":"https:\/\/www.bfv.cloud\/ajedrezeuropa\/wp-json\/wp\/v2\/posts"}],"about":[{"href":"https:\/\/www.bfv.cloud\/ajedrezeuropa\/wp-json\/wp\/v2\/types\/post"}],"author":[{"embeddable":true,"href":"https:\/\/www.bfv.cloud\/ajedrezeuropa\/wp-json\/wp\/v2\/users\/1"}],"replies":[{"embeddable":true,"href":"https:\/\/www.bfv.cloud\/ajedrezeuropa\/wp-json\/wp\/v2\/comments?post=2629"}],"version-history":[{"count":1,"href":"https:\/\/www.bfv.cloud\/ajedrezeuropa\/wp-json\/wp\/v2\/posts\/2629\/revisions"}],"predecessor-version":[{"id":2637,"href":"https:\/\/www.bfv.cloud\/ajedrezeuropa\/wp-json\/wp\/v2\/posts\/2629\/revisions\/2637"}],"wp:featuredmedia":[{"embeddable":true,"href":"https:\/\/www.bfv.cloud\/ajedrezeuropa\/wp-json\/wp\/v2\/media\/2630"}],"wp:attachment":[{"href":"https:\/\/www.bfv.cloud\/ajedrezeuropa\/wp-json\/wp\/v2\/media?parent=2629"}],"wp:term":[{"taxonomy":"category","embeddable":true,"href":"https:\/\/www.bfv.cloud\/ajedrezeuropa\/wp-json\/wp\/v2\/categories?post=2629"},{"taxonomy":"post_tag","embeddable":true,"href":"https:\/\/www.bfv.cloud\/ajedrezeuropa\/wp-json\/wp\/v2\/tags?post=2629"}],"curies":[{"name":"wp","href":"https:\/\/api.w.org\/{rel}","templated":true}]}}