{"id":263,"date":"2024-09-12T20:49:00","date_gmt":"2024-09-12T20:49:00","guid":{"rendered":"https:\/\/www.bfv.cloud\/ajedrezeuropa\/index.php\/2024\/09\/12\/acto-de-reconocimiento-al-proyecto-el-ajedrez-en-la-escuela-una-estrategia-educativa-en-illescas\/"},"modified":"2025-11-20T10:15:21","modified_gmt":"2025-11-20T10:15:21","slug":"acto-de-reconocimiento-al-proyecto-el-ajedrez-en-la-escuela-una-estrategia-educativa-en-illescas","status":"publish","type":"post","link":"https:\/\/www.bfv.cloud\/ajedrezeuropa\/acto-de-reconocimiento-al-proyecto-el-ajedrez-en-la-escuela-una-estrategia-educativa-en-illescas\/","title":{"rendered":"ACTO DE RECONOCIMIENTO AL PROYECTO \u00abEL AJEDREZ EN LA ESCUELA, UNA ESTRATEGIA EDUCATIVA\u00bb EN ILLESCAS"},"content":{"rendered":"<p>&nbsp;<\/p>\n<div class=\"separator\" style=\"clear: both;text-align: center\"><a href=\"https:\/\/www.bfv.cloud\/ajedrezeuropa\/wp-content\/uploads\/2024\/09\/820GRUPO20CON20PLACAS20EN20SALON20PLENOS.jpeg\" style=\"margin-left: 1em;margin-right: 1em\"><img fetchpriority=\"high\" decoding=\"async\" border=\"0\" data-original-height=\"701\" data-original-width=\"1473\" height=\"304\" src=\"https:\/\/blogger.googleusercontent.com\/img\/b\/R29vZ2xl\/AVvXsEiUVZZOy_R6JEvhyaF_ablpUaiidpMRLsR_AxgIumrM2eyx03tKf0ny7vYf_qPg_RKnWl7lQPE05iTRJKU00cIgZeIbd2Xdo8_P1cgFMWV0Ih7icwTD-QqcNrhyHm2_NORpRbolUZxgnLInOrHYUQ4y-dnxBuILt0Te1bsEhlDwLsRpdcaByms0efTUQmk\/w640-h304\/8%20GRUPO%20CON%20PLACAS%20EN%20SALON%20PLENOS.jpeg\" width=\"640\" \/><\/a><\/div>\n<p><\/p>\n<p><span style=\"font-family: helvetica;font-size: large\">El viernes 6 de septiembre, el sal\u00f3n de plenos del ayuntamiento de Illescas acogi\u00f3 un acto lleno de momentos emocionantes que sirvi\u00f3 para reconocer la labor de los 7 colegios p\u00fablicos illescanos: Mart\u00edn Chico, La Constituci\u00f3n, Ilarcuris, Clara Campoamor, El Greco, Libertad y Rosa Chacel, en el desarrollo del proyecto \u00abEl ajedrez en la escuela, una estrategia educativa\u00bb. El alcalde de Illescas, Jos\u00e9 Manuel Tofi\u00f1o, acompa\u00f1ado de varios miembros del equipo de gobierno, valor\u00f3 muy positivamente el trabajo realizado en los 8 cursos de implantaci\u00f3n del proyecto y resalt\u00f3 la Medalla de Plata otorgada por la FIDE al propio ayuntamiento y a \u00abNuestro Ajedrez en Europa\u00bb, conjuntamente.<\/span><\/p>\n<p><span style=\"font-family: helvetica;font-size: large\">Desde \u00abNuestro Ajedrez en Europa\u00bb queremos agradecer la confianza que a lo largo de estos a\u00f1os han depositado en nosotros los responsables de la Corporaci\u00f3n Municipal y la magn\u00edfica colaboraci\u00f3n prestada por toda la comunidad educativa, con las direcciones de los 7 colegios p\u00fablicos al frente. La Medalla de Plata que la FIDE nos va a entregar en Budapest, durante la 45\u00aa Olimpiada de Ajedrez, ser\u00e1 recogida por el alcalde de Illescas, Jos\u00e9 Manuel Tofi\u00f1o, y por el coordinador del proyecto, F\u00e9lix Toribio. Este premio mundial supone un gran respaldo al proyecto y es muy importante para todas las partes que intervienen en su ejecuci\u00f3n, como se puso de manifiesto en la entrega de las 7 placas que los colegios lucir\u00e1n dentro de sus instalaciones a partir de ahora.<\/span><\/p>\n<p><span style=\"font-family: helvetica;font-size: large\"><\/span><\/p>\n<div class=\"separator\" style=\"clear: both;text-align: center\"><span style=\"font-family: helvetica;font-size: large\"><a href=\"https:\/\/www.bfv.cloud\/ajedrezeuropa\/wp-content\/uploads\/2024\/09\/920GRUPO20CON20PLACAS20FACHADA20AYTO20HORIZONTAL.jpeg\" style=\"margin-left: 1em;margin-right: 1em\"><img decoding=\"async\" border=\"0\" data-original-height=\"726\" data-original-width=\"865\" height=\"538\" src=\"https:\/\/blogger.googleusercontent.com\/img\/b\/R29vZ2xl\/AVvXsEhOZJY4yGQn_i6m_cS8LMPqPtAvacJII912iFV2eKZyAlxfL3NJwSruVGuNAOggXXzqcPcjemkxgNsQv1zM6V8HZ5el66LAJ5kv1q5ecbVSydQFpo0YR48E88_qFDWuX9yEz6f1CvlNMRPYHMnv3Q85mMT7U5KpdRSgYX6hRUcm5pZ-9ybKTyaeWlPGUig\/w640-h538\/9%20GRUPO%20CON%20PLACAS%20FACHADA%20AYTO%20HORIZONTAL.jpeg\" width=\"640\" \/><\/a><\/span><\/div>\n<p><span style=\"font-family: helvetica;font-size: large\"><br \/>.<\/span><\/p>\n","protected":false},"excerpt":{"rendered":"<p>&nbsp; El viernes 6 de septiembre, el sal\u00f3n de plenos del ayuntamiento de Illescas acogi\u00f3 un acto lleno de momentos emocionantes que sirvi\u00f3 para reconocer la labor de los 7 colegios p\u00fablicos illescanos: Mart\u00edn Chico, La Constituci\u00f3n, Ilarcuris, Clara Campoamor, El Greco, Libertad y Rosa Chacel, en el desarrollo del proyecto \u00abEl ajedrez en la [&hellip;]<\/p>\n","protected":false},"author":1,"featured_media":264,"comment_status":"open","ping_status":"closed","sticky":false,"template":"","format":"standard","meta":{"footnotes":""},"categories":[1],"tags":[],"class_list":["post-263","post","type-post","status-publish","format-standard","has-post-thumbnail","hentry","category-noticias"],"_links":{"self":[{"href":"https:\/\/www.bfv.cloud\/ajedrezeuropa\/wp-json\/wp\/v2\/posts\/263","targetHints":{"allow":["GET"]}}],"collection":[{"href":"https:\/\/www.bfv.cloud\/ajedrezeuropa\/wp-json\/wp\/v2\/posts"}],"about":[{"href":"https:\/\/www.bfv.cloud\/ajedrezeuropa\/wp-json\/wp\/v2\/types\/post"}],"author":[{"embeddable":true,"href":"https:\/\/www.bfv.cloud\/ajedrezeuropa\/wp-json\/wp\/v2\/users\/1"}],"replies":[{"embeddable":true,"href":"https:\/\/www.bfv.cloud\/ajedrezeuropa\/wp-json\/wp\/v2\/comments?post=263"}],"version-history":[{"count":1,"href":"https:\/\/www.bfv.cloud\/ajedrezeuropa\/wp-json\/wp\/v2\/posts\/263\/revisions"}],"predecessor-version":[{"id":266,"href":"https:\/\/www.bfv.cloud\/ajedrezeuropa\/wp-json\/wp\/v2\/posts\/263\/revisions\/266"}],"wp:featuredmedia":[{"embeddable":true,"href":"https:\/\/www.bfv.cloud\/ajedrezeuropa\/wp-json\/wp\/v2\/media\/264"}],"wp:attachment":[{"href":"https:\/\/www.bfv.cloud\/ajedrezeuropa\/wp-json\/wp\/v2\/media?parent=263"}],"wp:term":[{"taxonomy":"category","embeddable":true,"href":"https:\/\/www.bfv.cloud\/ajedrezeuropa\/wp-json\/wp\/v2\/categories?post=263"},{"taxonomy":"post_tag","embeddable":true,"href":"https:\/\/www.bfv.cloud\/ajedrezeuropa\/wp-json\/wp\/v2\/tags?post=263"}],"curies":[{"name":"wp","href":"https:\/\/api.w.org\/{rel}","templated":true}]}}