{"id":2638,"date":"2019-08-28T16:44:00","date_gmt":"2019-08-28T16:44:00","guid":{"rendered":"https:\/\/www.bfv.cloud\/ajedrezeuropa\/index.php\/2019\/08\/28\/cuatro-equipos-de-nuestros-clubes-en-el-regional-blitz\/"},"modified":"2025-11-20T10:49:32","modified_gmt":"2025-11-20T10:49:32","slug":"cuatro-equipos-de-nuestros-clubes-en-el-regional-blitz","status":"publish","type":"post","link":"https:\/\/www.bfv.cloud\/ajedrezeuropa\/cuatro-equipos-de-nuestros-clubes-en-el-regional-blitz\/","title":{"rendered":"CUATRO EQUIPOS DE NUESTROS CLUBES EN EL REGIONAL BLITZ"},"content":{"rendered":"<table cellpadding=\"0\" cellspacing=\"0\" class=\"tr-caption-container\" style=\"float: left;margin-right: 1em;text-align: left\">\n<tbody>\n<tr>\n<td style=\"text-align: center\"><a href=\"https:\/\/www.bfv.cloud\/ajedrezeuropa\/wp-content\/uploads\/2019\/08\/LOSDOSEQUIPOSDELAIGUALDAD.jpg\" style=\"clear: left;margin-bottom: 1em;margin-left: auto;margin-right: auto\"><img fetchpriority=\"high\" decoding=\"async\" border=\"0\" data-original-height=\"1045\" data-original-width=\"1600\" height=\"257\" src=\"https:\/\/blogger.googleusercontent.com\/img\/b\/R29vZ2xl\/AVvXsEi2M3when7jG8-NyghJwEPG44Hyn4ZzlgtH5yLjDIctr014o3lLP0QkSBdEqBryNwOEFYVZDpsD_CUjJyJ8OmYWS9Dj5MiW3T72qARdV78yxnZlgkvI1S53PZmCs_O7V8M2-roRRbi9_0o\/s400\/LOS+DOS+EQUIPOS+DE+LA+IGUALDAD.jpg\" width=\"400\" \/><\/a><\/td>\n<\/tr>\n<tr>\n<td class=\"tr-caption\" style=\"text-align: center\">Los jugadores de los 2 equipos de Nuestro Ajedrez por la Igualdad<\/td>\n<\/tr>\n<\/tbody>\n<\/table>\n<table cellpadding=\"0\" cellspacing=\"0\" class=\"tr-caption-container\" style=\"float: right;text-align: right\">\n<tbody>\n<tr>\n<td style=\"text-align: center\"><a href=\"https:\/\/www.bfv.cloud\/ajedrezeuropa\/wp-content\/uploads\/2019\/08\/EUROPA-A.jpg\" style=\"clear: right;margin-bottom: 1em;margin-left: auto;margin-right: auto\"><img decoding=\"async\" border=\"0\" data-original-height=\"1600\" data-original-width=\"1383\" height=\"400\" src=\"https:\/\/blogger.googleusercontent.com\/img\/b\/R29vZ2xl\/AVvXsEib7bOAwUBxw0sJiIa9MVLtoZ0Vf0dXl1adD0KO3-1zdVpSPOiRGR7WOeIlSPqf2XKLSjA2Pbf8lflJHTZaBK3gucRzCObEwulVvwp-69W8FVK1BJIb7yWBt1GaRS3C7UUA_UZJ-Vu010g\/s400\/EUROPA-A.jpg\" width=\"343\" \/><\/a><\/td>\n<\/tr>\n<tr>\n<td class=\"tr-caption\" style=\"text-align: center\">Nuestro Ajedrez en Europa-A<\/td>\n<\/tr>\n<\/tbody>\n<\/table>\n<p><span style=\", sans-serif;font-size: large\"><br \/><\/span><br \/>\n<span style=\", sans-serif;font-size: large\"><br \/><\/span><br \/>\n<span style=\", sans-serif;font-size: large\">El Campeonato Regional por Equipos Blitz (ritmo de partidas rel\u00e1mpago), celebr\u00f3 una nueva edici\u00f3n el pasado s\u00e1bado por la tarde en Salones Mabel de Tomelloso.&nbsp;<\/span><br \/>\n<span style=\", sans-serif;font-size: large\"><br \/><\/span><br \/>\n<span style=\", sans-serif;font-size: large\"><br \/><\/span><br \/>\n<span style=\", sans-serif;font-size: large\"><br \/><\/span><br \/>\n<span style=\", sans-serif;font-size: large\"><br \/><\/span><br \/>\n<span style=\", sans-serif;font-size: large\">Nuestro proyecto particip\u00f3 con 4 equipos: 2 de Nuestro Ajedrez en Europa y otros 2 de Nuestro Ajedrez por la Igualdad, con un total de 18 jugadores de las categor\u00edas sub18, sub16 y sub14, en su mayor\u00eda.<\/span><br \/>\n<span style=\", sans-serif;font-size: large\"><br \/><\/span><br \/>\n<span style=\"font-family: arial, helvetica, sans-serif;font-size: large\">La clasificaci\u00f3n final de estos 4 equipos fue:<\/span><\/p>\n<div style=\"text-align: center\">\n<span style=\"font-family: arial, helvetica, sans-serif;font-size: large\"><b>6\u00ba. Nuestro Ajedrez en Europa-A<\/b><\/span><\/div>\n<div style=\"text-align: center\">\n<span style=\"font-family: arial, helvetica, sans-serif;font-size: large\"><b>11\u00ba. Nuestro Ajedrez en Europa-B<\/b><\/span><\/div>\n<div style=\"text-align: center\">\n<span style=\"font-family: arial, helvetica, sans-serif;font-size: large\"><b>13\u00ba. Nuestro Ajedrez por la Igualdad-A<\/b><\/span><\/div>\n<div style=\"text-align: center\">\n<span style=\"font-family: arial, helvetica, sans-serif;font-size: large\"><b>16\u00ba. Nuestro Ajedrez por la Igualdad-B<\/b><\/span><\/div>\n","protected":false},"excerpt":{"rendered":"<p>Los jugadores de los 2 equipos de Nuestro Ajedrez por la Igualdad Nuestro Ajedrez en Europa-A El Campeonato Regional por Equipos Blitz (ritmo de partidas rel\u00e1mpago), celebr\u00f3 una nueva edici\u00f3n el pasado s\u00e1bado por la tarde en Salones Mabel de Tomelloso.&nbsp; Nuestro proyecto particip\u00f3 con 4 equipos: 2 de Nuestro Ajedrez en Europa y otros [&hellip;]<\/p>\n","protected":false},"author":1,"featured_media":2639,"comment_status":"open","ping_status":"closed","sticky":false,"template":"","format":"standard","meta":{"footnotes":""},"categories":[1],"tags":[],"class_list":["post-2638","post","type-post","status-publish","format-standard","has-post-thumbnail","hentry","category-noticias"],"_links":{"self":[{"href":"https:\/\/www.bfv.cloud\/ajedrezeuropa\/wp-json\/wp\/v2\/posts\/2638","targetHints":{"allow":["GET"]}}],"collection":[{"href":"https:\/\/www.bfv.cloud\/ajedrezeuropa\/wp-json\/wp\/v2\/posts"}],"about":[{"href":"https:\/\/www.bfv.cloud\/ajedrezeuropa\/wp-json\/wp\/v2\/types\/post"}],"author":[{"embeddable":true,"href":"https:\/\/www.bfv.cloud\/ajedrezeuropa\/wp-json\/wp\/v2\/users\/1"}],"replies":[{"embeddable":true,"href":"https:\/\/www.bfv.cloud\/ajedrezeuropa\/wp-json\/wp\/v2\/comments?post=2638"}],"version-history":[{"count":1,"href":"https:\/\/www.bfv.cloud\/ajedrezeuropa\/wp-json\/wp\/v2\/posts\/2638\/revisions"}],"predecessor-version":[{"id":2641,"href":"https:\/\/www.bfv.cloud\/ajedrezeuropa\/wp-json\/wp\/v2\/posts\/2638\/revisions\/2641"}],"wp:featuredmedia":[{"embeddable":true,"href":"https:\/\/www.bfv.cloud\/ajedrezeuropa\/wp-json\/wp\/v2\/media\/2639"}],"wp:attachment":[{"href":"https:\/\/www.bfv.cloud\/ajedrezeuropa\/wp-json\/wp\/v2\/media?parent=2638"}],"wp:term":[{"taxonomy":"category","embeddable":true,"href":"https:\/\/www.bfv.cloud\/ajedrezeuropa\/wp-json\/wp\/v2\/categories?post=2638"},{"taxonomy":"post_tag","embeddable":true,"href":"https:\/\/www.bfv.cloud\/ajedrezeuropa\/wp-json\/wp\/v2\/tags?post=2638"}],"curies":[{"name":"wp","href":"https:\/\/api.w.org\/{rel}","templated":true}]}}