{"id":2642,"date":"2016-12-08T21:22:00","date_gmt":"2016-12-08T21:22:00","guid":{"rendered":"https:\/\/www.bfv.cloud\/ajedrezeuropa\/index.php\/2016\/12\/08\/nuestro-ajedrez-en-europa-11o-de-espana-en-el-juvenil-por-equipos\/"},"modified":"2025-11-20T10:49:40","modified_gmt":"2025-11-20T10:49:40","slug":"nuestro-ajedrez-en-europa-11o-de-espana-en-el-juvenil-por-equipos","status":"publish","type":"post","link":"https:\/\/www.bfv.cloud\/ajedrezeuropa\/nuestro-ajedrez-en-europa-11o-de-espana-en-el-juvenil-por-equipos\/","title":{"rendered":"NUESTRO AJEDREZ EN EUROPA, 11\u00ba DE ESPA\u00d1A EN EL JUVENIL POR EQUIPOS"},"content":{"rendered":"<table align=\"center\" cellpadding=\"0\" cellspacing=\"0\" class=\"tr-caption-container\" style=\"margin-left: auto;margin-right: auto;text-align: center\">\n<tbody>\n<tr>\n<td style=\"text-align: center\"><a href=\"https:\/\/www.bfv.cloud\/ajedrezeuropa\/wp-content\/uploads\/2016\/12\/SAM_3246.jpg\" style=\"margin-left: auto;margin-right: auto\"><img fetchpriority=\"high\" decoding=\"async\" border=\"0\" height=\"312\" src=\"https:\/\/blogger.googleusercontent.com\/img\/b\/R29vZ2xl\/AVvXsEilGR4unYlyo8-megQpgMH3otwaEjWNhqQYX5MeTWXhXDzEt5l55C1EbmURvJ0F159Y6PcS1DZdbZCs-QGlAMt9guxPRntvU4YL_n5NuVRcrHh4cQZw9xFe4PnZJ8Woo-jGVG7G8LC-Nnc\/s640\/SAM_3246.JPG\" width=\"640\" \/><\/a><\/td>\n<\/tr>\n<tr>\n<td class=\"tr-caption\" style=\"text-align: center\">Los integrantes de los 3 equipos que nos han representado en Benidorm con la placa de reconocimiento<br \/>entregada al Club NUESTRO AJEDREZ EN EUROPA<\/td>\n<\/tr>\n<\/tbody>\n<\/table>\n<p><span style=\"font-family: Verdana, sans-serif;font-size: large\">El equipo sub-18 de NUESTRO AJEDREZ EN EUROPA ha logrado la 11\u00aa posici\u00f3n en el Campeonato de Espa\u00f1a celebrado del 3 al 7 de diciembre en Benidorm. El juvenil de \u00abEuropa\u00bb, que part\u00eda del puesto 14 del ranking inicial, vuelve a situarse entre los 12 mejores equipos nacionales tras sumar 4 victorias y 3 derrotas durante el torneo. Los 5 componentes de este joven equipo han sumado 8 puntos de encuentro y 14,5 de partidas, venciendo ante los clubes vascos de Martintxo, Santurtzi \u00abA\u00bb y \u00abB\u00bb, y Gambito de Santander. Mientras que las derrotas frente algunos de los favoritos del campeonato como Pontevedra, Ourense y los murcianos del Coimbra-Jumilla, han dejado a \u00abEuropa\u00bb luchando en el grupo del 7\u00ba al 12\u00ba puesto de la clasificaci\u00f3n final.<\/span><\/p>\n<div class=\"separator\" style=\"clear: both;text-align: center\">\n<\/div>\n<p><span style=\"font-family: Verdana, sans-serif;font-size: large\"> <\/p>\n<table cellpadding=\"0\" cellspacing=\"0\" class=\"tr-caption-container\" style=\"float: right;margin-left: 1em;text-align: right\">\n<tbody>\n<tr>\n<td style=\"text-align: center\"><a href=\"https:\/\/www.bfv.cloud\/ajedrezeuropa\/wp-content\/uploads\/2016\/12\/IMG_20161205_162712.jpg\" style=\"clear: right;margin-bottom: 1em;margin-left: auto;margin-right: auto\"><img decoding=\"async\" border=\"0\" height=\"290\" src=\"https:\/\/blogger.googleusercontent.com\/img\/b\/R29vZ2xl\/AVvXsEiSDJATGAUtjqNkhg02q_RdOvcpfPCxJPxHZiD43P2-12n4S5pqXUvtfIX9fn3Kj_G6GrcrEVGYaR5J3uS-QF_iR-qLHI-1GYEJBB2jnr2v6RuSnDSuOYhy8pcqJTpAGb4ITiyzS-ZhJiQ\/s400\/IMG_20161205_162712.jpg\" width=\"400\" \/><\/a><\/td>\n<\/tr>\n<tr>\n<td class=\"tr-caption\" style=\"text-align: center\">NUESTRO AJEDREZ EN EUROPA S-18 ha participado con:<br \/>Irene Sim\u00f3n, Alfredo Amador, Roberto L\u00f3pez,<br \/>Javier Valdepe\u00f1as y Julio M\u00e9rida (de p\u00ede)&nbsp;<\/td>\n<\/tr>\n<\/tbody>\n<\/table>\n<p>La adaptaci\u00f3n a la categor\u00eda juvenil del antiguo sub-16 ha permitido que esta 9\u00aa edici\u00f3n haya reunido a 27 formaciones llegadas de casi todas las comunidades aut\u00f3nomas.&nbsp;<\/span><br \/>\n<span style=\"font-family: Verdana, sans-serif;font-size: large\"><b><i><u>3 equipos entre las dos categor\u00edas<\/u><\/i><\/b><\/span><br \/>\n<span style=\"font-family: Verdana, sans-serif;font-size: large\">El proyecto manchego en el que participan los ayuntamientos de Alc\u00e1zar y Villafranca ha estado representado por 3 equipos y 16 jugadores de entre 10 y 17 a\u00f1os de edad. Un total de 52 equipos han disputado este nacional, 25 en el sub-12 y 27 en sub-18, con una cifra superior a 260 jugadores. lo que ha convertido a esta 9\u00aa edici\u00f3n en la de mayor participaci\u00f3n de las celebradas hasta ahora.<\/span><br \/>\n<span style=\"font-family: Verdana, sans-serif;font-size: large\"><b><u>Los equipos sub-18 y sub-12 de NUESTRO AJEDREZ POR LA IGUALDAD<\/u><\/b><\/span><\/p>\n<table cellpadding=\"0\" cellspacing=\"0\" class=\"tr-caption-container\" style=\"float: left;margin-right: 1em;text-align: left\">\n<tbody>\n<tr>\n<td style=\"text-align: center\"><a href=\"https:\/\/www.bfv.cloud\/ajedrezeuropa\/wp-content\/uploads\/2016\/12\/IMG_20161204_162730.jpg\" style=\"clear: left;margin-bottom: 1em;margin-left: auto;margin-right: auto\"><img decoding=\"async\" border=\"0\" height=\"300\" src=\"https:\/\/blogger.googleusercontent.com\/img\/b\/R29vZ2xl\/AVvXsEj-FNxF29Z_8vTQEQjsteG1hyphenhyphenTFNYknneGTJEUt8Eyn6k5OXkpW263b6sDZiDyOHUigvbfUTo_t2la3GepdO5cMYllDkc3T0b6kLxRn7Hls5btTqtj9hA3oCTW4izicHzpPrJ7gHmQN6Hg\/s400\/IMG_20161204_162730.jpg\" width=\"400\" \/><\/a><\/td>\n<\/tr>\n<tr>\n<td class=\"tr-caption\" style=\"text-align: center\">Mar\u00eda Oliver, Arsenio L\u00f3pez, Isabel Marcos-Alberca y Enrique Velasco,<br \/>junto a Clara Vela, han formado el sub-18 de<br \/>&nbsp;Nuestro Ajedrez por la Igualdad<\/td>\n<\/tr>\n<\/tbody>\n<\/table>\n<p><span style=\"font-family: Verdana, sans-serif;font-size: large\">El sub-18 de \u00abLa Igualdad\u00bb ha quedado en el 26\u00ba puesto, lugar de donde part\u00eda en el ranking, tras conseguir 2 puntos de encuentro y 5,5 de partidas. En esta formaci\u00f3n han participado un chico y una chica noveles en competiciones nacionales, acompa\u00f1ados de otros 3 j\u00f3venes que el a\u00f1o pasado tuvieron su primer contacto dentro del sub-16.&nbsp;<\/span><\/p>\n<table cellpadding=\"0\" cellspacing=\"0\" class=\"tr-caption-container\" style=\"float: right;margin-left: 1em;text-align: right\">\n<tbody>\n<tr>\n<td style=\"text-align: center\"><a href=\"https:\/\/www.bfv.cloud\/ajedrezeuropa\/wp-content\/uploads\/2016\/12\/IMG_20161204_163024.jpg\" style=\"clear: right;margin-bottom: 1em;margin-left: auto;margin-right: auto\"><img loading=\"lazy\" decoding=\"async\" border=\"0\" height=\"300\" src=\"https:\/\/blogger.googleusercontent.com\/img\/b\/R29vZ2xl\/AVvXsEghA8GudumkyXxnxXlMziAWVYyG0UdFwFGaE_J2FRmNW400-KmH-V45ytdwLgVFxjFifdOiGowcWOJewNVlmP3mV2X4sAdzH7cp7w-tOK-RuxRtJnzB8xdYvuENCrevBk6Es8k5ai2lTf0\/s400\/IMG_20161204_163024.jpg\" width=\"400\" \/><\/a><\/td>\n<\/tr>\n<tr>\n<td class=\"tr-caption\" style=\"text-align: center\">Alonso L\u00f3pez, Nuria Lozano, Gabriel Amador y Roberto Yeghiazaryan,<br \/>durante una de las rondas. El equipo lo han completado, Daniel Climent<br \/>y Juanfran Mar\u00edn<\/td>\n<\/tr>\n<\/tbody>\n<\/table>\n<p><span style=\"font-family: Verdana, sans-serif;font-size: large\">En la categor\u00eda de hasta 12 a\u00f1os de edad se han dado cita 25 equipos, dentro de una iniciativa pionera en este Festival de Benidorm. En la posici\u00f3n 18 de la clasificaci\u00f3n ha quedado el sub-12 de NUESTRO AJEDREZ POR LA IGUALDAD, igualando tambi\u00e9n su n\u00famero de orden inicial. Los 6 puntos de encuentro y los 12 de partidas tienen un enorme m\u00e9rito y no han hecho justicia al talento y a la lucha que los 6 ni\u00f1@s han derrochado a lo largo de toda la competici\u00f3n. Este equipo es una nueva propuesta de futuro para todos los responsables del proyecto y quedan m\u00e1s a\u00f1os por delante para afianzarse y subir a lo m\u00e1s alto de este Campeonato de Espa\u00f1a.<\/span><br \/>\n<span style=\"font-family: Verdana, sans-serif;font-size: large\"><b><u>Un reconocimiento a la labor del proyecto<\/u><\/b><\/span><br \/>\n<span style=\"font-family: Verdana, sans-serif;font-size: large\">Los organizadores del campeonato, Grupo Bali y FEDA, han querido mostrar su agradecimiento al trabajo y a la presencia que el proyecto Nuestro Ajedrez en Europa ha mantenido durante los \u00faltimos 8 a\u00f1os. De esta forma, en la ceremonia de clausura, los jugadores y los entrenadores de los dos clubes han recibido una placa de reconocimiento.<\/span><\/p>\n<table align=\"center\" cellpadding=\"0\" cellspacing=\"0\" class=\"tr-caption-container\" style=\"margin-left: auto;margin-right: auto;text-align: center\">\n<tbody>\n<tr>\n<td style=\"text-align: center\"><a href=\"https:\/\/www.bfv.cloud\/ajedrezeuropa\/wp-content\/uploads\/2016\/12\/SAM_3221.jpg\" style=\"margin-left: auto;margin-right: auto\"><img loading=\"lazy\" decoding=\"async\" border=\"0\" height=\"378\" src=\"https:\/\/blogger.googleusercontent.com\/img\/b\/R29vZ2xl\/AVvXsEgyy0Rp12CSKUiK4SQ4kYDjaAiVcppsEyI3SFB9-OYMM1YdzOY-MS0Z1c50tjT_GiWfQ7lgPDomaMxneHqyNSavYw0XARRCqYyWfK9uTZ4CEgMF9ZTBaHvmeRloUPbg4yYlM4sLxPrqZWo\/s640\/SAM_3221.JPG\" width=\"640\" \/><\/a><\/td>\n<\/tr>\n<tr>\n<td class=\"tr-caption\" style=\"text-align: center\">Los jugadores y parte de los entrenadores juntos en Benidorm<\/td>\n<\/tr>\n<\/tbody>\n<\/table>\n<p><span style=\"font-family: Verdana, sans-serif;font-size: large\"><br \/><\/span><\/p>\n","protected":false},"excerpt":{"rendered":"<p>Los integrantes de los 3 equipos que nos han representado en Benidorm con la placa de reconocimientoentregada al Club NUESTRO AJEDREZ EN EUROPA El equipo sub-18 de NUESTRO AJEDREZ EN EUROPA ha logrado la 11\u00aa posici\u00f3n en el Campeonato de Espa\u00f1a celebrado del 3 al 7 de diciembre en Benidorm. El juvenil de \u00abEuropa\u00bb, que [&hellip;]<\/p>\n","protected":false},"author":1,"featured_media":2643,"comment_status":"open","ping_status":"closed","sticky":false,"template":"","format":"standard","meta":{"footnotes":""},"categories":[1],"tags":[],"class_list":["post-2642","post","type-post","status-publish","format-standard","has-post-thumbnail","hentry","category-noticias"],"_links":{"self":[{"href":"https:\/\/www.bfv.cloud\/ajedrezeuropa\/wp-json\/wp\/v2\/posts\/2642","targetHints":{"allow":["GET"]}}],"collection":[{"href":"https:\/\/www.bfv.cloud\/ajedrezeuropa\/wp-json\/wp\/v2\/posts"}],"about":[{"href":"https:\/\/www.bfv.cloud\/ajedrezeuropa\/wp-json\/wp\/v2\/types\/post"}],"author":[{"embeddable":true,"href":"https:\/\/www.bfv.cloud\/ajedrezeuropa\/wp-json\/wp\/v2\/users\/1"}],"replies":[{"embeddable":true,"href":"https:\/\/www.bfv.cloud\/ajedrezeuropa\/wp-json\/wp\/v2\/comments?post=2642"}],"version-history":[{"count":1,"href":"https:\/\/www.bfv.cloud\/ajedrezeuropa\/wp-json\/wp\/v2\/posts\/2642\/revisions"}],"predecessor-version":[{"id":2648,"href":"https:\/\/www.bfv.cloud\/ajedrezeuropa\/wp-json\/wp\/v2\/posts\/2642\/revisions\/2648"}],"wp:featuredmedia":[{"embeddable":true,"href":"https:\/\/www.bfv.cloud\/ajedrezeuropa\/wp-json\/wp\/v2\/media\/2643"}],"wp:attachment":[{"href":"https:\/\/www.bfv.cloud\/ajedrezeuropa\/wp-json\/wp\/v2\/media?parent=2642"}],"wp:term":[{"taxonomy":"category","embeddable":true,"href":"https:\/\/www.bfv.cloud\/ajedrezeuropa\/wp-json\/wp\/v2\/categories?post=2642"},{"taxonomy":"post_tag","embeddable":true,"href":"https:\/\/www.bfv.cloud\/ajedrezeuropa\/wp-json\/wp\/v2\/tags?post=2642"}],"curies":[{"name":"wp","href":"https:\/\/api.w.org\/{rel}","templated":true}]}}