{"id":2649,"date":"2019-03-04T12:11:00","date_gmt":"2019-03-04T12:11:00","guid":{"rendered":"https:\/\/www.bfv.cloud\/ajedrezeuropa\/index.php\/2019\/03\/04\/nuestro-ajedrez-en-europa-ya-llega-a-mas-de-3-000-personas-en-castilla-la-mancha\/"},"modified":"2025-11-20T10:49:51","modified_gmt":"2025-11-20T10:49:51","slug":"nuestro-ajedrez-en-europa-ya-llega-a-mas-de-3-000-personas-en-castilla-la-mancha","status":"publish","type":"post","link":"https:\/\/www.bfv.cloud\/ajedrezeuropa\/nuestro-ajedrez-en-europa-ya-llega-a-mas-de-3-000-personas-en-castilla-la-mancha\/","title":{"rendered":"NUESTRO AJEDREZ EN EUROPA YA LLEGA A M\u00c1S DE 3.000 PERSONAS EN CASTILLA-LA MANCHA"},"content":{"rendered":"<p><span style=\", sans-serif;font-size: large\"><b><u>Illescas, un referente nacional en el ajedrez educativo<\/u><\/b><\/span><\/p>\n<table cellpadding=\"0\" cellspacing=\"0\" class=\"tr-caption-container\" style=\"float: right;text-align: right\">\n<tbody>\n<tr>\n<td style=\"text-align: center\"><a href=\"https:\/\/www.bfv.cloud\/ajedrezeuropa\/wp-content\/uploads\/2019\/03\/OSCARYSANTIENUNAPARTIDAENCONSULTA.jpg\" style=\"margin-left: auto;margin-right: auto\"><img fetchpriority=\"high\" decoding=\"async\" border=\"0\" data-original-height=\"996\" data-original-width=\"1410\" height=\"280\" src=\"https:\/\/blogger.googleusercontent.com\/img\/b\/R29vZ2xl\/AVvXsEhQ4NRqvYdZFlPjiWYfPLvO9MDnu7Xt7TR80pcb9feJSgTZOMzVIoddVCw21CU16uaJPbGxzDw4hB1kRkcYLKYLwO6KvBHcdUCAVwLKhqscQMr_o9y6BDSNIapXpgG6sbm8E2B6kEhOP6M\/s400\/OSCAR+Y+SANTI+EN+UNA+PARTIDA+EN+CONSULTA.jpg\" width=\"400\" \/><\/a><\/td>\n<\/tr>\n<tr>\n<td class=\"tr-caption\" style=\"text-align: center\">En el entrenamiento los chicos juegan \u00aben consulta\u00bb<\/td>\n<\/tr>\n<\/tbody>\n<\/table>\n<p><span style=\", sans-serif;font-size: large\"><b><u><\/u><\/b><\/span><br \/>\n<span style=\", sans-serif;font-size: large\"><b><u><\/u><\/b><\/span><br \/>\n<span style=\", sans-serif;font-size: large\">En el \u00faltimo tramo del curso 2018\/2019, es hora de hacer un breve repaso de los actuales programas en desarrollo de \u00abNuestro Ajedrez en Europa\u00bb. Los distintos planos en los que estamos trabajando: educativo, deportivo y cultural, le dan una dimensi\u00f3n diversa y enriquecedora al proyecto. Dentro de la educaci\u00f3n, se cumple el tercer curso&nbsp;<\/span><\/p>\n<table cellpadding=\"0\" cellspacing=\"0\" class=\"tr-caption-container\" style=\"float: left;text-align: left\">\n<tbody>\n<tr>\n<td style=\"text-align: center\"><a href=\"https:\/\/www.bfv.cloud\/ajedrezeuropa\/wp-content\/uploads\/2019\/03\/cartellogotipoconcursoconescudo_001.jpg\" style=\"clear: left;margin-bottom: 1em;margin-left: auto;margin-right: auto\"><img decoding=\"async\" border=\"0\" data-original-height=\"1600\" data-original-width=\"1131\" height=\"400\" src=\"https:\/\/blogger.googleusercontent.com\/img\/b\/R29vZ2xl\/AVvXsEgP67RG6AX_22cuA2xLkvyxJ-PndVR7SHWuaImp7qbF87UyK47jswyajO8tE87I6tABbl5HUQspbz2MWYTGfAFBVNlw9rJcTnYfXKCuCtLmRo-NA6Pe2ErMePBvoLlCyKsRxkRwcNKZx14\/s400\/cartel+logotipo+concurso+con+escudo_001.jpg\" width=\"281\" \/><\/a><\/td>\n<\/tr>\n<tr>\n<td class=\"tr-caption\" style=\"text-align: center\">Cartel para el concurso del logotipo del proyecto <br \/>\n\u00abEL AJEDREZ EN LA ESCUELA, UNA<br \/>\nESTRATEGIA EDUCATIVA\u00bb&nbsp;en los colegios de Illescas<\/td>\n<\/tr>\n<\/tbody>\n<\/table>\n<p><span style=\", sans-serif;font-size: large\">de&nbsp;<\/span><span style=\", sans-serif;font-size: large\">implantaci\u00f3n del proyecto \u00abel ajedrez en la escuela, una estrategia educativa\u00bb. Actualmente trabajamos en todos los centros y niveles de la educaci\u00f3n primaria en Illescas (Toledo). El proyecto educativo llega en estos momentos a m\u00e1s de 2.800 escolares de esta ciudad toledana en un proyecto \u00fanico en Castilla-La Mancha.<\/span><br \/>\n<span style=\", sans-serif;font-size: large\">En pocas semanas presentaremos el logotipo de nuestro proyecto educativo que saldr\u00e1 de un concurso en el que participan los chicos y chicas illescanos de entre 6 y 12 a\u00f1os de edad.<\/span><\/p>\n<table align=\"center\" cellpadding=\"0\" cellspacing=\"0\" class=\"tr-caption-container\" style=\"margin-left: auto;margin-right: auto;text-align: center\">\n<tbody>\n<tr>\n<td style=\"text-align: center\"><a href=\"https:\/\/www.bfv.cloud\/ajedrezeuropa\/wp-content\/uploads\/2019\/03\/M25C225AALUISAENILARCURIS252812529.jpg\" style=\"margin-left: auto;margin-right: auto\"><img decoding=\"async\" border=\"0\" data-original-height=\"700\" data-original-width=\"1600\" height=\"280\" src=\"https:\/\/blogger.googleusercontent.com\/img\/b\/R29vZ2xl\/AVvXsEhQE6l0OgqxHMxTU1rLtkK-IRhODM53XnBYWGkzoUrzpP-5euTxW54mpHbONim6QOIKoNlryzqhr4iWLJcwWlJ9DTt5mednW5udRKhmtHZu3B0ycWK-qhcSe9LS469y81309Ah1qAijgdw\/s640\/M%25C2%25AA+LUISA+EN+ILARCURIS+%25281%2529.jpg\" width=\"640\" \/><\/a><\/td>\n<\/tr>\n<tr>\n<td class=\"tr-caption\" style=\"text-align: center\">El ajedrez en las aulas de Illescas<\/p>\n<p><\/td>\n<\/tr>\n<\/tbody>\n<\/table>\n<p><span style=\", sans-serif;font-size: large\"><b style=\", sans-serif\"><u>El ajedrez como elemento de cultura en Herencia<\/u><\/b><\/span><br \/>\n<span style=\", sans-serif;font-size: large\"><\/span><br \/>\n<span style=\", sans-serif;font-size: large\"><\/span><br \/>\n<span style=\", sans-serif;font-size: large\"><\/span><br \/>\n<span style=\", sans-serif;font-size: large\"><\/span><\/p>\n<p><\/p>\n<table align=\"center\" cellpadding=\"0\" cellspacing=\"0\" class=\"tr-caption-container\" style=\"margin-left: auto;margin-right: auto;text-align: center\">\n<tbody>\n<tr>\n<td style=\"text-align: center\"><a href=\"https:\/\/www.bfv.cloud\/ajedrezeuropa\/wp-content\/uploads\/2019\/03\/GRUPODELVIERNES.jpg\" style=\"margin-left: auto;margin-right: auto\"><img loading=\"lazy\" decoding=\"async\" border=\"0\" data-original-height=\"475\" data-original-width=\"1127\" height=\"268\" src=\"https:\/\/blogger.googleusercontent.com\/img\/b\/R29vZ2xl\/AVvXsEhXej1O9RqNeAiybaBJ2BR26ALKMgAPVEqT-xXpqxFvADBsY4MSR3jAenzHzmIX_zgyVubCDCdhLEPVBm627-wx4WpjUtwLglrP0HNzD11-OR4QgVpXe-T0YV-pNNwn04CevdLr9JmkpXI\/s640\/GRUPO+DEL+VIERNES.jpg\" width=\"640\" \/><\/a><\/td>\n<\/tr>\n<tr>\n<td class=\"tr-caption\" style=\"text-align: center\">En Herencia, madres y alumnos comparten clases y juegos<\/td>\n<\/tr>\n<\/tbody>\n<\/table>\n<table cellpadding=\"0\" cellspacing=\"0\" class=\"tr-caption-container\" style=\"float: left;text-align: left\">\n<tbody>\n<tr>\n<td style=\"text-align: center\"><a href=\"https:\/\/www.bfv.cloud\/ajedrezeuropa\/wp-content\/uploads\/2019\/03\/APLICANDOLAL25C32593GICA.jpg\" style=\"margin-left: auto;margin-right: auto\"><img loading=\"lazy\" decoding=\"async\" border=\"0\" data-original-height=\"864\" data-original-width=\"1152\" height=\"300\" src=\"https:\/\/blogger.googleusercontent.com\/img\/b\/R29vZ2xl\/AVvXsEhS54vhK7OUDEOK8xv0_7D6CId85ylhH-g3CihTa0cFBMA_HEIyUzm0ykS4ZQ6IqzRK89RSwstp10h3741IczZPYzHYvmnSmKQObzFMn5mN0HTPPxaL8ghoIHt6E-hRnd-0NrNfG6iqYJE\/s400\/APLICANDO+LA+L%25C3%2593GICA.jpg\" width=\"400\" \/><\/a><\/td>\n<\/tr>\n<tr>\n<td class=\"tr-caption\" style=\"text-align: center\">Con la cultura del ajedrez en la escuela de Herencia<\/td>\n<\/tr>\n<\/tbody>\n<\/table>\n<p><span style=\", sans-serif;font-size: large\">En el terreno de la cultura, venimos trabajando por tercer a\u00f1o en la localidad ciudarreale\u00f1a de Herencia, a trav\u00e9s de su Universidad Popular. Este curso estamos desarrollando un programa de integraci\u00f3n en el aula entre ni\u00f1os, ni\u00f1as y madres. Esta experiencia piloto est\u00e1 resultando muy valiosa de cara a la implantaci\u00f3n de grupos intergeneracionales dentro de las escuelas de ajedrez.<\/span><br \/>\n<span style=\", sans-serif;font-size: large\"><br \/><\/span><br \/>\n<span style=\", sans-serif;font-size: large\"><b><u>Alc\u00e1zar, Villafranca y Consuegra dentro del proyecto deportivo<\/u><\/b><\/span><br \/>\n<span style=\", sans-serif;font-size: large\"><b><u><br \/><\/u><\/b><\/span><br \/>\n<\/p>\n<table cellpadding=\"0\" cellspacing=\"0\" class=\"tr-caption-container\" style=\"float: left;text-align: left\">\n<tbody>\n<tr>\n<td style=\"text-align: center\"><a href=\"https:\/\/www.bfv.cloud\/ajedrezeuropa\/wp-content\/uploads\/2019\/03\/IMG-20190113-WA0023.jpg\" style=\"margin-left: auto;margin-right: auto\"><img loading=\"lazy\" decoding=\"async\" border=\"0\" data-original-height=\"768\" data-original-width=\"1024\" height=\"296\" src=\"https:\/\/blogger.googleusercontent.com\/img\/b\/R29vZ2xl\/AVvXsEhGkyAtJA7PeB-tKuiShc41UGAjJSJyrJV_CHcSvcwlg7EKbETVlqwHYoKBivWfC-Ma4fXCNKpxB3kKBq2_cYE4w6HjyqzV6rpWnpQIChRoChFlWOeqSqa1TSa99JMTPyss1mPyNnazi9g\/s400\/IMG-20190113-WA0023.jpg\" width=\"400\" \/><\/a><\/td>\n<\/tr>\n<tr>\n<td class=\"tr-caption\" style=\"text-align: center\">La escuela de ajedrez de Consuegra ya est\u00e1 en marcha con 50 alumnos<\/td>\n<\/tr>\n<\/tbody>\n<\/table>\n<table cellpadding=\"0\" cellspacing=\"0\" class=\"tr-caption-container\" style=\"float: right;text-align: right\">\n<tbody>\n<tr>\n<td style=\"text-align: center\"><a href=\"https:\/\/www.bfv.cloud\/ajedrezeuropa\/wp-content\/uploads\/2019\/03\/IMG_20181222_113102_resized_20190103_104831910.jpg\" style=\"clear: right;margin-bottom: 1em;margin-left: auto;margin-right: auto\"><img loading=\"lazy\" decoding=\"async\" border=\"0\" data-original-height=\"864\" data-original-width=\"1152\" height=\"300\" src=\"https:\/\/blogger.googleusercontent.com\/img\/b\/R29vZ2xl\/AVvXsEhrRdCjcWeifaRobFmZUY-TTspUuI68I825DVzYck2zdQFRyQ8kyd0uH-YDfYrcUyrnXGNM8ctsLEZAiIITjjcRR9uhsyxbiPNOQEHwfjo3-tSnjlO_geCM7K6OO7_b5-WyDH9mDtOnCLg\/s400\/IMG_20181222_113102_resized_20190103_104831910.jpg\" width=\"400\" \/><\/a><\/td>\n<\/tr>\n<tr>\n<td class=\"tr-caption\" style=\"text-align: center\">Uno de los grupos de iniciaci\u00f3n de la escuela de Alc\u00e1zar<\/td>\n<\/tr>\n<\/tbody>\n<\/table>\n<p><span style=\", sans-serif;font-size: large\">Desde la creaci\u00f3n del proyecto deportivo conjunto de las escuelas de Alc\u00e1zar y Villafranca en 2007, el ajedrez de categor\u00eda juvenil manchego ha estado durante 10 a\u00f1os ininterrumpidos entre los mejores del panorama nacional. Sin ir m\u00e1s lejos en diciembre del a\u00f1o pasado el equipo sub-18 qued\u00f3 5\u00ba de Espa\u00f1a. Adem\u00e1s, gracias al proyecto, nuestros j\u00f3venes jugadores tienen oportunidad de seguir form\u00e1ndose, facilitando el acceso a los campeonatos y torneos por equipos m\u00e1s importantes regionales y nacionales.<\/span><br \/>\n<span style=\", sans-serif;font-size: large\">En febrero arrancaba la escuela de ajedrez de Consuegra, ahora mismo cuenta con 50 chicos y chicas de 5 a 12 a\u00f1os de edad.<\/span><br \/>\n<span style=\", sans-serif;font-size: large\">En todos estos a\u00f1os se abrieron otros campos de actuaci\u00f3n, por ejemplo, aquellos vinculados a los aspectos sociales, como la formaci\u00f3n b\u00e1sica en ajedrez para adultos.&nbsp;<\/span><br \/>\n<span style=\", sans-serif;font-size: large\"><br \/><\/span><br \/>\n<span style=\", sans-serif;font-size: large\"><b><u>El inter\u00e9s del mundo educativo y cultural por nuestro proyecto<\/u><\/b><\/span><\/p>\n<table cellpadding=\"0\" cellspacing=\"0\" class=\"tr-caption-container\" style=\"float: right;text-align: right\">\n<tbody>\n<tr>\n<td style=\"text-align: center\"><a href=\"https:\/\/www.bfv.cloud\/ajedrezeuropa\/wp-content\/uploads\/2019\/03\/CONEDUARDOSCALA.jpg\" style=\"clear: right;margin-bottom: 1em;margin-left: auto;margin-right: auto\"><img loading=\"lazy\" decoding=\"async\" border=\"0\" data-original-height=\"567\" data-original-width=\"716\" height=\"316\" src=\"https:\/\/blogger.googleusercontent.com\/img\/b\/R29vZ2xl\/AVvXsEjg5X7_laqU23C7u3PorufKYOJHGqTCzJugZhHfrZ1SPNyzO13dfXk0oiBYqQ_2_jC9PNi5lI4QMhED96BxVpTBPe-_d9uYV_OCxIVq_Emq227Hqo_bn3VYvQ94yNtEdBzhmHBGofr5gac\/s400\/CON+EDUARDO+SCALA.jpg\" width=\"400\" \/><\/a><\/td>\n<\/tr>\n<tr>\n<td class=\"tr-caption\" style=\"text-align: center\">El gran escritor y estudioso del ajedrez, Eduardo Scala, durante<br \/>\nsu reciente visita a la escuela de ajedrez de Villafranca<\/td>\n<\/tr>\n<\/tbody>\n<\/table>\n<p><span style=\", sans-serif;font-size: large\"><b><u><\/u><\/b><\/span><br \/>\n<span style=\", sans-serif;font-size: large\"><b><u><\/u><\/b><\/span><br \/>\n<span style=\", sans-serif;font-size: large\"><span style=\", sans-serif;font-size: medium\"><\/span>Son muchas las personas que han colaborado y colaboran con nosotros. A todas ellas muchas gracias por su trabajo, por sus ideas y por su esfuerzo.&nbsp;<\/span><\/p>\n<table align=\"center\" cellpadding=\"0\" cellspacing=\"0\" class=\"tr-caption-container\" style=\"float: left;margin-right: 1em;text-align: left\">\n<tbody>\n<tr>\n<td style=\"text-align: center\"><a href=\"https:\/\/www.bfv.cloud\/ajedrezeuropa\/wp-content\/uploads\/2019\/03\/EDUARDOJUGANDO.jpg\" style=\"clear: right;margin-bottom: 1em;margin-left: auto;margin-right: auto\"><img loading=\"lazy\" decoding=\"async\" border=\"0\" data-original-height=\"642\" data-original-width=\"863\" height=\"295\" src=\"https:\/\/blogger.googleusercontent.com\/img\/b\/R29vZ2xl\/AVvXsEgj1kRYL77EEGzQC37iHGQepROY1bFxfW9q0v4iqQ5pP09kbGeWMYkMppMilXc-dN2cueXf6aU4XJPRwMo_f73mipKhRxTAZKZoZ33sZr59lm68c-J2YWFHfKr3qEQmn_TUEVW0cVryPq8\/s400\/EDUARDO+JUGANDO.jpg\" width=\"400\" \/><\/a><\/td>\n<\/tr>\n<tr>\n<td class=\"tr-caption\" style=\"text-align: center\">Eduardo Scala comparti\u00f3 clase y partidas con los ni\u00f1os de iniciaci\u00f3n<\/td>\n<\/tr>\n<\/tbody>\n<\/table>\n<p><span style=\", sans-serif;font-size: large\">Agradecemos el creciente inter\u00e9s por nuestros proyectos desde el mundo de la educaci\u00f3n o desde el mundo de la creaci\u00f3n art\u00edstica y la cultura.&nbsp;<\/span><br \/>\n<span style=\", sans-serif;font-size: large\"><\/span><br \/>\n<span style=\", sans-serif;font-size: large\"><\/span><br \/>\n<span style=\", sans-serif;font-size: large\"><b><u>Gracias a las instituciones p\u00fablicas, medios de comunicaci\u00f3n y colegios<\/u><\/b><\/span><br \/>\n<span style=\", sans-serif;font-size: large\"><b><u><\/u><\/b><\/span><br \/>\n<span style=\", sans-serif;font-size: large\"><b><u><\/u><\/b><\/span><\/p>\n<table cellpadding=\"0\" cellspacing=\"0\" class=\"tr-caption-container\" style=\"float: right;margin-left: 1em;text-align: right\">\n<tbody>\n<tr>\n<td style=\"text-align: center\"><a href=\"https:\/\/www.bfv.cloud\/ajedrezeuropa\/wp-content\/uploads\/2019\/03\/HEROESANONIMOSMILGRACIAS.jpg\" style=\"clear: right;margin-bottom: 1em;margin-left: auto;margin-right: auto\"><img loading=\"lazy\" decoding=\"async\" border=\"0\" data-original-height=\"1600\" data-original-width=\"970\" height=\"400\" src=\"https:\/\/blogger.googleusercontent.com\/img\/b\/R29vZ2xl\/AVvXsEhRpfQfZgTdY7Q0GGYOb48lBwyqQpjEct1VAo1bfaKZv1azC9OMjJ_sh9KNoJ3q3NrilE1t7G8cosu3_Zu9GN-PxekOBcEpiHWsxCrM1HmsFFmu6otr5580xuBlOWy2crXFGhsnUQom1E0\/s400\/HEROES+ANONIMOS+MIL+GRACIAS.JPG\" width=\"242\" \/><\/a><\/td>\n<\/tr>\n<tr>\n<td class=\"tr-caption\" style=\"text-align: center\">Juli\u00e1n Cano (CMM) dedic\u00f3 un programa<br \/>\nde H\u00e9roes An\u00f3nimos a nuestro<br \/>\n&nbsp;proyecto educativo<\/td>\n<\/tr>\n<\/tbody>\n<\/table>\n<p><span style=\", sans-serif;font-size: large\">Y, por&nbsp; supuesto, gracias a los responsables de las instituciones p\u00fablicas y colegios que comparten con nosotros este trabajo en el d\u00eda a d\u00eda. En particular a esas personas que siempre est\u00e1n ah\u00ed para resolver problemas, sean dirigentes pol\u00edticos, t\u00e9cnicos o maestros. Nuestra gratitud a esos hombres y esas mujeres que nos acompa\u00f1an desde los ayuntamientos de Illescas, Villafranca y Consuegra, en la provincia de Toledo; desde los ayuntamientos de Alc\u00e1zar y Herencia, en la provincia de Ciudad Real; desde la Consejer\u00eda de Educaci\u00f3n de la Junta de Castilla-La Mancha, la Direcci\u00f3n Gral de Deportes y la delegaci\u00f3n de educaci\u00f3n de Toledo.<\/span><br \/>\n<span style=\", sans-serif;font-size: large\">Gracias a los responsables de los colegios de Illescas, a sus maestros y maestras, por acompa\u00f1arnos en esta maravillosa aventura del \u00abajedrez en la escuela\u00bb.<\/span><br \/>\n<span style=\", sans-serif;font-size: large\">Por \u00faltimo, gracias a todos los periodistas de los medios de comunicaci\u00f3n que hacen posible visibilizar nuestros proyectos. Su labor de informaci\u00f3n y difusi\u00f3n p\u00fablica es muy importante para nosotros.<\/span><br \/>\n<span style=\", sans-serif;font-size: large\"><br \/><\/span><br \/>\n<span style=\", sans-serif;font-size: large\"><\/span><\/p>\n<p><\/p>\n<div class=\"separator\" style=\"clear: both;text-align: center\">\n<\/div>\n","protected":false},"excerpt":{"rendered":"<p>Illescas, un referente nacional en el ajedrez educativo En el entrenamiento los chicos juegan \u00aben consulta\u00bb En el \u00faltimo tramo del curso 2018\/2019, es hora de hacer un breve repaso de los actuales programas en desarrollo de \u00abNuestro Ajedrez en Europa\u00bb. Los distintos planos en los que estamos trabajando: educativo, deportivo y cultural, le dan [&hellip;]<\/p>\n","protected":false},"author":1,"featured_media":2650,"comment_status":"open","ping_status":"closed","sticky":false,"template":"","format":"standard","meta":{"footnotes":""},"categories":[1],"tags":[],"class_list":["post-2649","post","type-post","status-publish","format-standard","has-post-thumbnail","hentry","category-noticias"],"_links":{"self":[{"href":"https:\/\/www.bfv.cloud\/ajedrezeuropa\/wp-json\/wp\/v2\/posts\/2649","targetHints":{"allow":["GET"]}}],"collection":[{"href":"https:\/\/www.bfv.cloud\/ajedrezeuropa\/wp-json\/wp\/v2\/posts"}],"about":[{"href":"https:\/\/www.bfv.cloud\/ajedrezeuropa\/wp-json\/wp\/v2\/types\/post"}],"author":[{"embeddable":true,"href":"https:\/\/www.bfv.cloud\/ajedrezeuropa\/wp-json\/wp\/v2\/users\/1"}],"replies":[{"embeddable":true,"href":"https:\/\/www.bfv.cloud\/ajedrezeuropa\/wp-json\/wp\/v2\/comments?post=2649"}],"version-history":[{"count":1,"href":"https:\/\/www.bfv.cloud\/ajedrezeuropa\/wp-json\/wp\/v2\/posts\/2649\/revisions"}],"predecessor-version":[{"id":2660,"href":"https:\/\/www.bfv.cloud\/ajedrezeuropa\/wp-json\/wp\/v2\/posts\/2649\/revisions\/2660"}],"wp:featuredmedia":[{"embeddable":true,"href":"https:\/\/www.bfv.cloud\/ajedrezeuropa\/wp-json\/wp\/v2\/media\/2650"}],"wp:attachment":[{"href":"https:\/\/www.bfv.cloud\/ajedrezeuropa\/wp-json\/wp\/v2\/media?parent=2649"}],"wp:term":[{"taxonomy":"category","embeddable":true,"href":"https:\/\/www.bfv.cloud\/ajedrezeuropa\/wp-json\/wp\/v2\/categories?post=2649"},{"taxonomy":"post_tag","embeddable":true,"href":"https:\/\/www.bfv.cloud\/ajedrezeuropa\/wp-json\/wp\/v2\/tags?post=2649"}],"curies":[{"name":"wp","href":"https:\/\/api.w.org\/{rel}","templated":true}]}}