{"id":2661,"date":"2015-11-29T17:40:00","date_gmt":"2015-11-29T17:40:00","guid":{"rendered":"https:\/\/www.bfv.cloud\/ajedrezeuropa\/index.php\/2015\/11\/29\/la-8a-edicion-del-ceclub-s-16-contara-con-la-participacion-de-nuestros-dos-clubes\/"},"modified":"2025-11-20T10:49:57","modified_gmt":"2025-11-20T10:49:57","slug":"la-8a-edicion-del-ceclub-s-16-contara-con-la-participacion-de-nuestros-dos-clubes","status":"publish","type":"post","link":"https:\/\/www.bfv.cloud\/ajedrezeuropa\/la-8a-edicion-del-ceclub-s-16-contara-con-la-participacion-de-nuestros-dos-clubes\/","title":{"rendered":"LA 8\u00aa EDICI\u00d3N DEL CECLUB S-16 CONTAR\u00c1 CON LA PARTICIPACI\u00d3N DE NUESTROS DOS CLUBES"},"content":{"rendered":"<div class=\"separator\" style=\"clear: both;text-align: center\">\n<a href=\"https:\/\/www.bfv.cloud\/ajedrezeuropa\/wp-content\/uploads\/2015\/11\/CARTELCECLUBSUB-162015.jpg\" style=\"clear: left;float: left;margin-bottom: 1em;margin-right: 1em\"><img fetchpriority=\"high\" decoding=\"async\" border=\"0\" height=\"640\" src=\"https:\/\/blogger.googleusercontent.com\/img\/b\/R29vZ2xl\/AVvXsEg1saj-9pqxOc0JDLguBRjul1w8WPm-Cu-u8NZ-2vU3brlwZ-GdeqjsZyqsgjrNu0uq5uvC3vRaQrKN-94gC-hhuv-c0QMmyOmMzOGtH_TmX0u46GM82KmmWkDGZ5e553FVLYENpxQb_3A\/s640\/CARTEL+CECLUB+SUB-16+2015.JPG\" width=\"380\" \/><\/a><\/div>\n<p><b style=\"font-family: Georgia, 'Times New Roman', serif\">El pr\u00f3ximo viernes 4 de diciembre comienza en el Hotel Bali de Benidorm el VIII CAMPEONATO DE ESPA\u00d1A POR EQUIPOS DE CLUB SUB-16. Hasta hoy domingo son 24 los equipos que han solicitado su inscripci\u00f3n, incluyendo los 5 de Castilla-La Mancha con los que por primera vez se convertir\u00e1 en la regi\u00f3n con mayor participaci\u00f3n en este nacional. Para la formaci\u00f3n sub-16 de NUESTRO AJEDREZ EN EUROPA ser\u00e1 la 7\u00aa oportunidad consecutiva de disputar esta final nacional, mientras que para los chicos y chicas de NUESTRO AJEDREZ POR LA IGUALDAD se convertir\u00e1 en la 5\u00aa ocasi\u00f3n. La trayectoria de estos dos clubes desde 2009, fecha de la primera participaci\u00f3n, ha ido siempre en el sentido de mejorar su ranking inicial. Recordemos que este 2015 tambi\u00e9n nos trajo la novedad de la presencia de los dos equipos sub-16 en el campeonato regional por equipos celebrado a principios de septiembre en Albacete.<\/b><\/p>\n<table cellpadding=\"0\" cellspacing=\"0\" class=\"tr-caption-container\" style=\"float: left;margin-right: 1em;text-align: left\">\n<tbody>\n<tr>\n<td style=\"text-align: center\"><a href=\"https:\/\/www.bfv.cloud\/ajedrezeuropa\/wp-content\/uploads\/2015\/11\/SAM_1251.jpg\" style=\"clear: left;margin-bottom: 1em;margin-left: auto;margin-right: auto\"><img decoding=\"async\" border=\"0\" height=\"300\" src=\"https:\/\/blogger.googleusercontent.com\/img\/b\/R29vZ2xl\/AVvXsEiMEvQ8VsYYeehmtdxRBfGgBT0N6ytFOvmFMbpSo_JnyrG0AWwXLDhksUA-4cbS2Y5ECRKSGw3-u363r3NbLH8_RcB6nZHF6KfUus2IJOch1sS1zoVrr-38nJVooW_NunCexeaUyOsD6ig\/s400\/SAM_1251.JPG\" width=\"400\" \/><\/a><\/td>\n<\/tr>\n<tr>\n<td class=\"tr-caption\" style=\"text-align: center\">Una imagen de nuestro grupo de jugadores del a\u00f1o pasado<br \/>\na la entrada del hotel Bali de Benidorm&nbsp;<\/td>\n<\/tr>\n<\/tbody>\n<\/table>\n<p><span style=\"font-family: Georgia, Times New Roman, serif\"><b>En el CECLUB de 2014, \u00abEUROPA\u00bb alcanz\u00f3 la 11\u00aa plaza y la \u00abIGUALDAD\u00bb qued\u00f3 clasificada en el puesto 21\u00ba de entre los 29 clubes en liza. Los objetivos deportivos para este 2015 se centran en luchar por estar entre los 10 mejores de Espa\u00f1a para NUESTRO AJEDREZ EN EUROPA, mientras que el joven y prometedor equipo de NUESTRO AJEDREZ POR LA IGUALDAD centrar\u00e1 su trabajo en ampliar y mejorar las experiencias dentro del mundo de la competici\u00f3n.&nbsp;<\/b><\/span><br \/>\n<span style=\"font-family: Georgia, Times New Roman, serif\"><b>Los 7 chicos y 6 chicas que componen los dos equipos del proyecto deber\u00e1n afrontar, como cada temporada, una competici\u00f3n muy exigente que les obliga a realizar un gran esfuerzo y mucha dedicaci\u00f3n cada d\u00eda. En los siguientes cuadros figuran el orden de fuerza con el que se presenta cada club:<\/b><\/span><\/p>\n<p><a href=\"https:\/\/www.bfv.cloud\/ajedrezeuropa\/wp-content\/uploads\/2015\/11\/ORDENFUERZADEFINITIVONAJEDREZEUROPA.jpg\" style=\"clear: left;float: left;margin-bottom: 1em;margin-right: 1em\"><img decoding=\"async\" border=\"0\" height=\"320\" src=\"https:\/\/blogger.googleusercontent.com\/img\/b\/R29vZ2xl\/AVvXsEh6IafGV3kH49Hgptm1xGih2T144EvA0jdt1-fnkWvdRTJ1YocTl-DkXrv_7yiC7uPOkNtdNkpDlnRmlKPpodgapNTx8eicT_W43WjppHmSHu2zc4sWX_YgNRlAsGzukiNXCkQBqpwYqCs\/s320\/ORDEN+FUERZA+DEFINITIVO+N+AJEDREZ+EUROPA.jpg\" width=\"318\" \/><\/a><span style=\"font-family: Georgia, Times New Roman, serif\"><b>Adem\u00e1s, dentro de los torneos individuales organizados por el Hotel Bali, participar\u00e1n los chicos: Gabriel Amador And\u00fajar y \u00c1lvaro Alberca Ortuno en el sub-10; Arturo Mate Mart\u00edn en el sub-14 y Marta Espinosa Gil en el sub-16. Estos dos \u00faltimos jugadores compartir\u00e1n el juego en estos torneos con el CECLUB sub-16. La parte t\u00e9cnica, con la preparaci\u00f3n de las partidas y el an\u00e1lisis posterior, queda en manos del GM Herminio Herr\u00e1iz y del monitor Luis Miguel Monreal, que estar\u00e1n acompa\u00f1ados por el director del proyecto, F\u00e9lix Toribio.<\/b><\/span><\/p>\n<p><\/p>\n<div class=\"separator\" style=\"clear: both;text-align: center\">\n<a href=\"https:\/\/www.bfv.cloud\/ajedrezeuropa\/wp-content\/uploads\/2015\/11\/ORDENFUERZADEFINITIVONAJEDREZPORLAIGUALDAD.jpg\" style=\"clear: right;float: right;margin-bottom: 1em;margin-left: 1em\"><img loading=\"lazy\" decoding=\"async\" border=\"0\" height=\"256\" src=\"https:\/\/blogger.googleusercontent.com\/img\/b\/R29vZ2xl\/AVvXsEixJCqz_F1kMOpOZIxKKjXQSh5iDw9pC0Rv8Xd5CbBO_qOOQ865yV4n2nkhDfIPMMXBo4sC48NDmebqj3cY035BonLBHwdEUdYjc9OfKtUkRxtbkxzeusUs5smcZuv906UtKCsscbWi2Gk\/s320\/ORDEN+FUERZA+DEFINITIVO+N+AJEDREZ+POR+LA+IGUALDAD.jpg\" width=\"320\" \/><\/a><\/div>\n<p><span style=\"font-family: Georgia, Times New Roman, serif\"><b>Desde esta p\u00e1gina queremos desear el mejor juego y una feliz experiencia a los 15 jugadores formados en las escuelas de ajedrez de Alc\u00e1zar de San Juan y Villafranca de los Caballeros.<\/b><\/span><br \/>\n<span style=\"font-family: Georgia, Times New Roman, serif\"><b>Tambi\u00e9n queremos enviar un saludo a los otros 3 clubes castellano-manchegos con los que compartiremos momentos y emociones:<\/b><\/span><br \/>\n<span style=\"font-family: Georgia, Times New Roman, serif\"><b>Almansa de Albacete, UNED de Guadalajara y Tomelloso de Ciudad Real.<\/b><\/span><\/p>\n<div class=\"separator\" style=\"clear: both;text-align: center\">\n<\/div>\n<p><\/p>\n","protected":false},"excerpt":{"rendered":"<p>El pr\u00f3ximo viernes 4 de diciembre comienza en el Hotel Bali de Benidorm el VIII CAMPEONATO DE ESPA\u00d1A POR EQUIPOS DE CLUB SUB-16. Hasta hoy domingo son 24 los equipos que han solicitado su inscripci\u00f3n, incluyendo los 5 de Castilla-La Mancha con los que por primera vez se convertir\u00e1 en la regi\u00f3n con mayor participaci\u00f3n [&hellip;]<\/p>\n","protected":false},"author":1,"featured_media":2662,"comment_status":"open","ping_status":"closed","sticky":false,"template":"","format":"standard","meta":{"footnotes":""},"categories":[1],"tags":[],"class_list":["post-2661","post","type-post","status-publish","format-standard","has-post-thumbnail","hentry","category-noticias"],"_links":{"self":[{"href":"https:\/\/www.bfv.cloud\/ajedrezeuropa\/wp-json\/wp\/v2\/posts\/2661","targetHints":{"allow":["GET"]}}],"collection":[{"href":"https:\/\/www.bfv.cloud\/ajedrezeuropa\/wp-json\/wp\/v2\/posts"}],"about":[{"href":"https:\/\/www.bfv.cloud\/ajedrezeuropa\/wp-json\/wp\/v2\/types\/post"}],"author":[{"embeddable":true,"href":"https:\/\/www.bfv.cloud\/ajedrezeuropa\/wp-json\/wp\/v2\/users\/1"}],"replies":[{"embeddable":true,"href":"https:\/\/www.bfv.cloud\/ajedrezeuropa\/wp-json\/wp\/v2\/comments?post=2661"}],"version-history":[{"count":1,"href":"https:\/\/www.bfv.cloud\/ajedrezeuropa\/wp-json\/wp\/v2\/posts\/2661\/revisions"}],"predecessor-version":[{"id":2666,"href":"https:\/\/www.bfv.cloud\/ajedrezeuropa\/wp-json\/wp\/v2\/posts\/2661\/revisions\/2666"}],"wp:featuredmedia":[{"embeddable":true,"href":"https:\/\/www.bfv.cloud\/ajedrezeuropa\/wp-json\/wp\/v2\/media\/2662"}],"wp:attachment":[{"href":"https:\/\/www.bfv.cloud\/ajedrezeuropa\/wp-json\/wp\/v2\/media?parent=2661"}],"wp:term":[{"taxonomy":"category","embeddable":true,"href":"https:\/\/www.bfv.cloud\/ajedrezeuropa\/wp-json\/wp\/v2\/categories?post=2661"},{"taxonomy":"post_tag","embeddable":true,"href":"https:\/\/www.bfv.cloud\/ajedrezeuropa\/wp-json\/wp\/v2\/tags?post=2661"}],"curies":[{"name":"wp","href":"https:\/\/api.w.org\/{rel}","templated":true}]}}