{"id":2667,"date":"2017-10-11T09:59:00","date_gmt":"2017-10-11T09:59:00","guid":{"rendered":"https:\/\/www.bfv.cloud\/ajedrezeuropa\/index.php\/2017\/10\/11\/calendario-nuestro-ajedrez-en-europa-noviembre-diciembre-2017\/"},"modified":"2025-11-20T10:49:59","modified_gmt":"2025-11-20T10:49:59","slug":"calendario-nuestro-ajedrez-en-europa-noviembre-diciembre-2017","status":"publish","type":"post","link":"https:\/\/www.bfv.cloud\/ajedrezeuropa\/calendario-nuestro-ajedrez-en-europa-noviembre-diciembre-2017\/","title":{"rendered":"CALENDARIO NUESTRO AJEDREZ EN EUROPA NOVIEMBRE\/DICIEMBRE 2017"},"content":{"rendered":"<div class=\"separator\" style=\"clear: both;text-align: center\">\n<a href=\"https:\/\/www.bfv.cloud\/ajedrezeuropa\/wp-content\/uploads\/2017\/10\/CALENDARIONOVDIC2017NUESTROAJEDREZENEUROPA.jpg\" style=\"margin-left: 1em;margin-right: 1em\"><img fetchpriority=\"high\" decoding=\"async\" border=\"0\" data-original-height=\"1011\" data-original-width=\"1600\" height=\"404\" src=\"https:\/\/blogger.googleusercontent.com\/img\/b\/R29vZ2xl\/AVvXsEjPECaTTWGxwYkmb0HY6h6oTGHp2Gqi38EcAvxpYvWbA6TcrSAZMSureoeIUpoaUBK3v9Nv9nfdkdMiy-hbxIKWnFvlc1La_KeLl1iHPQCNOczW4ikmmUCU7XrLvwi4PsEiOkZY2tTwadA\/s640\/CALENDARIO+NOV+DIC+2017+NUESTRO+AJEDREZ+EN+EUROPA.jpg\" width=\"640\" \/><\/a><\/div>\n<p><span style=\"color: blue;font-family: Verdana, sans-serif;font-size: large\">Esta es la previsi\u00f3n de competiciones y actividades de Nuestro Ajedrez en Europa para los meses de noviembre y diciembre de 2017.&nbsp;<\/span><br \/>\n<span style=\"color: blue;font-family: Verdana, sans-serif;font-size: large\">Las fechas de la Copa de Espa\u00f1a por Equipos sub-18 y sub-12 de Benidorm y las de la X CONCENTRACI\u00d3N DE NAVIDAD son definitivas. Sin embargo el Campeonato Provincial por Equipos de Toledo, que es lo m\u00e1s pr\u00f3ximo, todav\u00eda tiene por confirmar las fechas, sobre todo la del domingo 5 de noviembre. Esperamos que la indefinici\u00f3n de la Delegaci\u00f3n de Toledo no dure mucho m\u00e1s y confirme, de una vez, las fechas definitivas y otros aspectos organizativos. <b>A d\u00eda de hoy, este campeonato provincial por equipos, no tiene definidas el n\u00famero de rondas, las fechas y la organizaci\u00f3n de la 1\u00aa ronda.<\/b><\/span><\/p>\n","protected":false},"excerpt":{"rendered":"<p>Esta es la previsi\u00f3n de competiciones y actividades de Nuestro Ajedrez en Europa para los meses de noviembre y diciembre de 2017.&nbsp; Las fechas de la Copa de Espa\u00f1a por Equipos sub-18 y sub-12 de Benidorm y las de la X CONCENTRACI\u00d3N DE NAVIDAD son definitivas. Sin embargo el Campeonato Provincial por Equipos de Toledo, [&hellip;]<\/p>\n","protected":false},"author":1,"featured_media":2668,"comment_status":"open","ping_status":"closed","sticky":false,"template":"","format":"standard","meta":{"footnotes":""},"categories":[1],"tags":[],"class_list":["post-2667","post","type-post","status-publish","format-standard","has-post-thumbnail","hentry","category-noticias"],"_links":{"self":[{"href":"https:\/\/www.bfv.cloud\/ajedrezeuropa\/wp-json\/wp\/v2\/posts\/2667","targetHints":{"allow":["GET"]}}],"collection":[{"href":"https:\/\/www.bfv.cloud\/ajedrezeuropa\/wp-json\/wp\/v2\/posts"}],"about":[{"href":"https:\/\/www.bfv.cloud\/ajedrezeuropa\/wp-json\/wp\/v2\/types\/post"}],"author":[{"embeddable":true,"href":"https:\/\/www.bfv.cloud\/ajedrezeuropa\/wp-json\/wp\/v2\/users\/1"}],"replies":[{"embeddable":true,"href":"https:\/\/www.bfv.cloud\/ajedrezeuropa\/wp-json\/wp\/v2\/comments?post=2667"}],"version-history":[{"count":1,"href":"https:\/\/www.bfv.cloud\/ajedrezeuropa\/wp-json\/wp\/v2\/posts\/2667\/revisions"}],"predecessor-version":[{"id":2669,"href":"https:\/\/www.bfv.cloud\/ajedrezeuropa\/wp-json\/wp\/v2\/posts\/2667\/revisions\/2669"}],"wp:featuredmedia":[{"embeddable":true,"href":"https:\/\/www.bfv.cloud\/ajedrezeuropa\/wp-json\/wp\/v2\/media\/2668"}],"wp:attachment":[{"href":"https:\/\/www.bfv.cloud\/ajedrezeuropa\/wp-json\/wp\/v2\/media?parent=2667"}],"wp:term":[{"taxonomy":"category","embeddable":true,"href":"https:\/\/www.bfv.cloud\/ajedrezeuropa\/wp-json\/wp\/v2\/categories?post=2667"},{"taxonomy":"post_tag","embeddable":true,"href":"https:\/\/www.bfv.cloud\/ajedrezeuropa\/wp-json\/wp\/v2\/tags?post=2667"}],"curies":[{"name":"wp","href":"https:\/\/api.w.org\/{rel}","templated":true}]}}