{"id":267,"date":"2018-05-06T13:19:00","date_gmt":"2018-05-06T13:19:00","guid":{"rendered":"https:\/\/www.bfv.cloud\/ajedrezeuropa\/index.php\/2018\/05\/06\/nuestro-trabajo-con-la-consejeria-de-educacion-en-la-promocion-del-ajedrez-en-los-centros-de-ensenanza-de-toledo\/"},"modified":"2025-11-20T10:15:23","modified_gmt":"2025-11-20T10:15:23","slug":"nuestro-trabajo-con-la-consejeria-de-educacion-en-la-promocion-del-ajedrez-en-los-centros-de-ensenanza-de-toledo","status":"publish","type":"post","link":"https:\/\/www.bfv.cloud\/ajedrezeuropa\/nuestro-trabajo-con-la-consejeria-de-educacion-en-la-promocion-del-ajedrez-en-los-centros-de-ensenanza-de-toledo\/","title":{"rendered":"NUESTRO TRABAJO CON LA CONSEJER\u00cdA DE EDUCACI\u00d3N EN LA PROMOCI\u00d3N DEL AJEDREZ EN LOS CENTROS DE ENSE\u00d1ANZA DE TOLEDO"},"content":{"rendered":"<div class=\"separator\" style=\"clear: both;text-align: center\">\n<a href=\"https:\/\/www.bfv.cloud\/ajedrezeuropa\/wp-content\/uploads\/2018\/05\/CARTELPROMOCI25C32593NAJEDREZTOLEDO2018.jpg\" style=\"clear: left;float: left;margin-bottom: 1em;margin-right: 1em\"><img fetchpriority=\"high\" decoding=\"async\" border=\"0\" data-original-height=\"1600\" data-original-width=\"1133\" height=\"400\" src=\"https:\/\/blogger.googleusercontent.com\/img\/b\/R29vZ2xl\/AVvXsEgQ6D_kWMQw0m0vKdiynVUg3vPeiiCx3dRtYJ2c2kIUyOxc5lHrcSMn2-hxEZTiut95vGRSRZGl7snVQ36c8rzEnVYMx6PTfMSzw0PqEa4-v_BZBaWntyzp4mb5huTKSVs_kGcFTKHHPw8\/s400\/CARTEL+PROMOCI%25C3%2593N+AJEDREZ+TOLEDO+2018.jpg\" width=\"281\" \/><\/a><object><\/object><\/div>\n<p><span style=\", sans-serif;font-size: large\">Cerca de 400 alumn@s de centros educativos de primaria y secundaria de la provincia de Toledo est\u00e1n participando en el proyecto de promoci\u00f3n: \u00abEl ajedrez en la escuela\u00bb. Gracias a la colaboraci\u00f3n entre la Direcci\u00f3n Provincial de Educaci\u00f3n de Toledo y \u00abNuestro Ajedrez en Europa\u00bb, chicos y chicas de 3\u00ba y 4\u00ba de primaria junto a 1\u00ba de ESO, est\u00e1n conociendo los fundamentos del juego\/ciencia introducidos en las distintas asignaturas curriculares.<\/span><\/p>\n","protected":false},"excerpt":{"rendered":"<p>Cerca de 400 alumn@s de centros educativos de primaria y secundaria de la provincia de Toledo est\u00e1n participando en el proyecto de promoci\u00f3n: \u00abEl ajedrez en la escuela\u00bb. Gracias a la colaboraci\u00f3n entre la Direcci\u00f3n Provincial de Educaci\u00f3n de Toledo y \u00abNuestro Ajedrez en Europa\u00bb, chicos y chicas de 3\u00ba y 4\u00ba de primaria junto [&hellip;]<\/p>\n","protected":false},"author":1,"featured_media":268,"comment_status":"open","ping_status":"closed","sticky":false,"template":"","format":"standard","meta":{"footnotes":""},"categories":[1],"tags":[],"class_list":["post-267","post","type-post","status-publish","format-standard","has-post-thumbnail","hentry","category-noticias"],"_links":{"self":[{"href":"https:\/\/www.bfv.cloud\/ajedrezeuropa\/wp-json\/wp\/v2\/posts\/267","targetHints":{"allow":["GET"]}}],"collection":[{"href":"https:\/\/www.bfv.cloud\/ajedrezeuropa\/wp-json\/wp\/v2\/posts"}],"about":[{"href":"https:\/\/www.bfv.cloud\/ajedrezeuropa\/wp-json\/wp\/v2\/types\/post"}],"author":[{"embeddable":true,"href":"https:\/\/www.bfv.cloud\/ajedrezeuropa\/wp-json\/wp\/v2\/users\/1"}],"replies":[{"embeddable":true,"href":"https:\/\/www.bfv.cloud\/ajedrezeuropa\/wp-json\/wp\/v2\/comments?post=267"}],"version-history":[{"count":1,"href":"https:\/\/www.bfv.cloud\/ajedrezeuropa\/wp-json\/wp\/v2\/posts\/267\/revisions"}],"predecessor-version":[{"id":269,"href":"https:\/\/www.bfv.cloud\/ajedrezeuropa\/wp-json\/wp\/v2\/posts\/267\/revisions\/269"}],"wp:featuredmedia":[{"embeddable":true,"href":"https:\/\/www.bfv.cloud\/ajedrezeuropa\/wp-json\/wp\/v2\/media\/268"}],"wp:attachment":[{"href":"https:\/\/www.bfv.cloud\/ajedrezeuropa\/wp-json\/wp\/v2\/media?parent=267"}],"wp:term":[{"taxonomy":"category","embeddable":true,"href":"https:\/\/www.bfv.cloud\/ajedrezeuropa\/wp-json\/wp\/v2\/categories?post=267"},{"taxonomy":"post_tag","embeddable":true,"href":"https:\/\/www.bfv.cloud\/ajedrezeuropa\/wp-json\/wp\/v2\/tags?post=267"}],"curies":[{"name":"wp","href":"https:\/\/api.w.org\/{rel}","templated":true}]}}