{"id":2674,"date":"2016-12-12T21:18:00","date_gmt":"2016-12-12T21:18:00","guid":{"rendered":"https:\/\/www.bfv.cloud\/ajedrezeuropa\/index.php\/2016\/12\/12\/subcampeones-de-1a-division-y-los-otros-3-equipos-entre-los-9-mejores\/"},"modified":"2025-11-20T10:50:09","modified_gmt":"2025-11-20T10:50:09","slug":"subcampeones-de-1a-division-y-los-otros-3-equipos-entre-los-9-mejores","status":"publish","type":"post","link":"https:\/\/www.bfv.cloud\/ajedrezeuropa\/subcampeones-de-1a-division-y-los-otros-3-equipos-entre-los-9-mejores\/","title":{"rendered":"SUBCAMPEONES DE 1\u00aa DIVISI\u00d3N &#8230; Y LOS OTROS 3 EQUIPOS ENTRE LOS 9 MEJORES"},"content":{"rendered":"<table cellpadding=\"0\" cellspacing=\"0\" class=\"tr-caption-container\" style=\"float: left;margin-right: 1em;text-align: left\">\n<tbody>\n<tr>\n<td style=\"text-align: center\"><a href=\"https:\/\/www.bfv.cloud\/ajedrezeuropa\/wp-content\/uploads\/2016\/12\/SAM_3250.jpg\" style=\"clear: left;margin-bottom: 1em;margin-left: auto;margin-right: auto\"><img fetchpriority=\"high\" decoding=\"async\" border=\"0\" height=\"257\" src=\"https:\/\/blogger.googleusercontent.com\/img\/b\/R29vZ2xl\/AVvXsEjO3nVEHp3RNBUZsrAgFaXXgU4j1AR_3Q34QdLUrDBIIAjcMpEDNE5N4Y8HlnbFcARB_i2OjqhQThNMedc1zShlVsIYzagbs85Qti3VlVcsk7Xbj3TI94ab4PC0VWg7uvbrRIisPK8ZX4k\/s400\/SAM_3250.JPG\" width=\"400\" \/><\/a><\/td>\n<\/tr>\n<tr>\n<td class=\"tr-caption\" style=\"text-align: center\">El grupo de ajedrecistas del proyecto que jugaron la \u00faltima jornada<\/td>\n<\/tr>\n<\/tbody>\n<\/table>\n<table cellpadding=\"0\" cellspacing=\"0\" class=\"tr-caption-container\" style=\"float: right;margin-left: 1em;text-align: right\">\n<tbody>\n<tr>\n<td style=\"text-align: center\"><a href=\"https:\/\/www.bfv.cloud\/ajedrezeuropa\/wp-content\/uploads\/2016\/12\/SAM_3253.jpg\" style=\"clear: right;margin-bottom: 1em;margin-left: auto;margin-right: auto\"><img decoding=\"async\" border=\"0\" height=\"400\" src=\"https:\/\/blogger.googleusercontent.com\/img\/b\/R29vZ2xl\/AVvXsEg3XdmYniyFlfh6S91xdrp_nZaea-hH5C-kCGhvjwazTBqGdYfOOsBgmk7LAVHCMDt1K0Px8EwhU7skdBT09SxapMe9Id2wL3IbYIDTgfh2daek9gkUs6jBirF57SeO80SGHzUN6lS01HI\/s400\/SAM_3253.JPG\" width=\"265\" \/><\/a><\/td>\n<\/tr>\n<tr>\n<td class=\"tr-caption\" style=\"text-align: center\">NUESTRO AJEDREZ EN EUROPA-A,<br \/>\nsubcampeones provinciales de Toledo<\/td>\n<\/tr>\n<\/tbody>\n<\/table>\n<p><span style=\", sans-serif;font-size: large\">Nuestro Ajedrez en Europa-A consigue el subcampeonato del Provincial de Clubes de Toledo. En esta ocasi\u00f3n, despu\u00e9s de 2 a\u00f1os consecutivos venciendo en la m\u00e1xima categor\u00eda por equipos del ajedrez de Toledo, la plata es el premio a un gran campeonato de los ajedrecistas de \u00abEuropa-A\u00bb. La prioridad que suponen los estudios universitarios de nuestros jugadores nos ha privado de disfrutar de toda la fuerza del equipo en algunas jornadas y en rondas decisivas. Con todo, el resultado de los 4 equipos que han competido en la 1\u00aa divisi\u00f3n es muy notable. A este segundo puesto hay que a\u00f1adir la 4\u00aa posici\u00f3n de NUESTRO AJEDREZ POR LA IGUALDAD-A, que es el mejor resultado en todos los a\u00f1os de su participaci\u00f3n, la 7\u00aa plaza del B de NUESTRO AJEDREZ EN EUROPA y, por \u00faltimo, la muy destacable actuaci\u00f3n del equipo B de NUESTRO AJEDREZ POR LA IGUALDAD. Este equipo, formado por chicos y chicas de entre 10 y 14 a\u00f1os de edad, logra la 9\u00aa plaza, despu\u00e9s de vencer por un aplastante 4-0 al s\u00e9ptimo del ranking inicial, Yebel.<\/span><br \/>\n<span style=\", sans-serif;font-size: large\"><br \/><\/span><br \/>\n<\/p>\n<table cellpadding=\"0\" cellspacing=\"0\" class=\"tr-caption-container\" style=\"float: right;text-align: right\">\n<tbody>\n<tr>\n<td style=\"text-align: center\"><a href=\"https:\/\/www.bfv.cloud\/ajedrezeuropa\/wp-content\/uploads\/2016\/12\/SAM_3169.jpg\" style=\"clear: right;margin-bottom: 1em;margin-left: auto;margin-right: auto\"><img decoding=\"async\" border=\"0\" height=\"300\" src=\"https:\/\/blogger.googleusercontent.com\/img\/b\/R29vZ2xl\/AVvXsEhhgTx5FwpMFzzkXCWCIjUcIZjw_muFgCNIQEw1DgT5XpuZLTdyIiXa-fpw8bqp7rrXUczrKTYD_jX8u7grNo5UcGALEC-nnYXXwWAxyu5riRybAbOtdUnZOpAU4dHsu_RCCW5okpb3M58\/s400\/SAM_3169.JPG\" width=\"400\" \/><\/a><\/td>\n<\/tr>\n<tr>\n<td class=\"tr-caption\" style=\"text-align: center\">NUESTRO AJEDREZ POR LA IGUALDAD-A , queda en 4\u00aa posici\u00f3n y<br \/>\ncompleta su mejor resultado en este provincial<\/td>\n<\/tr>\n<\/tbody>\n<\/table>\n<p><span style=\", sans-serif;font-size: large\"><b><u>50 AJEDRECISTAS DEL PROYECTO JUGANDO EN TOLEDO<\/u><\/b><\/span><br \/>\n<span style=\", sans-serif;font-size: large\">La participaci\u00f3n de 50 ajedrecistas distribuidos en los 6 equipos del proyecto entre 1\u00aa divisi\u00f3n y promoci\u00f3n, dice mucho del esfuerzo que realizamos para sumar partidas y experiencia a los alumn@s de las escuelas de Alc\u00e1zar y Villafranca, as\u00ed como para los aficionados que integran nuestros clubes.<\/span><\/p>\n<table align=\"center\" cellpadding=\"0\" cellspacing=\"0\" class=\"tr-caption-container\" style=\"margin-left: auto;margin-right: auto;text-align: center\">\n<tbody>\n<tr>\n<td style=\"text-align: center\"><a href=\"https:\/\/www.bfv.cloud\/ajedrezeuropa\/wp-content\/uploads\/2016\/12\/IMG_20161211_100350.jpg\" style=\"margin-left: auto;margin-right: auto\"><img loading=\"lazy\" decoding=\"async\" border=\"0\" height=\"538\" src=\"https:\/\/blogger.googleusercontent.com\/img\/b\/R29vZ2xl\/AVvXsEhUYE1EYPKTtRE8-ze4cuzqU7WCumdQpCrwKwjQoOvwh9ZcMq6_LI5kd2bZtNtTYgEGhwJqQ6BJI1mEnuD4pLWY25uzEYp0WQKQq8HfuDV3UmcFzljuhX-GzGH3BWjRVNRbwheYq0Fzzs4\/s640\/IMG_20161211_100350.jpg\" width=\"640\" \/><\/a><\/td>\n<\/tr>\n<tr>\n<td class=\"tr-caption\" style=\"text-align: center\">Los j\u00f3venes de NUESTRO AJEDREZ POR LA IGUALDAD-B se sit\u00faan novenos de Toledo.<br \/>\nEn la \u00faltima ronda vencieron por un rotundo 4-0 al Club Yebel (Los Y\u00e9benes)<\/td>\n<\/tr>\n<\/tbody>\n<\/table>\n<p><\/p>\n<table cellpadding=\"0\" cellspacing=\"0\" class=\"tr-caption-container\" style=\"float: left;margin-right: 1em;text-align: left\">\n<tbody>\n<tr>\n<td style=\"text-align: center\"><a href=\"https:\/\/www.bfv.cloud\/ajedrezeuropa\/wp-content\/uploads\/2016\/12\/IMG_20161211_100405.jpg\" style=\"clear: left;margin-bottom: 1em;margin-left: auto;margin-right: auto\"><img loading=\"lazy\" decoding=\"async\" border=\"0\" height=\"370\" src=\"https:\/\/blogger.googleusercontent.com\/img\/b\/R29vZ2xl\/AVvXsEhZHh-RiEc_Yox-1c25lFMFloVzbz3XTt6_eKqll-UyNfv-qaQxOO1y6s7PDOTMl1hZ_IonmFEniHp0D084WBwHnjjjTnKoak0XneiKrD7nBDYEzeotCmr4s5d8Y9hxcQmp6F0SJQ3KAFo\/s400\/IMG_20161211_100405.jpg\" width=\"400\" \/><\/a><\/td>\n<\/tr>\n<tr>\n<td class=\"tr-caption\" style=\"text-align: center\">El equipo B de NUESTRO AJEDREZ EN EUROPA ha quedado en<br \/>\nla 7\u00aa plaza<\/td>\n<\/tr>\n<\/tbody>\n<\/table>\n<p><span style=\"font-family: Arial, Helvetica, sans-serif;font-size: large\">En lo que respecta al torneo de Promoci\u00f3n, pensado para el aprendizaje de los jugadores y aficionados de menor experiencia, los 2 equipos que han participado han tenido una buena actuaci\u00f3n, sobre todo teniendo en cuenta la gran participaci\u00f3n que hemos procurado para ni\u00f1os y aficionados noveles. A pesar de ello, NUESTRO AJEDREZ POR LA IGUALDAD-C ha finalizado en la 4\u00aa plaza empatado 8 puntos con el segundo y el tercero. Mientras, el C de Europa, ha acabado 11\u00ba entre los 16 equipos participantes.<\/span><\/p>\n","protected":false},"excerpt":{"rendered":"<p>El grupo de ajedrecistas del proyecto que jugaron la \u00faltima jornada NUESTRO AJEDREZ EN EUROPA-A, subcampeones provinciales de Toledo Nuestro Ajedrez en Europa-A consigue el subcampeonato del Provincial de Clubes de Toledo. En esta ocasi\u00f3n, despu\u00e9s de 2 a\u00f1os consecutivos venciendo en la m\u00e1xima categor\u00eda por equipos del ajedrez de Toledo, la plata es el [&hellip;]<\/p>\n","protected":false},"author":1,"featured_media":2675,"comment_status":"open","ping_status":"closed","sticky":false,"template":"","format":"standard","meta":{"footnotes":""},"categories":[1],"tags":[],"class_list":["post-2674","post","type-post","status-publish","format-standard","has-post-thumbnail","hentry","category-noticias"],"_links":{"self":[{"href":"https:\/\/www.bfv.cloud\/ajedrezeuropa\/wp-json\/wp\/v2\/posts\/2674","targetHints":{"allow":["GET"]}}],"collection":[{"href":"https:\/\/www.bfv.cloud\/ajedrezeuropa\/wp-json\/wp\/v2\/posts"}],"about":[{"href":"https:\/\/www.bfv.cloud\/ajedrezeuropa\/wp-json\/wp\/v2\/types\/post"}],"author":[{"embeddable":true,"href":"https:\/\/www.bfv.cloud\/ajedrezeuropa\/wp-json\/wp\/v2\/users\/1"}],"replies":[{"embeddable":true,"href":"https:\/\/www.bfv.cloud\/ajedrezeuropa\/wp-json\/wp\/v2\/comments?post=2674"}],"version-history":[{"count":1,"href":"https:\/\/www.bfv.cloud\/ajedrezeuropa\/wp-json\/wp\/v2\/posts\/2674\/revisions"}],"predecessor-version":[{"id":2680,"href":"https:\/\/www.bfv.cloud\/ajedrezeuropa\/wp-json\/wp\/v2\/posts\/2674\/revisions\/2680"}],"wp:featuredmedia":[{"embeddable":true,"href":"https:\/\/www.bfv.cloud\/ajedrezeuropa\/wp-json\/wp\/v2\/media\/2675"}],"wp:attachment":[{"href":"https:\/\/www.bfv.cloud\/ajedrezeuropa\/wp-json\/wp\/v2\/media?parent=2674"}],"wp:term":[{"taxonomy":"category","embeddable":true,"href":"https:\/\/www.bfv.cloud\/ajedrezeuropa\/wp-json\/wp\/v2\/categories?post=2674"},{"taxonomy":"post_tag","embeddable":true,"href":"https:\/\/www.bfv.cloud\/ajedrezeuropa\/wp-json\/wp\/v2\/tags?post=2674"}],"curies":[{"name":"wp","href":"https:\/\/api.w.org\/{rel}","templated":true}]}}