{"id":2681,"date":"2018-06-12T11:16:00","date_gmt":"2018-06-12T11:16:00","guid":{"rendered":"https:\/\/www.bfv.cloud\/ajedrezeuropa\/index.php\/2018\/06\/12\/participaremos-con-6-equipos-en-el-campeonato-provincial-de-toledo-s-18-y-s-12\/"},"modified":"2025-11-20T10:50:11","modified_gmt":"2025-11-20T10:50:11","slug":"participaremos-con-6-equipos-en-el-campeonato-provincial-de-toledo-s-18-y-s-12","status":"publish","type":"post","link":"https:\/\/www.bfv.cloud\/ajedrezeuropa\/participaremos-con-6-equipos-en-el-campeonato-provincial-de-toledo-s-18-y-s-12\/","title":{"rendered":"PARTICIPAREMOS CON 6 EQUIPOS EN EL CAMPEONATO PROVINCIAL DE TOLEDO S-18 Y S-12"},"content":{"rendered":"<div class=\"separator\" style=\"clear: both;text-align: center\">\n<a href=\"https:\/\/www.bfv.cloud\/ajedrezeuropa\/wp-content\/uploads\/2018\/06\/LOGOEUROPAXANIVERSARIO2017.jpg\" style=\"clear: left;float: left;margin-bottom: 1em;margin-right: 1em\"><img fetchpriority=\"high\" decoding=\"async\" border=\"0\" data-original-height=\"1220\" data-original-width=\"1600\" height=\"305\" src=\"https:\/\/blogger.googleusercontent.com\/img\/b\/R29vZ2xl\/AVvXsEjGYZzmoWqjbQpMLsDXybkk1FTbzx05JNC_R8_2FFPPlkTJ1bJuBbAognlR-ujs7Zcer-SO6MJtuc2OithxEjWc8plJwgV19RW72w3DehZH2XE7jp7anpjin-bpOyEh6tAFz67qE62jDz8\/s400\/LOGO+EUROPA+X+ANIVERSARIO+2017.jpg\" width=\"400\" \/><\/a><\/div>\n<p><span style=\"font-family: Helvetica Neue, Arial, Helvetica, sans-serif;font-size: large\">Este domingo 17 de junio se jugar\u00e1 en Toledo el Campeonato Provincial por Equipos de las categor\u00edas S-18 y S-12, con la participaci\u00f3n de 28 chicos y chicas encuadrados en 6 equipos que representar\u00e1n al CD NUESTRO AJEDREZ POR LA IGUALDAD y al CD NUESTRO AJEDREZ EN EUROPA. El torneo se celebrar\u00e1 en el hotel Cigarral del Alba con un ritmo de juego de 30 minutos por jugador m\u00e1s 10 segundos de incremento por movimiento.<\/span><br \/>\n<span style=\"font-family: Helvetica Neue, Arial, Helvetica, sans-serif;font-size: large\">Los componentes de nuestros equipos Sub-18 son los siguientes:<\/span><\/p>\n<div style=\"text-align: center\">\n<span style=\"color: blue;font-family: Helvetica Neue, Arial, Helvetica, sans-serif;font-size: large\"><i><u>CD NUESTRO AJEDREZ EN EUROPA<\/u><\/i><\/span><\/div>\n<div style=\"text-align: center\">\n<span style=\"color: blue;font-family: Helvetica Neue, Arial, Helvetica, sans-serif;font-size: large\">Roberto L\u00f3pez N\u00fa\u00f1ez<\/span><\/div>\n<div style=\"text-align: center\">\n<span style=\"color: blue;font-family: Helvetica Neue, Arial, Helvetica, sans-serif;font-size: large\">Alfredo Amador And\u00fajar<\/span><\/div>\n<div style=\"text-align: center\">\n<span style=\"color: blue;font-family: Helvetica Neue, Arial, Helvetica, sans-serif;font-size: large\">Irene Sim\u00f3n Escalona<\/span><\/div>\n<div style=\"text-align: center\">\n<span style=\"color: blue;font-family: Helvetica Neue, Arial, Helvetica, sans-serif;font-size: large\">Roberto Yeghiazaryan Petrosyan<\/span><\/div>\n<div style=\"text-align: center\">\n<span style=\"color: #660000;font-family: Helvetica Neue, Arial, Helvetica, sans-serif;font-size: large\"><i><u style=\"background-color: white\">CD NUESTRO AJEDREZ POR LA IGUALDAD-\u00abA\u00bb<\/u><\/i><\/span><\/div>\n<div style=\"text-align: center\">\n<span style=\"background-color: white;color: #660000;font-family: Helvetica Neue, Arial, Helvetica, sans-serif;font-size: large\">Enrique Velasco Aragon\u00e9s<\/span><\/div>\n<div style=\"text-align: center\">\n<span style=\"background-color: white;color: #660000;font-family: Helvetica Neue, Arial, Helvetica, sans-serif;font-size: large\">Isabel Marcos-Alberca Lizcano<\/span><\/div>\n<div style=\"text-align: center\">\n<span style=\"background-color: white;color: #660000;font-family: Helvetica Neue, Arial, Helvetica, sans-serif;font-size: large\">Arsenio L\u00f3pez Ochoa<\/span><\/div>\n<div style=\"text-align: center\">\n<span style=\"background-color: white;color: #660000;font-family: Helvetica Neue, Arial, Helvetica, sans-serif;font-size: large\">Mar\u00eda Oliver Ropero<\/span><\/div>\n<div style=\"text-align: center\">\n<span style=\"color: blue;font-family: Helvetica Neue, Arial, Helvetica, sans-serif;font-size: large\"><span style=\"background-color: white\"><i><u>CD NUESTRO AJEDREZ POR LA IGUALDAD-\u00abB\u00bb<\/u><\/i><\/span><\/span><\/div>\n<div style=\"text-align: center\">\n<span style=\"color: blue;font-family: Helvetica Neue, Arial, Helvetica, sans-serif;font-size: large\"><span style=\"background-color: white\">Adri\u00e1n Alhambra Rubio<\/span><\/span><\/div>\n<div style=\"text-align: center\">\n<span style=\"color: blue;font-family: Helvetica Neue, Arial, Helvetica, sans-serif;font-size: large\"><span style=\"background-color: white\">Pablo Vela Adri\u00e1n<\/span><\/span><\/div>\n<div style=\"text-align: center\">\n<span style=\"color: blue;font-family: Helvetica Neue, Arial, Helvetica, sans-serif;font-size: large\"><span style=\"background-color: white\">Clara Vela Adri\u00e1n<\/span><\/span><\/div>\n<div style=\"text-align: center\">\n<span style=\"color: blue;font-family: Helvetica Neue, Arial, Helvetica, sans-serif;font-size: large\"><span style=\"background-color: white\">Marta Vela Adri\u00e1n<\/span><\/span><\/div>\n<div style=\"text-align: center\">\n<span style=\"color: blue;font-family: Helvetica Neue, Arial, Helvetica, sans-serif;font-size: large\"><span style=\"background-color: white\"><br \/><\/span><\/span><\/div>\n<p><span style=\"font-family: Helvetica Neue, Arial, Helvetica, sans-serif;font-size: large\">Mientras que los componentes de nuestros equipos Sub-12 son:<\/span><\/p>\n<div style=\"text-align: center\">\n<span style=\"color: blue;font-family: Helvetica Neue, Arial, Helvetica, sans-serif;font-size: large\"><i><u>CD NUESTRO AJEDREZ EN EUROPA<\/u><\/i><\/span><\/div>\n<div style=\"text-align: center\">\n<span style=\"color: blue;font-family: Helvetica Neue, Arial, Helvetica, sans-serif;font-size: large\">Nicol\u00e1s Corrales Carri\u00f3n<\/span><\/div>\n<div style=\"text-align: center\">\n<span style=\"color: blue;font-family: Helvetica Neue, Arial, Helvetica, sans-serif;font-size: large\">Julio Oliver G\u00f3mez-Chac\u00f3n<\/span><\/div>\n<div style=\"text-align: center\">\n<span style=\"color: blue;font-family: Helvetica Neue, Arial, Helvetica, sans-serif;font-size: large\">Crist\u00f3bal Corrales Carri\u00f3n<\/span><\/div>\n<div style=\"text-align: center\">\n<span style=\"color: blue;font-family: Helvetica Neue, Arial, Helvetica, sans-serif;font-size: large\">Roberto Fern\u00e1ndez-Mazarambroz Alberca<\/span><\/div>\n<div style=\"text-align: center\">\n<span style=\"color: blue;font-family: Helvetica Neue, Arial, Helvetica, sans-serif;font-size: large\">Alejandro Romero Mu\u00f1oz<\/span><\/div>\n<div style=\"text-align: center\">\n<span style=\"color: blue;font-family: Helvetica Neue, Arial, Helvetica, sans-serif;font-size: large\">Carlos Vela Merino<\/span><\/div>\n<div style=\"text-align: center\">\n<span style=\"color: #660000;font-family: Helvetica Neue, Arial, Helvetica, sans-serif;font-size: large\"><i><u style=\"background-color: white\">CD NUESTRO AJEDREZ POR LA IGUALDAD-\u00abA\u00bb<\/u><\/i><\/span><\/div>\n<div style=\"text-align: center\">\n<span style=\"color: #660000;font-family: Helvetica Neue, Arial, Helvetica, sans-serif;font-size: large\"><span style=\"background-color: white\">Alonso L\u00f3pez N\u00fa\u00f1ez<\/span><\/span><\/div>\n<div style=\"text-align: center\">\n<span style=\"color: #660000;font-family: Helvetica Neue, Arial, Helvetica, sans-serif;font-size: large\"><span style=\"background-color: white\">Carlos P\u00e9rez Manzanedo<\/span><\/span><\/div>\n<div style=\"text-align: center\">\n<span style=\"color: #660000;font-family: Helvetica Neue, Arial, Helvetica, sans-serif;font-size: large\"><span style=\"background-color: white\">Gabriel Amador And\u00fajar<\/span><\/span><\/div>\n<div style=\"text-align: center\">\n<span style=\"color: #660000;font-family: Helvetica Neue, Arial, Helvetica, sans-serif;font-size: large\"><span style=\"background-color: white\">Angel Collado Alcolado<\/span><\/span><\/div>\n<div style=\"text-align: center\">\n<span style=\"color: #660000;font-family: Helvetica Neue, Arial, Helvetica, sans-serif;font-size: large\"><span style=\"background-color: white\">Angel Javier Pozos Marchante<\/span><\/span><\/div>\n<div style=\"text-align: center\">\n<span style=\"color: blue;font-family: Helvetica Neue, Arial, Helvetica, sans-serif;font-size: large\"><span style=\"background-color: white\"><i><u>CD NUESTRO AJEDREZ POR LA IGUALDAD-\u00abB\u00bb<\/u><\/i><\/span><\/span><\/div>\n<div style=\"text-align: center\">\n<span style=\"color: blue;font-family: Helvetica Neue, Arial, Helvetica, sans-serif;font-size: large\"><span style=\"background-color: white\">Patricia Ioana Miclea<\/span><\/span><\/div>\n<div style=\"text-align: center\">\n<span style=\"color: blue;font-family: Helvetica Neue, Arial, Helvetica, sans-serif;font-size: large\"><span style=\"background-color: white\">Javier Peirot\u00e9n Fontecha<\/span><\/span><\/div>\n<div style=\"text-align: center\">\n<span style=\"color: blue;font-family: Helvetica Neue, Arial, Helvetica, sans-serif;font-size: large\"><span style=\"background-color: white\">Germ\u00e1n Nieto Legan\u00e9s<\/span><\/span><\/div>\n<div style=\"text-align: center\">\n<span style=\"color: blue;font-family: Helvetica Neue, Arial, Helvetica, sans-serif;font-size: large\"><span style=\"background-color: white\">Adri\u00e1n Vasile Miclea<\/span><\/span><\/div>\n<div style=\"text-align: center\">\n<span style=\"color: blue;font-family: Helvetica Neue, Arial, Helvetica, sans-serif;font-size: large\"><span style=\"background-color: white\">Rafael Carri\u00f3n Romero<\/span><\/span><\/div>\n<div style=\"text-align: center\">\n<span style=\"color: blue;font-family: Helvetica Neue, Arial, Helvetica, sans-serif;font-size: large\"><span style=\"background-color: white\"><br \/><\/span><\/span><\/div>\n<div style=\"text-align: left\">\n<span style=\"font-family: Helvetica Neue, Arial, Helvetica, sans-serif;font-size: large\"><span style=\"background-color: white\">\u00a1Buen torneo a todos!<\/span><\/span><\/div>\n<div style=\"text-align: center\">\n<span style=\"color: blue;font-family: Helvetica Neue, Arial, Helvetica, sans-serif;font-size: large\"><span style=\"background-color: white\"><br \/><\/span><\/span><\/div>\n<div style=\"text-align: center\">\n<span style=\"color: blue;font-family: Helvetica Neue, Arial, Helvetica, sans-serif;font-size: large\"><span style=\"background-color: white\"><br \/><\/span><\/span><\/div>\n","protected":false},"excerpt":{"rendered":"<p>Este domingo 17 de junio se jugar\u00e1 en Toledo el Campeonato Provincial por Equipos de las categor\u00edas S-18 y S-12, con la participaci\u00f3n de 28 chicos y chicas encuadrados en 6 equipos que representar\u00e1n al CD NUESTRO AJEDREZ POR LA IGUALDAD y al CD NUESTRO AJEDREZ EN EUROPA. El torneo se celebrar\u00e1 en el hotel [&hellip;]<\/p>\n","protected":false},"author":1,"featured_media":2682,"comment_status":"open","ping_status":"closed","sticky":false,"template":"","format":"standard","meta":{"footnotes":""},"categories":[1],"tags":[],"class_list":["post-2681","post","type-post","status-publish","format-standard","has-post-thumbnail","hentry","category-noticias"],"_links":{"self":[{"href":"https:\/\/www.bfv.cloud\/ajedrezeuropa\/wp-json\/wp\/v2\/posts\/2681","targetHints":{"allow":["GET"]}}],"collection":[{"href":"https:\/\/www.bfv.cloud\/ajedrezeuropa\/wp-json\/wp\/v2\/posts"}],"about":[{"href":"https:\/\/www.bfv.cloud\/ajedrezeuropa\/wp-json\/wp\/v2\/types\/post"}],"author":[{"embeddable":true,"href":"https:\/\/www.bfv.cloud\/ajedrezeuropa\/wp-json\/wp\/v2\/users\/1"}],"replies":[{"embeddable":true,"href":"https:\/\/www.bfv.cloud\/ajedrezeuropa\/wp-json\/wp\/v2\/comments?post=2681"}],"version-history":[{"count":1,"href":"https:\/\/www.bfv.cloud\/ajedrezeuropa\/wp-json\/wp\/v2\/posts\/2681\/revisions"}],"predecessor-version":[{"id":2683,"href":"https:\/\/www.bfv.cloud\/ajedrezeuropa\/wp-json\/wp\/v2\/posts\/2681\/revisions\/2683"}],"wp:featuredmedia":[{"embeddable":true,"href":"https:\/\/www.bfv.cloud\/ajedrezeuropa\/wp-json\/wp\/v2\/media\/2682"}],"wp:attachment":[{"href":"https:\/\/www.bfv.cloud\/ajedrezeuropa\/wp-json\/wp\/v2\/media?parent=2681"}],"wp:term":[{"taxonomy":"category","embeddable":true,"href":"https:\/\/www.bfv.cloud\/ajedrezeuropa\/wp-json\/wp\/v2\/categories?post=2681"},{"taxonomy":"post_tag","embeddable":true,"href":"https:\/\/www.bfv.cloud\/ajedrezeuropa\/wp-json\/wp\/v2\/tags?post=2681"}],"curies":[{"name":"wp","href":"https:\/\/api.w.org\/{rel}","templated":true}]}}