{"id":2697,"date":"2016-01-15T22:48:00","date_gmt":"2016-01-15T22:48:00","guid":{"rendered":"https:\/\/www.bfv.cloud\/ajedrezeuropa\/index.php\/2016\/01\/15\/este-domingo-comienza-el-deporte-en-edad-escolar-en-ciudad-real\/"},"modified":"2025-11-20T10:50:25","modified_gmt":"2025-11-20T10:50:25","slug":"este-domingo-comienza-el-deporte-en-edad-escolar-en-ciudad-real","status":"publish","type":"post","link":"https:\/\/www.bfv.cloud\/ajedrezeuropa\/este-domingo-comienza-el-deporte-en-edad-escolar-en-ciudad-real\/","title":{"rendered":"ESTE DOMINGO COMIENZA EL DEPORTE EN EDAD ESCOLAR EN CIUDAD REAL"},"content":{"rendered":"<div class=\"separator\" style=\"clear: both;text-align: center\">\n<a href=\"https:\/\/www.bfv.cloud\/ajedrezeuropa\/wp-content\/uploads\/2016\/01\/SAM_2419.jpg\" style=\"margin-left: 1em;margin-right: 1em\"><img fetchpriority=\"high\" decoding=\"async\" border=\"0\" height=\"178\" src=\"https:\/\/blogger.googleusercontent.com\/img\/b\/R29vZ2xl\/AVvXsEhmeDutO1zCANA2-qOc-a47-BjD0tiJ27tphcx25l4w10-Mr8RFWPMRnLt1cG6EOZCZDz-1Gq5OHaU6DAuLHF-ajhrfLSm87ObV7OiCvbJsF_Zo-PTWh5VpoLhOr6N0XOLySSvfgY_AUkI\/s640\/SAM_2419.JPG\" width=\"640\" \/><\/a><\/div>\n<p><\/p>\n<div class=\"separator\" style=\"clear: both;text-align: center\">\n<\/div>\n<p><span style=\"font-family: Helvetica Neue, Arial, Helvetica, sans-serif\"><b>Este fin de semana se inicia la fase provincial de Ciudad Real del Campeonato Regional del Deporte en Edad Escolar (CRDEE) en Miguelturra. La Escuela de Ajedrez de Alc\u00e1zar ha inscrito a 19 jugadores, 4 m\u00e1s que en 2015, a pesar de &nbsp;que la organizaci\u00f3n de Ciudad Real mantiene la limitaci\u00f3n de edad que desde hace a\u00f1os reduce notablemente la participaci\u00f3n en esta competici\u00f3n. Reiteramos nuestra opini\u00f3n en contra de esta restricci\u00f3n por edad en un deporte como el ajedrez donde los jugadores no corren ning\u00fan riesgo f\u00edsico durante su practica. Es necesario diferenciar entre deportes de contacto, que s\u00ed pueden resultar peligrosos para los ni\u00f1os, y el \u00abdeporte mental\u00bb por excelencia que carece de los peligros habituales en otras actividades.<\/b><\/span><br \/>\n<span style=\"font-family: Helvetica Neue, Arial, Helvetica, sans-serif\"><b><br \/><\/b><\/span><br \/>\n<span style=\"font-family: Helvetica Neue, Arial, Helvetica, sans-serif\"><u>16 jugadores en la categor\u00eda infantil y 3 en cadete<\/u><\/span><br \/>\n<a href=\"https:\/\/www.bfv.cloud\/ajedrezeuropa\/wp-content\/uploads\/2016\/01\/SAM_2373.jpg\" style=\"clear: right;float: right;margin-bottom: 1em;margin-left: 1em\"><img decoding=\"async\" border=\"0\" height=\"196\" src=\"https:\/\/blogger.googleusercontent.com\/img\/b\/R29vZ2xl\/AVvXsEhIJYNyJjht6SxoOIGDhtHX-a6cO67RxzNMdmmJe1w2cVWTo8TJd7LhOU5_ZB7yHr-fcvI6d0f2APbk44hk5P5VwDkwBP5kUth-tyXG-_XWpd0Ip3rdU1eH0tfVD-Q_x8sD3ZjUPpVxpi8\/s400\/SAM_2373.JPG\" width=\"400\" \/><\/a><span style=\"font-family: Helvetica Neue, Arial, Helvetica, sans-serif\"><u><br \/><\/u><\/span><br \/>\n<span style=\"font-family: Helvetica Neue, Arial, Helvetica, sans-serif\"><b>La inscripci\u00f3n se reparte entre los 16 jugadores de la categor\u00eda infantil y los 3 de la categor\u00eda cadete, haciendo un total de 19. Con esta participaci\u00f3n, Alc\u00e1zar, volver\u00e1 a ser una de las tres escuelas de mayor participaci\u00f3n de la provincia de Ciudad Real.<\/b><\/span><br \/>\n<span style=\"font-family: Helvetica Neue, Arial, Helvetica, sans-serif\"><b><br \/><\/b><\/span><br \/>\n<span style=\"font-family: Helvetica Neue, Arial, Helvetica, sans-serif\"><u>13 chicos y 6 chicas luchar\u00e1n por su clasificaci\u00f3n para la fase regional<\/u><\/span><\/p>\n<div class=\"separator\" style=\"clear: both;text-align: center\">\n<\/div>\n<p><\/p>\n<div class=\"separator\" style=\"clear: both;text-align: center\">\n<a href=\"https:\/\/www.bfv.cloud\/ajedrezeuropa\/wp-content\/uploads\/2016\/01\/SAM_2391.jpg\" style=\"clear: left;float: left;margin-bottom: 1em;margin-right: 1em\"><img decoding=\"async\" border=\"0\" height=\"188\" src=\"https:\/\/blogger.googleusercontent.com\/img\/b\/R29vZ2xl\/AVvXsEiWyM0rGc6Qm8jJO75dzlhmDLH6gX4QRCqARzrqi9tpzNu5bTrs862zL1FHLHfnW2Fw7XO72dcas920oiPjq66UzuHqiXSNGj-Y3LA1ljN64_ny9qiG6DuVcf8dUMRD9f1PwjrbWVyxOAA\/s400\/SAM_2391.JPG\" width=\"400\" \/><\/a><\/div>\n<p><span style=\"font-family: Helvetica Neue, Arial, Helvetica, sans-serif\"><b>&nbsp;Un total de 6 chicas, 5 de infantil y una del cadete, comenzar\u00e1n su participaci\u00f3n este domingo, acompa\u00f1adas de 13 chicos, 11 infantiles y 2 cadetes. La relaci\u00f3n de jugadores es la siguiente:&nbsp;<\/b><\/span><br \/>\n<span style=\"font-family: Helvetica Neue, Arial, Helvetica, sans-serif\"><b>Julio M\u00e9rida, Samuel Ortiz, Marta Espinosa, Sergio Arias, Rafael Carrasco, Daniel Climent, Adri\u00e1n Cruz, Mateo Espa\u00f1\u00f3n, Arsenio L\u00f3pez, Arturo Mate, Rub\u00e9n Monge, Pablo Vela, Enrique Velasco, Roberto Yeghiazaryan, Roc\u00edo Arias, Nuria Lozano, Isabel Marcos-Alberca, Clara Vela y Marta Vela.<\/b><\/span><br \/>\n<span style=\"font-family: Helvetica Neue, Arial, Helvetica, sans-serif\"><b>\u00a1\u00a1Buena competici\u00f3n para todos y mucha suerte!!<\/b><\/span><\/p>\n","protected":false},"excerpt":{"rendered":"<p>Este fin de semana se inicia la fase provincial de Ciudad Real del Campeonato Regional del Deporte en Edad Escolar (CRDEE) en Miguelturra. La Escuela de Ajedrez de Alc\u00e1zar ha inscrito a 19 jugadores, 4 m\u00e1s que en 2015, a pesar de &nbsp;que la organizaci\u00f3n de Ciudad Real mantiene la limitaci\u00f3n de edad que desde [&hellip;]<\/p>\n","protected":false},"author":1,"featured_media":2698,"comment_status":"open","ping_status":"closed","sticky":false,"template":"","format":"standard","meta":{"footnotes":""},"categories":[1],"tags":[],"class_list":["post-2697","post","type-post","status-publish","format-standard","has-post-thumbnail","hentry","category-noticias"],"_links":{"self":[{"href":"https:\/\/www.bfv.cloud\/ajedrezeuropa\/wp-json\/wp\/v2\/posts\/2697","targetHints":{"allow":["GET"]}}],"collection":[{"href":"https:\/\/www.bfv.cloud\/ajedrezeuropa\/wp-json\/wp\/v2\/posts"}],"about":[{"href":"https:\/\/www.bfv.cloud\/ajedrezeuropa\/wp-json\/wp\/v2\/types\/post"}],"author":[{"embeddable":true,"href":"https:\/\/www.bfv.cloud\/ajedrezeuropa\/wp-json\/wp\/v2\/users\/1"}],"replies":[{"embeddable":true,"href":"https:\/\/www.bfv.cloud\/ajedrezeuropa\/wp-json\/wp\/v2\/comments?post=2697"}],"version-history":[{"count":1,"href":"https:\/\/www.bfv.cloud\/ajedrezeuropa\/wp-json\/wp\/v2\/posts\/2697\/revisions"}],"predecessor-version":[{"id":2701,"href":"https:\/\/www.bfv.cloud\/ajedrezeuropa\/wp-json\/wp\/v2\/posts\/2697\/revisions\/2701"}],"wp:featuredmedia":[{"embeddable":true,"href":"https:\/\/www.bfv.cloud\/ajedrezeuropa\/wp-json\/wp\/v2\/media\/2698"}],"wp:attachment":[{"href":"https:\/\/www.bfv.cloud\/ajedrezeuropa\/wp-json\/wp\/v2\/media?parent=2697"}],"wp:term":[{"taxonomy":"category","embeddable":true,"href":"https:\/\/www.bfv.cloud\/ajedrezeuropa\/wp-json\/wp\/v2\/categories?post=2697"},{"taxonomy":"post_tag","embeddable":true,"href":"https:\/\/www.bfv.cloud\/ajedrezeuropa\/wp-json\/wp\/v2\/tags?post=2697"}],"curies":[{"name":"wp","href":"https:\/\/api.w.org\/{rel}","templated":true}]}}