{"id":270,"date":"2015-04-12T13:17:00","date_gmt":"2015-04-12T13:17:00","guid":{"rendered":"https:\/\/www.bfv.cloud\/ajedrezeuropa\/index.php\/2015\/04\/12\/noticias-de-nuestro-ajedrez\/"},"modified":"2025-11-20T10:15:27","modified_gmt":"2025-11-20T10:15:27","slug":"noticias-de-nuestro-ajedrez","status":"publish","type":"post","link":"https:\/\/www.bfv.cloud\/ajedrezeuropa\/noticias-de-nuestro-ajedrez\/","title":{"rendered":"NOTICIAS DE NUESTRO AJEDREZ"},"content":{"rendered":"<h3>\n<b><span style=\"font-family: Georgia, Times New Roman, serif\">CARLOS \u00c1LVAREZ CONSIGUE OTRA BUENA ACTUACI\u00d3N EN EL TORNEO<br \/>\nINTERNACIONAL DE LA RODA<\/span><\/b><\/h3>\n<div>\n<\/p>\n<table cellpadding=\"0\" cellspacing=\"0\" class=\"tr-caption-container\" style=\"float: right;text-align: right\">\n<tbody>\n<tr>\n<td style=\"text-align: center\"><a href=\"https:\/\/www.bfv.cloud\/ajedrezeuropa\/wp-content\/uploads\/2015\/04\/juan-j-jarque-beatriz-garc-a-carlos-alvarez-manuel-a-.jpg\" style=\"clear: right;margin-bottom: 1em;margin-left: auto;margin-right: auto\"><img fetchpriority=\"high\" decoding=\"async\" border=\"0\" src=\"https:\/\/www.bfv.cloud\/ajedrezeuropa\/wp-content\/uploads\/2015\/04\/juan-j-jarque-beatriz-garc-a-carlos-alvarez-manuel-a-.jpg\" height=\"320\" width=\"255\" \/><\/a><\/td>\n<\/tr>\n<tr>\n<td class=\"tr-caption\" style=\"text-align: center\">Foto de la organizaci\u00f3n: Carlos \u00c1lvarez en<br \/>\nel Torneo Internacional de La Roda<\/td>\n<\/tr>\n<\/tbody>\n<\/table>\n<div class=\"MsoTitle\" style=\"text-align: justify\">\n<span style=\"font-size: 12pt\"><span style=\"font-family: Helvetica Neue, Arial, Helvetica, sans-serif\">Uno de los j\u00f3venes jugadores que<br \/>\nlograron el t\u00edtulo de campe\u00f3n provincial absoluto de 2015 para el equipo de<br \/>\nNUESTRO AJEDREZ EN EUROPA, el ciudarreale\u00f1o Carlos \u00c1lvarez Serrano, ha<br \/>\ncompletado un brillante resultado en el 42\u00ba Torneo Internacional de La Roda.<br \/>\nCon un total de 252 ajedrecistas de 15 pa\u00edses diferentes, este cl\u00e1sico del<br \/>\ncalendario nacional se pon\u00eda en marcha el pasado 1 de abril y finalizaba el<br \/>\ndomingo, d\u00eda 5 de abril, despu\u00e9s de disputarse 9 rondas. La participaci\u00f3n de 12<br \/>\ngrandes maestros junto a otros 33 titulados internacionales le confiere un<br \/>\ninter\u00e9s especial para cualquier aficionado, ya que es muy posible que en alguna<br \/>\nronda surjan varios emparejamientos que les enfrente a un gran jugador de<br \/>\nrenombre mundial. Este fue el caso de Carlos, que en la partida incial se enfrent\u00f3 al GM argentino Fernando Peralta obteniendo unas meritorias tablas. En el resto del torneo mantuvo un buen nivel de juego que le llev\u00f3 a conseguir el puesto 71, part\u00eda del 122, tras sumar 5 puntos.<\/span><\/span><\/div>\n<div class=\"MsoTitle\" style=\"text-align: justify\">\n<span style=\"font-size: 12pt\"><span style=\"font-family: Helvetica Neue, Arial, Helvetica, sans-serif\">\u00a1\u00a1Enhorabuena!!<\/span><\/span><\/div>\n<div class=\"MsoTitle\" style=\"text-align: justify\">\n<span style=\"font-size: 12pt\"><span style=\"font-family: Helvetica Neue, Arial, Helvetica, sans-serif\"><br \/><\/span><\/span><\/div>\n<\/div>\n<div>\n<h3 style=\"text-align: center\">\n<b><span style=\"font-family: Georgia, Times New Roman, serif\">DOS NUEVOS CHICOS ENTRE NUESTROS&nbsp;<\/span><\/b><b><span style=\"font-family: Georgia, Times New Roman, serif\">JUGADORES CON ELO INTERNACIONAL<\/span><\/b><\/h3>\n<table cellpadding=\"0\" cellspacing=\"0\" class=\"tr-caption-container\" style=\"float: right;margin-left: 1em;text-align: right\">\n<tbody>\n<tr>\n<td style=\"text-align: center\"><a href=\"https:\/\/www.bfv.cloud\/ajedrezeuropa\/wp-content\/uploads\/2015\/04\/SAM_1678.jpg\" style=\"clear: right;margin-bottom: 1em;margin-left: auto;margin-right: auto\"><img decoding=\"async\" border=\"0\" src=\"https:\/\/www.bfv.cloud\/ajedrezeuropa\/wp-content\/uploads\/2015\/04\/SAM_1678.jpg\" height=\"230\" width=\"320\" \/><\/a><\/td>\n<\/tr>\n<tr>\n<td class=\"tr-caption\" style=\"text-align: center\">Roberto L\u00f3pez<\/td>\n<\/tr>\n<\/tbody>\n<\/table>\n<div class=\"MsoTitle\">\n<b>&nbsp;<\/b><span style=\"font-size: 12pt;text-align: justify\"><span style=\"font-family: Georgia, Times New Roman, serif\">Los hermanos Roberto y Alonso L\u00f3pez<br \/>\nN\u00fa\u00f1ez, incorporados a la escuela de Villafranca el a\u00f1o pasado, han aparecido<br \/>\npor primera vez en la reciente lista de ELO FIDE de fecha 1 de abril.&nbsp;<\/span><\/span><span style=\"font-size: 12pt;text-align: justify\"><span style=\"font-family: Georgia, Times New Roman, serif\">Roberto, de categor\u00eda sub-14, parte<br \/>\nde 1.326 puntos tras evaluarse 9 partidas para su c\u00e1lculo; por su parte, Alonso<br \/>\nen el primer a\u00f1o en la categor\u00eda sub-10, obtiene 1.290 puntos. Estas dos nuevas<br \/>\nincorporaciones a la larga n\u00f3mina de jugadores de nuestros clubes con valoraci\u00f3n<br \/>\ninternacional se completar\u00e1 con otras 4 en la lista que la FIDE publicar\u00e1 el<br \/>\npr\u00f3ximo 1 de mayo, una vez se hayan incluido los resultados del Campeonato<br \/>\nRegional por Edades celebrado recientemente en Horche. Dejamos para entonces<br \/>\nuna informaci\u00f3n m\u00e1s detallada de la evoluci\u00f3n del ELO de todos nuestros<br \/>\najedrecistas.<\/span><\/span><\/div>\n<p><\/p>\n<table align=\"center\" cellpadding=\"0\" cellspacing=\"0\" class=\"tr-caption-container\" style=\"margin-left: auto;margin-right: auto;text-align: center\">\n<tbody>\n<tr>\n<td style=\"text-align: center\"><a href=\"https:\/\/www.bfv.cloud\/ajedrezeuropa\/wp-content\/uploads\/2015\/04\/SAM_1699.jpg\" style=\"margin-left: auto;margin-right: auto\"><img decoding=\"async\" border=\"0\" src=\"https:\/\/www.bfv.cloud\/ajedrezeuropa\/wp-content\/uploads\/2015\/04\/SAM_1699.jpg\" height=\"240\" width=\"320\" \/><\/a><\/td>\n<\/tr>\n<tr>\n<td class=\"tr-caption\" style=\"text-align: center\">Alonso L\u00f3pez<\/td>\n<\/tr>\n<\/tbody>\n<\/table>\n<div class=\"separator\" style=\"clear: both;text-align: center\">\n<span style=\"font-family: Georgia, Times New Roman, serif\"><\/span><\/div>\n<p><\/p>\n<div class=\"MsoTitle\" style=\"text-align: justify\">\n<span style=\"font-size: 12pt\"><br \/><\/span><\/div>\n<\/div>\n<div>\n<\/div>\n","protected":false},"excerpt":{"rendered":"<p>CARLOS \u00c1LVAREZ CONSIGUE OTRA BUENA ACTUACI\u00d3N EN EL TORNEO INTERNACIONAL DE LA RODA Foto de la organizaci\u00f3n: Carlos \u00c1lvarez en el Torneo Internacional de La Roda Uno de los j\u00f3venes jugadores que lograron el t\u00edtulo de campe\u00f3n provincial absoluto de 2015 para el equipo de NUESTRO AJEDREZ EN EUROPA, el ciudarreale\u00f1o Carlos \u00c1lvarez Serrano, ha [&hellip;]<\/p>\n","protected":false},"author":1,"featured_media":271,"comment_status":"open","ping_status":"closed","sticky":false,"template":"","format":"standard","meta":{"footnotes":""},"categories":[1],"tags":[],"class_list":["post-270","post","type-post","status-publish","format-standard","has-post-thumbnail","hentry","category-noticias"],"_links":{"self":[{"href":"https:\/\/www.bfv.cloud\/ajedrezeuropa\/wp-json\/wp\/v2\/posts\/270","targetHints":{"allow":["GET"]}}],"collection":[{"href":"https:\/\/www.bfv.cloud\/ajedrezeuropa\/wp-json\/wp\/v2\/posts"}],"about":[{"href":"https:\/\/www.bfv.cloud\/ajedrezeuropa\/wp-json\/wp\/v2\/types\/post"}],"author":[{"embeddable":true,"href":"https:\/\/www.bfv.cloud\/ajedrezeuropa\/wp-json\/wp\/v2\/users\/1"}],"replies":[{"embeddable":true,"href":"https:\/\/www.bfv.cloud\/ajedrezeuropa\/wp-json\/wp\/v2\/comments?post=270"}],"version-history":[{"count":1,"href":"https:\/\/www.bfv.cloud\/ajedrezeuropa\/wp-json\/wp\/v2\/posts\/270\/revisions"}],"predecessor-version":[{"id":274,"href":"https:\/\/www.bfv.cloud\/ajedrezeuropa\/wp-json\/wp\/v2\/posts\/270\/revisions\/274"}],"wp:featuredmedia":[{"embeddable":true,"href":"https:\/\/www.bfv.cloud\/ajedrezeuropa\/wp-json\/wp\/v2\/media\/271"}],"wp:attachment":[{"href":"https:\/\/www.bfv.cloud\/ajedrezeuropa\/wp-json\/wp\/v2\/media?parent=270"}],"wp:term":[{"taxonomy":"category","embeddable":true,"href":"https:\/\/www.bfv.cloud\/ajedrezeuropa\/wp-json\/wp\/v2\/categories?post=270"},{"taxonomy":"post_tag","embeddable":true,"href":"https:\/\/www.bfv.cloud\/ajedrezeuropa\/wp-json\/wp\/v2\/tags?post=270"}],"curies":[{"name":"wp","href":"https:\/\/api.w.org\/{rel}","templated":true}]}}