{"id":2702,"date":"2012-06-13T22:03:00","date_gmt":"2012-06-13T22:03:00","guid":{"rendered":"https:\/\/www.bfv.cloud\/ajedrezeuropa\/index.php\/2012\/06\/13\/proximas-reuniones-e-informacion-sobre-los-campeonatos-por-equipos\/"},"modified":"2025-11-20T10:50:26","modified_gmt":"2025-11-20T10:50:26","slug":"proximas-reuniones-e-informacion-sobre-los-campeonatos-por-equipos","status":"publish","type":"post","link":"https:\/\/www.bfv.cloud\/ajedrezeuropa\/proximas-reuniones-e-informacion-sobre-los-campeonatos-por-equipos\/","title":{"rendered":"PR\u00d3XIMAS REUNIONES E INFORMACI\u00d3N SOBRE LOS CAMPEONATOS POR EQUIPOS"},"content":{"rendered":"<div class=\"separator\" style=\"clear: both;text-align: center\"><a href=\"https:\/\/www.bfv.cloud\/ajedrezeuropa\/wp-content\/uploads\/2012\/06\/carteldelvcampusenJPG-1.jpg\" style=\"clear: right;float: right;margin-bottom: 1em;margin-left: 1em\"><img fetchpriority=\"high\" decoding=\"async\" border=\"0\" height=\"226\" src=\"https:\/\/blogger.googleusercontent.com\/img\/b\/R29vZ2xl\/AVvXsEjmWWBLxmlLTJBL6LNgK-8YTAeJAOrlFAqXSfEoow8BENVN6fRojpXAYVtaAO6GTBFIR2U7BKwdFC-w6GGu19vtFNenwIS_g36JilHdlAYVbTKIuZby_ke38Lvq6evN4q1wrP3G70gkSi8\/s320\/cartel+del+v+campus+en+JPG.JPG\" width=\"320\" \/><\/a><\/div>\n<p><span style=\", sans-serif\">Recordamos que este fin de semana se van a realizar las reuniones preparatorias del \u00abV CAMPUS DE VERANO\u00bb. Por orden cronol\u00f3gico:<\/span><br \/>\n<span style=\"color: blue;, sans-serif\"><strong>&#8211; Villafranca, el s\u00e1bado 16 de junio,&nbsp;a las 8 de la tarde, en la sede del ajedrez de la Casa de la Cultura.<\/strong><\/span><br \/>\n<span style=\"color: #38761d;font-family: Trebuchet MS\"><strong>&#8211; Alc\u00e1zar, el domingo 17 de junio, a las 12 de la ma\u00f1ana, en la escuela de ajedrez que est\u00e1 situada en la calle Independencia.<\/strong><\/span><br \/>\n<span style=\"font-family: Trebuchet MS\">En los dos casos est\u00e1 previsto contar con representantes municipales para poder comentar y preguntar por las novedades de este a\u00f1o.<\/span><\/p>\n<div align=\"center\">\ufeff<\/div>\n<div align=\"center\"><strong><u><span style=\"color: #a64d79;, sans-serif\">INFORMACI\u00d3N DE PR\u00d3XIMAS COMPETICIONES <\/span><\/u><\/strong><\/div>\n<p><span style=\", sans-serif\"><span style=\"color: #741b47;, sans-serif\">Como os hemos venido indicando se han convocado los campeonatos provincial de Toledo y regional de Castilla-La Mancha en la modalidad de equipos de categor\u00eda sub-16.&nbsp; Las bases ya est\u00e1n publicadas, y aunque no son tan completas como quisi\u00e9ramos, hay que reconocer que \u00a1\u00a1por fin!! alguien se ha preocupado de buscar sedes atractivas para unas competiciones que resultan muy interesantes para remarcar la interrelaci\u00f3n entre ajedrez y cultura. Estamos convencidos de que por parte de todos los chicos y chicas participantes existir\u00e1 un ambiente de sana competencia y rivalidad. Creemos que con los inevitables cambios que se han producido en algunos equipos, como&nbsp;los 2&nbsp;de nuestros respectivos clubes, por raz\u00f3n del cumplimiento de la edad establecida, se favorecer\u00e1 una mayor igualdad en la fuerza de juego de los equipos, provocando un mayor inter\u00e9s en cada uno de los enfrentamientos.<\/span><\/span><\/p>\n<div style=\"text-align: center\"><strong><span style=\"color: #741b47;, sans-serif\"><u>II Campeonato por Equipos sub-16 de Toledo<\/u> <\/span><\/strong><\/div>\n<div style=\"text-align: center\"><strong><span style=\"color: #741b47;, sans-serif\">S\u00e1bado 23 de junio en el Centro Cultural San Marcos (Fundaci\u00f3n CCM) de Toledo. Participar\u00e1n los clubes \u201cNuestro Ajedrez en Europa\u201d y \u201cNuestro Ajedrez por la Igualdad\u201d.<\/span><\/strong><\/p>\n<p><strong><span style=\"color: #741b47;, sans-serif\"><u>III Campeonato de Castilla-La Mancha por Equipos sub-16<\/u><\/span><\/strong><\/p>\n<div style=\"text-align: center\"><strong><span style=\"color: #741b47;, sans-serif\">Del 23 al 26 de junio en la Residencia Universitaria \u201cFrancisco Tom\u00e1s y Valiente\u201d de Toledo, con la presencia de los 8 equipos clasificados en las fases provinciales.<\/span><\/strong><\/div>\n<p>\n<\/div>\n<p><span style=\"color: #741b47;, sans-serif\"><\/span><\/p>\n","protected":false},"excerpt":{"rendered":"<p>Recordamos que este fin de semana se van a realizar las reuniones preparatorias del \u00abV CAMPUS DE VERANO\u00bb. Por orden cronol\u00f3gico: &#8211; Villafranca, el s\u00e1bado 16 de junio,&nbsp;a las 8 de la tarde, en la sede del ajedrez de la Casa de la Cultura. &#8211; Alc\u00e1zar, el domingo 17 de junio, a las 12 de [&hellip;]<\/p>\n","protected":false},"author":1,"featured_media":2703,"comment_status":"open","ping_status":"closed","sticky":false,"template":"","format":"standard","meta":{"footnotes":""},"categories":[1],"tags":[],"class_list":["post-2702","post","type-post","status-publish","format-standard","has-post-thumbnail","hentry","category-noticias"],"_links":{"self":[{"href":"https:\/\/www.bfv.cloud\/ajedrezeuropa\/wp-json\/wp\/v2\/posts\/2702","targetHints":{"allow":["GET"]}}],"collection":[{"href":"https:\/\/www.bfv.cloud\/ajedrezeuropa\/wp-json\/wp\/v2\/posts"}],"about":[{"href":"https:\/\/www.bfv.cloud\/ajedrezeuropa\/wp-json\/wp\/v2\/types\/post"}],"author":[{"embeddable":true,"href":"https:\/\/www.bfv.cloud\/ajedrezeuropa\/wp-json\/wp\/v2\/users\/1"}],"replies":[{"embeddable":true,"href":"https:\/\/www.bfv.cloud\/ajedrezeuropa\/wp-json\/wp\/v2\/comments?post=2702"}],"version-history":[{"count":1,"href":"https:\/\/www.bfv.cloud\/ajedrezeuropa\/wp-json\/wp\/v2\/posts\/2702\/revisions"}],"predecessor-version":[{"id":2704,"href":"https:\/\/www.bfv.cloud\/ajedrezeuropa\/wp-json\/wp\/v2\/posts\/2702\/revisions\/2704"}],"wp:featuredmedia":[{"embeddable":true,"href":"https:\/\/www.bfv.cloud\/ajedrezeuropa\/wp-json\/wp\/v2\/media\/2703"}],"wp:attachment":[{"href":"https:\/\/www.bfv.cloud\/ajedrezeuropa\/wp-json\/wp\/v2\/media?parent=2702"}],"wp:term":[{"taxonomy":"category","embeddable":true,"href":"https:\/\/www.bfv.cloud\/ajedrezeuropa\/wp-json\/wp\/v2\/categories?post=2702"},{"taxonomy":"post_tag","embeddable":true,"href":"https:\/\/www.bfv.cloud\/ajedrezeuropa\/wp-json\/wp\/v2\/tags?post=2702"}],"curies":[{"name":"wp","href":"https:\/\/api.w.org\/{rel}","templated":true}]}}