{"id":2708,"date":"2016-10-18T22:20:00","date_gmt":"2016-10-18T22:20:00","guid":{"rendered":"https:\/\/www.bfv.cloud\/ajedrezeuropa\/index.php\/2016\/10\/18\/heroes-anonimos-este-sabado-11-45-horas-ajedrez-herramienta-educativa\/"},"modified":"2025-11-20T10:50:33","modified_gmt":"2025-11-20T10:50:33","slug":"heroes-anonimos-este-sabado-11-45-horas-ajedrez-herramienta-educativa","status":"publish","type":"post","link":"https:\/\/www.bfv.cloud\/ajedrezeuropa\/heroes-anonimos-este-sabado-11-45-horas-ajedrez-herramienta-educativa\/","title":{"rendered":"H\u00c9ROES AN\u00d3NIMOS ESTE S\u00c1BADO 11.45 HORAS \u2026..\u00bbAJEDREZ, HERRAMIENTA EDUCATIVA\u00bb"},"content":{"rendered":"<table cellpadding=\"0\" cellspacing=\"0\" class=\"tr-caption-container\" style=\"float: left;margin-right: 1em;text-align: left\">\n<tbody>\n<tr>\n<td style=\"text-align: center\"><a href=\"https:\/\/www.bfv.cloud\/ajedrezeuropa\/wp-content\/uploads\/2016\/10\/YLAPARTIDASIGUE.jpg\" style=\"clear: left;margin-bottom: 1em;margin-left: auto;margin-right: auto\"><img fetchpriority=\"high\" decoding=\"async\" border=\"0\" height=\"300\" src=\"https:\/\/blogger.googleusercontent.com\/img\/b\/R29vZ2xl\/AVvXsEjaI37lUuNHyQXmm2GBzDDxUCK2QLHkp8BqCPoadbBg0lk2LHkShSDjmvDI95R5nS2eQYPKITfFtkX5ASJNTX3U80gYvU41pH-bMM0JeltXfZJnPGpaAMlYwCc1g5dfO1OsOPh08bGe2aU\/s400\/...+Y+LA+PARTIDA+SIGUE.JPG\" width=\"400\" \/><\/a><\/td>\n<\/tr>\n<tr>\n<td class=\"tr-caption\" style=\"text-align: center\">Juli\u00e1n Cano frente a Leontxo Garc\u00eda &#8230; despu\u00e9s<br \/>de la entrevista<\/td>\n<\/tr>\n<\/tbody>\n<\/table>\n<div class=\"MsoNormal\">\n<b><u><span style=\"color: #1f497d;font-size: 16.0pt\">H\u00c9ROES AN\u00d3NIMOS ESTE S\u00c1BADO 11.45 HORAS <\/span><\/u><\/b><b><u><span style=\"font-size: 16.0pt\">\u2026..<i>AJEDREZ,<br \/>\nHERRAMIENTA EDUCATIVA<\/i><\/span><\/u><\/b><\/div>\n<div class=\"MsoNormal\">\n<\/div>\n<div class=\"MsoNormal\">\n<span style=\"font-size: 16.0pt\">En<br \/>\nel pr\u00f3ximo cap\u00edtulo, <i>\u201cAjedrez, herramienta educativa\u201d, <\/i>conoceremos los<br \/>\nbeneficios pedag\u00f3gicos del ajedrez, as\u00ed como los \u00faltimos estudios neurol\u00f3gicos<br \/>\nque sostienen que el ajedrez puede mejorar los s\u00edntomas TDAH (d\u00e9ficit de<br \/>\natenci\u00f3n e hiperactividad) en ni\u00f1os y adolescentes, as\u00ed como en ni\u00f1os con<br \/>\nautismo o prevenir el envejecimiento cerebral y frenar o retrasar la aparici\u00f3n<br \/>\nde los s\u00edntomas del alzheimer. En el 2015 el <b>Parlamento Espa\u00f1ol<\/b> y tres<br \/>\na\u00f1os antes el <b>Europeo<\/b> aprobaron por unanimidad impulsar el ajedrez como<br \/>\nasignatura en Espa\u00f1a y en el caso de Europa entre los pa\u00edses miembros. En el<br \/>\nprograma conoceremos un proyecto pionero iniciado en la provincia de Toledo,<br \/>\njunto al apoyo de las <b>Consejer\u00edas de Educaci\u00f3n y Sanidad de Castilla-La<br \/>\nMancha\u2026.<\/b>y contaremos con la presencia del mejor divulgador que tiene el<br \/>\nAjedrez en nuestro pa\u00eds, el periodista y comunicador <b>Leontxo Garc\u00eda<\/b>. La<br \/>\nopini\u00f3n de alumnos o c\u00f3mo es un entrenamiento cognitivo en ajedrez que nos<br \/>\ncontar\u00e1 un psic\u00f3logo completan este interesante programa\u2026unos h\u00e9roes an\u00f3nimos<br \/>\nque luchan por mejorar la educaci\u00f3n y la formaci\u00f3n en valores de nuestros ni\u00f1os<br \/>\ny j\u00f3venes.<\/span><span style=\", serif;font-size: 16pt\">&nbsp;<\/span><\/div>\n<div class=\"MsoNormal\">\n<span style=\"font-size: 16.0pt\"><\/p>\n<table align=\"center\" cellpadding=\"0\" cellspacing=\"0\" class=\"tr-caption-container\" style=\"margin-left: auto;margin-right: auto;text-align: center\">\n<tbody>\n<tr>\n<td style=\"text-align: center\"><a href=\"https:\/\/www.bfv.cloud\/ajedrezeuropa\/wp-content\/uploads\/2016\/10\/ANTEELPROYECTO.jpg\" style=\"margin-left: auto;margin-right: auto\"><img decoding=\"async\" border=\"0\" height=\"472\" src=\"https:\/\/blogger.googleusercontent.com\/img\/b\/R29vZ2xl\/AVvXsEgCAiNh5uRnqKqJSitm3MIUe9F4n1QnJML_HwAqPgneotQbKtW3OOvOowHqEWE8hokAIH9-vx91L9ztn7UiTqnskYEleW0EgY6DhzfNofacJGE_OXxysRprOzTvUOULAIY_gYAN5QtC0QM\/s640\/ANTE+EL+PROYECTO....JPG\" width=\"640\" \/><\/a><\/td>\n<\/tr>\n<tr>\n<td class=\"tr-caption\" style=\"text-align: center\">El programa H\u00c9ROES AN\u00d3NIMOS aborda el proyecto de NUESTRO AJEDREZ EN EUROPA<\/td>\n<\/tr>\n<\/tbody>\n<\/table>\n<p><\/span><\/div>\n<div class=\"MsoNormal\">\n<span style=\"font-size: 16.0pt\">&nbsp;<\/span><i><span style=\"font-size: 14.0pt\">Estudios<br \/>\ncient\u00edficos sobre los beneficios pedag\u00f3gicos del ajedrez: los alumnos que<br \/>\naprenden ajedrez como asignatura desarrollan m\u00e1s la inteligencia y mejoran sus<br \/>\nresultados en matem\u00e1ticas y comprensi\u00f3n lectora, que es donde m\u00e1s fallan los<br \/>\nni\u00f1os espa\u00f1oles en el informe PISA.<\/span><\/i><\/div>\n<div class=\"MsoNormal\">\n<\/div>\n<div class=\"MsoNormal\">\n<\/div>\n<div class=\"MsoNormal\" style=\"text-align: justify\">\n<i><span style=\"font-size: 14.0pt\">Durante el pasado curso escolar, 377<br \/>\nalumnos castellano-manchegos de entre 7 y 14 a\u00f1os, pertenecientes a 7 centros<br \/>\nescolares, participaron en el programa piloto de Nuestro Ajedrez en Europa<\/p>\n<table align=\"center\" cellpadding=\"0\" cellspacing=\"0\" class=\"tr-caption-container\" style=\"margin-left: auto;margin-right: auto;text-align: center\">\n<tbody>\n<tr>\n<td style=\"text-align: center\"><a href=\"https:\/\/www.bfv.cloud\/ajedrezeuropa\/wp-content\/uploads\/2016\/10\/SAM_1943.jpg\" style=\"margin-left: auto;margin-right: auto\"><img decoding=\"async\" border=\"0\" height=\"296\" src=\"https:\/\/blogger.googleusercontent.com\/img\/b\/R29vZ2xl\/AVvXsEjSpBIFIQAPcg3i_bQCZ-UEQuhhSSbueYbqCy9ZBOES2shhXrCxw9cB78_jPvZjLcHkxBnhn2jVa00g-sSofAEj0tkhqbfXO3TwZqEUzaLD13B8iCHX15laQKH7YqPDGZ2LSQ4L_SVEUBs\/s640\/SAM_1943.JPG\" width=\"640\" \/><\/a><\/td>\n<\/tr>\n<tr>\n<td class=\"tr-caption\" style=\"text-align: center\">Los responsables del proyecto NUESTRO AJEDREZ EN EUROPA durante el campus de verano<\/td>\n<\/tr>\n<\/tbody>\n<\/table>\n<p><\/span><\/i><\/div>\n<div class=\"MsoNormal\" style=\"text-align: justify\">\n<i><span style=\"font-size: 14.0pt\">&nbsp;<\/span><\/i><i><span style=\"font-size: 14.0pt\">El Parlamento Europeo inst\u00f3 a sus pa\u00edses<br \/>\nmiembros en el 2012 a implantar el ajedrez en el sistema educativo<\/span><\/i><\/div>\n<div class=\"MsoNormal\" style=\"text-align: justify\">\n<\/div>\n<div class=\"MsoNormal\" style=\"text-align: justify\">\n<\/div>\n<div class=\"MsoNormal\" style=\"text-align: justify\">\n<i><span style=\"font-size: 14.0pt\">En febrero del 2015 el Parlamento Espa\u00f1ol<br \/>\naprob\u00f3 el impulsar el ajedrez como asignatura en Espa\u00f1a<\/span><\/i><\/div>\n<div class=\"MsoNormal\" style=\"text-align: justify\">\n<\/div>\n<div class=\"MsoNormal\" style=\"text-align: justify\">\n<i><span style=\"font-size: 14.0pt\">En Catalu\u00f1a y Cantabria se imparte el<br \/>\najedrez en horario lectivo con resultados muy satisfactorios<\/span><\/i><\/div>\n<div class=\"MsoNormal\" style=\"text-align: justify\">\n<\/div>\n<div class=\"MsoNormal\" style=\"text-align: justify\">\n<i><span style=\"font-size: 14.0pt\">Varios estudios cient\u00edficos sostienen<br \/>\nque el ajedrez puede mejorar los s\u00edntomas TDAH (d\u00e9ficit de atenci\u00f3n e<br \/>\nhiperactividad) en ni\u00f1os y adolescentes, as\u00ed como en ni\u00f1os con autismo o<br \/>\nprevenir el envejecimiento cerebral y retrasar los s\u00edntomas de la aparici\u00f3n del<br \/>\nalzheimer<\/span><\/i><\/div>\n<div class=\"MsoNormal\" style=\"text-align: justify\">\n<\/div>\n<div class=\"MsoNormal\" style=\"text-align: justify\">\n<\/div>\n<div class=\"MsoNormal\">\n<span style=\"font-size: 16.0pt\">Saludos<\/span><\/div>\n<div class=\"MsoNormal\">\n<span style=\"font-size: 16.0pt\"><br \/><\/span><\/div>\n<div class=\"MsoNormal\">\n<span style=\"font-size: 16.0pt\">Juli\u00e1n Cano<\/span><\/div>\n<div class=\"MsoNormal\">\n<span style=\"font-size: 16.0pt\">Director programa H\u00c9ROES AN\u00d3NIMOS<\/span><\/div>\n<div class=\"MsoNormal\">\n<\/div>\n<div class=\"MsoNormal\">\n<\/div>\n<div class=\"separator\" style=\"clear: both;text-align: center\">\n<a href=\"https:\/\/www.bfv.cloud\/ajedrezeuropa\/wp-content\/uploads\/2016\/10\/logo.png\" style=\"margin-left: 1em;margin-right: 1em\"><img loading=\"lazy\" decoding=\"async\" border=\"0\" height=\"201\" src=\"https:\/\/blogger.googleusercontent.com\/img\/b\/R29vZ2xl\/AVvXsEj1mxBZF-iHjqfYLQC-c0wOMeX2L8zhB5A6cKJiSqjnO37InAIL8BVrUdeKwZ0slz187-d8iVQ-XdILo1Bc7LU0ZWXwgXQ5vXrBjnII0hfGk0Xrdn9R4DWizzc_p_Z-7I9UZt0Fq8zJX1s\/s400\/logo.png\" width=\"400\" \/><\/a><\/div>\n<p><\/p>\n<div class=\"MsoNormal\">\n<span style=\"font-size: 16.0pt\">&nbsp;&nbsp;&nbsp;&nbsp;&nbsp;&nbsp;&nbsp;&nbsp;&nbsp;&nbsp;&nbsp;&nbsp;&nbsp;&nbsp;&nbsp;&nbsp;<br \/>\n<\/span><\/div>\n<p><\/p>\n<div class=\"MsoNormal\">\n<\/div>\n<div class=\"MsoNormal\">\n<\/div>\n<p><\/p>\n","protected":false},"excerpt":{"rendered":"<p>Juli\u00e1n Cano frente a Leontxo Garc\u00eda &#8230; despu\u00e9sde la entrevista H\u00c9ROES AN\u00d3NIMOS ESTE S\u00c1BADO 11.45 HORAS \u2026..AJEDREZ, HERRAMIENTA EDUCATIVA En el pr\u00f3ximo cap\u00edtulo, \u201cAjedrez, herramienta educativa\u201d, conoceremos los beneficios pedag\u00f3gicos del ajedrez, as\u00ed como los \u00faltimos estudios neurol\u00f3gicos que sostienen que el ajedrez puede mejorar los s\u00edntomas TDAH (d\u00e9ficit de atenci\u00f3n e hiperactividad) en ni\u00f1os [&hellip;]<\/p>\n","protected":false},"author":1,"featured_media":2709,"comment_status":"open","ping_status":"closed","sticky":false,"template":"","format":"standard","meta":{"footnotes":""},"categories":[1],"tags":[],"class_list":["post-2708","post","type-post","status-publish","format-standard","has-post-thumbnail","hentry","category-noticias"],"_links":{"self":[{"href":"https:\/\/www.bfv.cloud\/ajedrezeuropa\/wp-json\/wp\/v2\/posts\/2708","targetHints":{"allow":["GET"]}}],"collection":[{"href":"https:\/\/www.bfv.cloud\/ajedrezeuropa\/wp-json\/wp\/v2\/posts"}],"about":[{"href":"https:\/\/www.bfv.cloud\/ajedrezeuropa\/wp-json\/wp\/v2\/types\/post"}],"author":[{"embeddable":true,"href":"https:\/\/www.bfv.cloud\/ajedrezeuropa\/wp-json\/wp\/v2\/users\/1"}],"replies":[{"embeddable":true,"href":"https:\/\/www.bfv.cloud\/ajedrezeuropa\/wp-json\/wp\/v2\/comments?post=2708"}],"version-history":[{"count":1,"href":"https:\/\/www.bfv.cloud\/ajedrezeuropa\/wp-json\/wp\/v2\/posts\/2708\/revisions"}],"predecessor-version":[{"id":2713,"href":"https:\/\/www.bfv.cloud\/ajedrezeuropa\/wp-json\/wp\/v2\/posts\/2708\/revisions\/2713"}],"wp:featuredmedia":[{"embeddable":true,"href":"https:\/\/www.bfv.cloud\/ajedrezeuropa\/wp-json\/wp\/v2\/media\/2709"}],"wp:attachment":[{"href":"https:\/\/www.bfv.cloud\/ajedrezeuropa\/wp-json\/wp\/v2\/media?parent=2708"}],"wp:term":[{"taxonomy":"category","embeddable":true,"href":"https:\/\/www.bfv.cloud\/ajedrezeuropa\/wp-json\/wp\/v2\/categories?post=2708"},{"taxonomy":"post_tag","embeddable":true,"href":"https:\/\/www.bfv.cloud\/ajedrezeuropa\/wp-json\/wp\/v2\/tags?post=2708"}],"curies":[{"name":"wp","href":"https:\/\/api.w.org\/{rel}","templated":true}]}}