{"id":2717,"date":"2014-06-06T13:35:00","date_gmt":"2014-06-06T13:35:00","guid":{"rendered":"https:\/\/www.bfv.cloud\/ajedrezeuropa\/index.php\/2014\/06\/06\/reuniones-informativas-del-vii-campus-de-verano-este-sabado-7-de-junio\/"},"modified":"2025-11-20T10:50:37","modified_gmt":"2025-11-20T10:50:37","slug":"reuniones-informativas-del-vii-campus-de-verano-este-sabado-7-de-junio","status":"publish","type":"post","link":"https:\/\/www.bfv.cloud\/ajedrezeuropa\/reuniones-informativas-del-vii-campus-de-verano-este-sabado-7-de-junio\/","title":{"rendered":"REUNIONES INFORMATIVAS DEL VII CAMPUS DE VERANO ESTE S\u00c1BADO 7 DE JUNIO"},"content":{"rendered":"<div class=\"separator\" style=\"clear: both;text-align: center\">\n<a href=\"https:\/\/www.bfv.cloud\/ajedrezeuropa\/wp-content\/uploads\/2014\/06\/CARTELVIICAMPUS2014JPG-1.jpg\" style=\"margin-left: 1em;margin-right: 1em\"><img fetchpriority=\"high\" decoding=\"async\" border=\"0\" src=\"https:\/\/www.bfv.cloud\/ajedrezeuropa\/wp-content\/uploads\/2014\/06\/CARTELVIICAMPUS2014JPG-1.jpg\" height=\"640\" width=\"452\" \/><\/a><\/div>\n<h4>\nLas reuniones preparatorias del VII CAMPUS DE PERFECCIONAMIENTO \u00abNUESTRO AJEDREZ EN EUROPA\u00bb, destinadas a informar sobre las condiciones y objetivos de esta nueva edici\u00f3n, se celebrar\u00e1n ma\u00f1ana s\u00e1bado, 7 de junio, en los siguientes horarios:<\/h4>\n<h3>\n<span style=\"color: #990000\">ALC\u00c1ZAR DE SAN JUAN, a las 13,30 horas en el local de la escuela de ajedrez de la calle Independencia, junto al pasaje.<\/span><\/h3>\n<h3>\n<span style=\"color: #274e13\"><b>VILLAFRANCA DE LOS CABALLEROS, a las 20 horas en la casa de la cultura.<\/b><\/span><\/h3>\n<h4>\nEn esta ocasi\u00f3n tambi\u00e9n se comentar\u00e1n distintos aspectos de las pr\u00f3ximas competiciones y de la planificaci\u00f3n deportiva de la segunda parte del a\u00f1o.<\/h4>\n<h3>\n<br \/><\/h3>\n<h3>\nAqu\u00ed os dejamos el tr\u00edptico informativo que se ha confeccionado. Para cualquier consulta pod\u00e9is escribir un correo a: felixtoribio@terra.com<\/h3>\n<div class=\"separator\" style=\"clear: both;text-align: center\">\n<a href=\"https:\/\/www.bfv.cloud\/ajedrezeuropa\/wp-content\/uploads\/2014\/06\/TRIPTICOVIICAMPUSEXTERIOR-1.jpg\" style=\"margin-left: 1em;margin-right: 1em;text-align: center\"><img decoding=\"async\" border=\"0\" src=\"https:\/\/www.bfv.cloud\/ajedrezeuropa\/wp-content\/uploads\/2014\/06\/TRIPTICOVIICAMPUSEXTERIOR-1.jpg\" height=\"451\" width=\"640\" \/><\/a><\/div>\n<h4>\n<\/h4>\n<p><\/p>\n<div class=\"separator\" style=\"clear: both;text-align: center\">\n<a href=\"https:\/\/www.bfv.cloud\/ajedrezeuropa\/wp-content\/uploads\/2014\/06\/TRIPTICOVIICAMPUSINTERIOR-1.jpg\" style=\"margin-left: 1em;margin-right: 1em\"><img decoding=\"async\" border=\"0\" src=\"https:\/\/www.bfv.cloud\/ajedrezeuropa\/wp-content\/uploads\/2014\/06\/TRIPTICOVIICAMPUSINTERIOR-1.jpg\" height=\"451\" width=\"640\" \/><\/a><\/div>\n<p><\/p>\n","protected":false},"excerpt":{"rendered":"<p>Las reuniones preparatorias del VII CAMPUS DE PERFECCIONAMIENTO \u00abNUESTRO AJEDREZ EN EUROPA\u00bb, destinadas a informar sobre las condiciones y objetivos de esta nueva edici\u00f3n, se celebrar\u00e1n ma\u00f1ana s\u00e1bado, 7 de junio, en los siguientes horarios: ALC\u00c1ZAR DE SAN JUAN, a las 13,30 horas en el local de la escuela de ajedrez de la calle Independencia, [&hellip;]<\/p>\n","protected":false},"author":1,"featured_media":2718,"comment_status":"open","ping_status":"closed","sticky":false,"template":"","format":"standard","meta":{"footnotes":""},"categories":[1],"tags":[],"class_list":["post-2717","post","type-post","status-publish","format-standard","has-post-thumbnail","hentry","category-noticias"],"_links":{"self":[{"href":"https:\/\/www.bfv.cloud\/ajedrezeuropa\/wp-json\/wp\/v2\/posts\/2717","targetHints":{"allow":["GET"]}}],"collection":[{"href":"https:\/\/www.bfv.cloud\/ajedrezeuropa\/wp-json\/wp\/v2\/posts"}],"about":[{"href":"https:\/\/www.bfv.cloud\/ajedrezeuropa\/wp-json\/wp\/v2\/types\/post"}],"author":[{"embeddable":true,"href":"https:\/\/www.bfv.cloud\/ajedrezeuropa\/wp-json\/wp\/v2\/users\/1"}],"replies":[{"embeddable":true,"href":"https:\/\/www.bfv.cloud\/ajedrezeuropa\/wp-json\/wp\/v2\/comments?post=2717"}],"version-history":[{"count":1,"href":"https:\/\/www.bfv.cloud\/ajedrezeuropa\/wp-json\/wp\/v2\/posts\/2717\/revisions"}],"predecessor-version":[{"id":2721,"href":"https:\/\/www.bfv.cloud\/ajedrezeuropa\/wp-json\/wp\/v2\/posts\/2717\/revisions\/2721"}],"wp:featuredmedia":[{"embeddable":true,"href":"https:\/\/www.bfv.cloud\/ajedrezeuropa\/wp-json\/wp\/v2\/media\/2718"}],"wp:attachment":[{"href":"https:\/\/www.bfv.cloud\/ajedrezeuropa\/wp-json\/wp\/v2\/media?parent=2717"}],"wp:term":[{"taxonomy":"category","embeddable":true,"href":"https:\/\/www.bfv.cloud\/ajedrezeuropa\/wp-json\/wp\/v2\/categories?post=2717"},{"taxonomy":"post_tag","embeddable":true,"href":"https:\/\/www.bfv.cloud\/ajedrezeuropa\/wp-json\/wp\/v2\/tags?post=2717"}],"curies":[{"name":"wp","href":"https:\/\/api.w.org\/{rel}","templated":true}]}}