{"id":2722,"date":"2010-12-29T18:13:00","date_gmt":"2010-12-29T18:13:00","guid":{"rendered":"https:\/\/www.bfv.cloud\/ajedrezeuropa\/index.php\/2010\/12\/29\/vii-torneo-de-navidad-ajedrez-por-la-igualdad\/"},"modified":"2025-11-20T10:50:40","modified_gmt":"2025-11-20T10:50:40","slug":"vii-torneo-de-navidad-ajedrez-por-la-igualdad","status":"publish","type":"post","link":"https:\/\/www.bfv.cloud\/ajedrezeuropa\/vii-torneo-de-navidad-ajedrez-por-la-igualdad\/","title":{"rendered":"VII TORNEO DE NAVIDAD \u00abAJEDREZ POR LA IGUALDAD\u00bb"},"content":{"rendered":"<div class=\"separator\" style=\"clear: both;text-align: center\"><a href=\"https:\/\/www.bfv.cloud\/ajedrezeuropa\/wp-content\/uploads\/2010\/12\/100_0491.jpg\" style=\"clear: left;float: left;margin-bottom: 1em;margin-right: 1em\"><img fetchpriority=\"high\" decoding=\"async\" border=\"0\" height=\"300\" src=\"https:\/\/blogger.googleusercontent.com\/img\/b\/R29vZ2xl\/AVvXsEjCBDsKRM9sBV6UDuHNExXf0KNLDq4HWceFvLoHW7iFF-vdvLYVWVCjq5FqykAEncLlRP4VzGjMtpvulaefCJN6BucoFh5nJAsJcC4EJJvOaI4NCUmGLffAExj_R6peGYWi92dH_ebC61U\/s400\/100_0491.jpg\" width=\"400\" \/><\/a><\/div>\n<div style=\"border-bottom: medium none;border-left: medium none;border-right: medium none;border-top: medium none\"><a href=\"https:\/\/www.bfv.cloud\/ajedrezeuropa\/wp-content\/uploads\/2010\/12\/CARTELDELTORNEODENAVIDAD-1.jpg\" style=\"clear: right;float: right;margin-bottom: 1em;margin-left: 1em\"><img decoding=\"async\" border=\"0\" height=\"141\" src=\"https:\/\/blogger.googleusercontent.com\/img\/b\/R29vZ2xl\/AVvXsEgLV2xUw0-OnSGamWRwzLup-UUXvlj_luaL2aJKqSRzp98879tgu-nlUXXgLyGZcgJqOrJBbTZQDE2ZAjqixjDHJzf4OB4hhyphenhyphenU-PFXTpNjYtoPPVcHl9PxC6GZXqX73ycP9YV2rXk27rto\/s200\/CARTEL+DEL+TORNEO+DE+NAVIDAD.JPG\" width=\"200\" \/><\/a>&nbsp;<strong><span style=\"font-family: Verdana\">El inicio de las actividades programadas dentro de la III Concentraci\u00f3n de Navidad fue la disputa de la s\u00e9ptima edici\u00f3n del torneo \u00abAjedrez por la Igualdad\u00bb, que reuni\u00f3 a 57 jugadores, 33 en el torneo absoluto y 24 en el de categor\u00eda sub-10, y cont\u00f3 con la presencia de los 3 jugadores del Linex-Magic Extremadura, 2 chicos y 1 chica, llegados para participar en las clases impartidas por el GM Herminio Herr\u00e1iz y por la entrenadora del grupo femenino Ana Isabel Gonz\u00e1lez. <\/span><\/strong><\/div>\n<div class=\"separator\" style=\"border-bottom: medium none;border-left: medium none;border-right: medium none;border-top: medium none;clear: both;text-align: center\"><a href=\"https:\/\/www.bfv.cloud\/ajedrezeuropa\/wp-content\/uploads\/2010\/12\/100_0481.jpg\" style=\"clear: right;float: right;margin-bottom: 1em;margin-left: 1em\"><img decoding=\"async\" border=\"0\" height=\"300\" src=\"https:\/\/blogger.googleusercontent.com\/img\/b\/R29vZ2xl\/AVvXsEgHB7YWlrAnGn9OekW0RA-OSuOYGPRxa9Ic-bbMkyGGvn3AotSABPSDrAKIq3jJ9aoCVGYoONPp0qxNJeC5_k8dE5T4EaNJCO0PE4GwgVLVgbCDHZDo5wzrsWjH9Y8ykXkx66n3a7fmjKc\/s400\/100_0481.jpg\" width=\"400\" \/><\/a><\/div>\n<div style=\"border-bottom: medium none;border-left: medium none;border-right: medium none;border-top: medium none\">\n<\/div>\n<p><strong><span style=\", sans-serif\">El ganador del torneo, dentro de la categor\u00eda absoluta, fue el jugador y AI de Navas del Rey, Pedro Quintero, seguido de Daniel P\u00edriz y Jos\u00e9 Mar\u00eda Pastrana, ambos del club Nuestro Ajedrez en Europa. En la clasificaci\u00f3n femenina obtuvieron premios las jugadoras:<\/span><\/strong><\/p>\n<div align=\"center\"><strong><span style=\"font-family: Trebuchet MS\">Clara Gallego del Linez-Magic,<\/span><\/strong><\/div>\n<div align=\"center\"><strong><span style=\"font-family: Trebuchet MS\">Blanca Y\u00e9benes de Nuestro Ajedrez por la Igualdad y<\/span><\/strong>\ufeff <strong><span style=\", sans-serif\">Silvia Toribio, tambi\u00e9n de Nuestro Ajedrez por la Igualdad. Por su parte, el torneo infantil, reservado para ni\u00f1os y ni\u00f1as de categor\u00eda sub-10, fue ganado por Irene Sim\u00f3n, quedando en segundo lugar Iv\u00e1n Valencia. Tambi\u00e9n lograron premios, obteniendo 4 de los 6 puntos en juego, Andrea S\u00e1nchez y Mar\u00eda Oliver.<\/span><\/strong><\/div>\n","protected":false},"excerpt":{"rendered":"<p>&nbsp;El inicio de las actividades programadas dentro de la III Concentraci\u00f3n de Navidad fue la disputa de la s\u00e9ptima edici\u00f3n del torneo \u00abAjedrez por la Igualdad\u00bb, que reuni\u00f3 a 57 jugadores, 33 en el torneo absoluto y 24 en el de categor\u00eda sub-10, y cont\u00f3 con la presencia de los 3 jugadores del Linex-Magic Extremadura, [&hellip;]<\/p>\n","protected":false},"author":1,"featured_media":2723,"comment_status":"open","ping_status":"closed","sticky":false,"template":"","format":"standard","meta":{"footnotes":""},"categories":[1],"tags":[],"class_list":["post-2722","post","type-post","status-publish","format-standard","has-post-thumbnail","hentry","category-noticias"],"_links":{"self":[{"href":"https:\/\/www.bfv.cloud\/ajedrezeuropa\/wp-json\/wp\/v2\/posts\/2722","targetHints":{"allow":["GET"]}}],"collection":[{"href":"https:\/\/www.bfv.cloud\/ajedrezeuropa\/wp-json\/wp\/v2\/posts"}],"about":[{"href":"https:\/\/www.bfv.cloud\/ajedrezeuropa\/wp-json\/wp\/v2\/types\/post"}],"author":[{"embeddable":true,"href":"https:\/\/www.bfv.cloud\/ajedrezeuropa\/wp-json\/wp\/v2\/users\/1"}],"replies":[{"embeddable":true,"href":"https:\/\/www.bfv.cloud\/ajedrezeuropa\/wp-json\/wp\/v2\/comments?post=2722"}],"version-history":[{"count":1,"href":"https:\/\/www.bfv.cloud\/ajedrezeuropa\/wp-json\/wp\/v2\/posts\/2722\/revisions"}],"predecessor-version":[{"id":2726,"href":"https:\/\/www.bfv.cloud\/ajedrezeuropa\/wp-json\/wp\/v2\/posts\/2722\/revisions\/2726"}],"wp:featuredmedia":[{"embeddable":true,"href":"https:\/\/www.bfv.cloud\/ajedrezeuropa\/wp-json\/wp\/v2\/media\/2723"}],"wp:attachment":[{"href":"https:\/\/www.bfv.cloud\/ajedrezeuropa\/wp-json\/wp\/v2\/media?parent=2722"}],"wp:term":[{"taxonomy":"category","embeddable":true,"href":"https:\/\/www.bfv.cloud\/ajedrezeuropa\/wp-json\/wp\/v2\/categories?post=2722"},{"taxonomy":"post_tag","embeddable":true,"href":"https:\/\/www.bfv.cloud\/ajedrezeuropa\/wp-json\/wp\/v2\/tags?post=2722"}],"curies":[{"name":"wp","href":"https:\/\/api.w.org\/{rel}","templated":true}]}}