{"id":2727,"date":"2015-03-23T23:34:00","date_gmt":"2015-03-23T23:34:00","guid":{"rendered":"https:\/\/www.bfv.cloud\/ajedrezeuropa\/index.php\/2015\/03\/23\/celebrada-la-tercera-edicion-del-torneo-de-las-fiestas-del-milagro-de-illescas\/"},"modified":"2025-11-20T10:50:45","modified_gmt":"2025-11-20T10:50:45","slug":"celebrada-la-tercera-edicion-del-torneo-de-las-fiestas-del-milagro-de-illescas","status":"publish","type":"post","link":"https:\/\/www.bfv.cloud\/ajedrezeuropa\/celebrada-la-tercera-edicion-del-torneo-de-las-fiestas-del-milagro-de-illescas\/","title":{"rendered":"CELEBRADA LA TERCERA EDICI\u00d3N DEL TORNEO DE LAS FIESTAS DEL MILAGRO DE ILLESCAS"},"content":{"rendered":"<table align=\"center\" cellpadding=\"0\" cellspacing=\"0\" class=\"tr-caption-container\" style=\"margin-left: auto;margin-right: auto;text-align: center\">\n<tbody>\n<tr>\n<td style=\"text-align: center\"><a href=\"https:\/\/www.bfv.cloud\/ajedrezeuropa\/wp-content\/uploads\/2015\/03\/SAM_1641.jpg\" style=\"margin-left: auto;margin-right: auto\"><img fetchpriority=\"high\" decoding=\"async\" border=\"0\" src=\"https:\/\/www.bfv.cloud\/ajedrezeuropa\/wp-content\/uploads\/2015\/03\/SAM_1641.jpg\" height=\"322\" width=\"640\" \/><\/a><\/td>\n<\/tr>\n<tr>\n<td class=\"tr-caption\" style=\"text-align: center\">Una vista de la sala de juego en el Espacio de Creaci\u00f3n Joven de Illescas<\/td>\n<\/tr>\n<\/tbody>\n<\/table>\n<p><span style=\"font-family: Helvetica Neue, Arial, Helvetica, sans-serif\">El s\u00e1bado pasado se celebraba el III TORNEO \u00abFIESTAS DEL MILAGRO\u00bb de Illescas en el Espacio de Creaci\u00f3n Joven. 32 jugadores llegados de la Comunidad de Madrid y de distintas comarcas de la provincia de Toledo tomaron parte en este torneo de partidas de Ajedrez R\u00e1pido. El ayuntamiento de Illescas, el Servicio Municipal de Deportes y Daniel P\u00edriz Fern\u00e1ndez, organizan anualmente este encuentro ajedrec\u00edstico en el que se han premiado a los siguientes jugadores como vencedores de las distintas categor\u00edas:<\/span><br \/>\n<span style=\"font-family: Helvetica Neue, Arial, Helvetica, sans-serif\"><u>CATEGOR\u00cdA ABSOLUTA<\/u><\/span><br \/>\n<span style=\"font-family: Helvetica Neue, Arial, Helvetica, sans-serif\"><i>Campe\u00f3n: Israel R\u00faiz; Subcampe\u00f3n: Juan Carlos Navarro.<\/i><\/span><br \/>\n<span style=\"font-family: Helvetica Neue, Arial, Helvetica, sans-serif\"><i>Campeona: Silvia Toribio; Campe\u00f3n local: Miguel \u00c1ngel Mart\u00edn.<\/i><\/span><br \/>\n<span style=\"font-family: Helvetica Neue, Arial, Helvetica, sans-serif\"><i><u>CATEGOR\u00cdA SUB-16<\/u><\/i><\/span><br \/>\n<span style=\"font-family: Helvetica Neue, Arial, Helvetica, sans-serif\"><i>Campe\u00f3n: Irene Sim\u00f3n; Subcampe\u00f3n: Miguel Romero.<\/i><\/span><br \/>\n<span style=\"font-family: Helvetica Neue, Arial, Helvetica, sans-serif\"><i>Campeona: Alba P\u00edriz; Campe\u00f3n local: Daniel Salas.<\/i><\/span><br \/>\n<span style=\"font-family: Helvetica Neue, Arial, Helvetica, sans-serif\"><i><u>CATEGOR\u00cdA SUB-12<\/u><\/i><\/span><br \/>\n<span style=\"font-family: Helvetica Neue, Arial, Helvetica, sans-serif\"><i>Campe\u00f3n: Alfredo Amador; Subcampe\u00f3n: Cristian G\u00f3mez<\/i><\/span><br \/>\n<span style=\"font-family: Helvetica Neue, Arial, Helvetica, sans-serif\"><i>Campeona: Noelia L\u00f3pez; Campe\u00f3n local: Diego L\u00f3pez<\/i><\/span><br \/>\n<span style=\"font-family: Helvetica Neue, Arial, Helvetica, sans-serif\"><i><u>CATEGOR\u00cdA SUB-10<\/u><\/i><\/span><br \/>\n<span style=\"font-family: Helvetica Neue, Arial, Helvetica, sans-serif\"><i>Campe\u00f3n: Alonso L\u00f3pez; Subcampe\u00f3n: Gabriel Amador<\/i><\/span><\/p>\n<table cellpadding=\"0\" cellspacing=\"0\" class=\"tr-caption-container\" style=\"float: right;margin-left: 1em;text-align: right\">\n<tbody>\n<tr>\n<td style=\"text-align: center\"><a href=\"https:\/\/www.bfv.cloud\/ajedrezeuropa\/wp-content\/uploads\/2015\/03\/SAM_1648.jpg\" style=\"clear: right;margin-bottom: 1em;margin-left: auto;margin-right: auto\"><img decoding=\"async\" border=\"0\" src=\"https:\/\/www.bfv.cloud\/ajedrezeuropa\/wp-content\/uploads\/2015\/03\/SAM_1648.jpg\" height=\"320\" width=\"270\" \/><\/a><\/td>\n<\/tr>\n<tr>\n<td class=\"tr-caption\" style=\"text-align: center\">Alonso L\u00f3pez recogiendo su trofeo junto a<br \/>Daniel P\u00edriz<\/td>\n<\/tr>\n<\/tbody>\n<\/table>\n<p><span style=\"font-family: Helvetica Neue, Arial, Helvetica, sans-serif\"><i>Campe\u00f3n local: Luis Rodr\u00edguez<\/p>\n<table cellpadding=\"0\" cellspacing=\"0\" class=\"tr-caption-container\" style=\"float: left;margin-right: 1em;text-align: left\">\n<tbody>\n<tr>\n<td style=\"text-align: center\"><a href=\"https:\/\/www.bfv.cloud\/ajedrezeuropa\/wp-content\/uploads\/2015\/03\/SAM_1647.jpg\" style=\"clear: left;margin-bottom: 1em;margin-left: auto;margin-right: auto\"><img decoding=\"async\" border=\"0\" src=\"https:\/\/www.bfv.cloud\/ajedrezeuropa\/wp-content\/uploads\/2015\/03\/SAM_1647.jpg\" height=\"320\" width=\"309\" \/><\/a><\/td>\n<\/tr>\n<tr>\n<td class=\"tr-caption\" style=\"text-align: center\">La concejal de deportes de Illescas fue la<br \/>encargada de entregar los trofeos a los ganadores.<br \/>En la imagen, Gabriel Amador recoge su premio<\/td>\n<\/tr>\n<\/tbody>\n<\/table>\n<p><\/i><\/span><\/p>\n","protected":false},"excerpt":{"rendered":"<p>Una vista de la sala de juego en el Espacio de Creaci\u00f3n Joven de Illescas El s\u00e1bado pasado se celebraba el III TORNEO \u00abFIESTAS DEL MILAGRO\u00bb de Illescas en el Espacio de Creaci\u00f3n Joven. 32 jugadores llegados de la Comunidad de Madrid y de distintas comarcas de la provincia de Toledo tomaron parte en este [&hellip;]<\/p>\n","protected":false},"author":1,"featured_media":2728,"comment_status":"open","ping_status":"closed","sticky":false,"template":"","format":"standard","meta":{"footnotes":""},"categories":[1],"tags":[],"class_list":["post-2727","post","type-post","status-publish","format-standard","has-post-thumbnail","hentry","category-noticias"],"_links":{"self":[{"href":"https:\/\/www.bfv.cloud\/ajedrezeuropa\/wp-json\/wp\/v2\/posts\/2727","targetHints":{"allow":["GET"]}}],"collection":[{"href":"https:\/\/www.bfv.cloud\/ajedrezeuropa\/wp-json\/wp\/v2\/posts"}],"about":[{"href":"https:\/\/www.bfv.cloud\/ajedrezeuropa\/wp-json\/wp\/v2\/types\/post"}],"author":[{"embeddable":true,"href":"https:\/\/www.bfv.cloud\/ajedrezeuropa\/wp-json\/wp\/v2\/users\/1"}],"replies":[{"embeddable":true,"href":"https:\/\/www.bfv.cloud\/ajedrezeuropa\/wp-json\/wp\/v2\/comments?post=2727"}],"version-history":[{"count":1,"href":"https:\/\/www.bfv.cloud\/ajedrezeuropa\/wp-json\/wp\/v2\/posts\/2727\/revisions"}],"predecessor-version":[{"id":2731,"href":"https:\/\/www.bfv.cloud\/ajedrezeuropa\/wp-json\/wp\/v2\/posts\/2727\/revisions\/2731"}],"wp:featuredmedia":[{"embeddable":true,"href":"https:\/\/www.bfv.cloud\/ajedrezeuropa\/wp-json\/wp\/v2\/media\/2728"}],"wp:attachment":[{"href":"https:\/\/www.bfv.cloud\/ajedrezeuropa\/wp-json\/wp\/v2\/media?parent=2727"}],"wp:term":[{"taxonomy":"category","embeddable":true,"href":"https:\/\/www.bfv.cloud\/ajedrezeuropa\/wp-json\/wp\/v2\/categories?post=2727"},{"taxonomy":"post_tag","embeddable":true,"href":"https:\/\/www.bfv.cloud\/ajedrezeuropa\/wp-json\/wp\/v2\/tags?post=2727"}],"curies":[{"name":"wp","href":"https:\/\/api.w.org\/{rel}","templated":true}]}}