{"id":2734,"date":"2016-09-07T13:20:00","date_gmt":"2016-09-07T13:20:00","guid":{"rendered":"https:\/\/www.bfv.cloud\/ajedrezeuropa\/index.php\/2016\/09\/07\/el-xx-torneo-abierto-de-villafranca-con-la-semana-europea-del-deporte\/"},"modified":"2025-11-20T10:50:49","modified_gmt":"2025-11-20T10:50:49","slug":"el-xx-torneo-abierto-de-villafranca-con-la-semana-europea-del-deporte","status":"publish","type":"post","link":"https:\/\/www.bfv.cloud\/ajedrezeuropa\/el-xx-torneo-abierto-de-villafranca-con-la-semana-europea-del-deporte\/","title":{"rendered":"EL XX TORNEO ABIERTO DE VILLAFRANCA CON LA SEMANA EUROPEA DEL DEPORTE"},"content":{"rendered":"<div class=\"separator\" style=\"clear: both;text-align: center\">\n<a href=\"https:\/\/www.bfv.cloud\/ajedrezeuropa\/wp-content\/uploads\/2016\/09\/CARTELFERIASVILLAFRANCA2016.jpg\" style=\"margin-left: 1em;margin-right: 1em\"><img fetchpriority=\"high\" decoding=\"async\" border=\"0\" height=\"640\" src=\"https:\/\/blogger.googleusercontent.com\/img\/b\/R29vZ2xl\/AVvXsEg8faJJzBc8CvxaM6XUA6yf1D74tCSvnxZnA6FM-S3ibK1eLN4inaAtUtIaaRAVKNIj_FbRTomKQ3-OV_P8vPsmOIgp3p2I38ldaqwhAZomUvrOj8Vw7fGanAiK3WjqyJ9cwVW35IHmUIc\/s640\/CARTEL+FERIAS+VILLAFRANCA+2016.jpg\" width=\"462\" \/><\/a><\/div>\n<p><span style=\", serif;font-size: x-large\"><b>Han transcurrido 20 a\u00f1os desde el nacimiento de la escuela de ajedrez de Villafranca de los Caballeros y, desde entonces, el TORNEO DE AJEDREZ DE FERIA ha venido acompa\u00f1ando la puesta en marcha de cada nueva temporada.&nbsp;<\/b><\/span><br \/>\n<span style=\"font-size: x-large\"><span style=\", serif\"><b>Para celebrar esta vig\u00e9sima edici\u00f3n hemos preparado unos trofeos especiales. Al mismo tiempo hemos procurado dar una nueva dimensi\u00f3n al torneo.&nbsp;<\/b><\/span><b style=\"font-family: Georgia, 'Times New Roman', serif\">De esta forma se ha producido la integraci\u00f3n y colaboraci\u00f3n en la SEMANA EUROPEA DEL DEPORTE, organizada por la UE y el CSD con el apoyo de la Direcci\u00f3n General de Deportes en el caso de Castilla-La Mancha. Seguir\u00e1 habiendo premios para los dos primeros clasificados de las categor\u00edas; ABSOLUTA, SUB-16 y SUB-12. Adem\u00e1s hay trofeos para las campeonas de estas mismas categor\u00edas, as\u00ed como para los respectivos primeros clasificados de origen local.<\/b><\/span><br \/>\n<span style=\"font-size: x-large\"><b style=\"font-family: Georgia, 'Times New Roman', serif\">El s\u00e1bado 17 de septiembre, a las 9,30 de la ma\u00f1ana, os esperamos en la casa de la cultura de Villafranca.&nbsp;<\/b><b style=\"font-family: Georgia, 'Times New Roman', serif\">M\u00e1s informaci\u00f3n e inscripciones en:<\/b><\/span><br \/>\n<b style=\"font-family: Georgia, 'Times New Roman', serif\"><br \/><\/b><br \/>\n<\/p>\n<div style=\"text-align: center\">\n<b style=\"font-family: Georgia, 'Times New Roman', serif\"><a href=\"mailto:felixtoribio@nuestroajedrezeneuropa.com\"><span style=\"font-size: large\">felixtoribio@nuestroajedrezeneuropa.com<\/span><\/a><\/b><\/div>\n<p><\/p>\n<div class=\"separator\" style=\"clear: both;text-align: center\">\n<a href=\"https:\/\/www.bfv.cloud\/ajedrezeuropa\/wp-content\/uploads\/2016\/09\/CARTELSEMANAEUROPEADELDEPORTE.jpg\" style=\"margin-left: 1em;margin-right: 1em\"><img decoding=\"async\" border=\"0\" height=\"640\" src=\"https:\/\/blogger.googleusercontent.com\/img\/b\/R29vZ2xl\/AVvXsEhwWRVia7SlzgOfnU7ypdsWl7Pp6hBHE8JyVm5L29WvvdVPtVTIGtBd9eVV-UsLoUs6W612sOdsH0ibHU1bmkZZ2HnARL2KJeHG126O-ch2QLKCFy5bx-ERhx8ReO6JSM7W4p2UVNP-0uo\/s640\/CARTEL+SEMANA+EUROPEA+DEL+DEPORTE.jpg\" width=\"451\" \/><\/a><\/div>\n<p><\/p>\n","protected":false},"excerpt":{"rendered":"<p>Han transcurrido 20 a\u00f1os desde el nacimiento de la escuela de ajedrez de Villafranca de los Caballeros y, desde entonces, el TORNEO DE AJEDREZ DE FERIA ha venido acompa\u00f1ando la puesta en marcha de cada nueva temporada.&nbsp; Para celebrar esta vig\u00e9sima edici\u00f3n hemos preparado unos trofeos especiales. Al mismo tiempo hemos procurado dar una nueva [&hellip;]<\/p>\n","protected":false},"author":1,"featured_media":2735,"comment_status":"open","ping_status":"closed","sticky":false,"template":"","format":"standard","meta":{"footnotes":""},"categories":[1],"tags":[],"class_list":["post-2734","post","type-post","status-publish","format-standard","has-post-thumbnail","hentry","category-noticias"],"_links":{"self":[{"href":"https:\/\/www.bfv.cloud\/ajedrezeuropa\/wp-json\/wp\/v2\/posts\/2734","targetHints":{"allow":["GET"]}}],"collection":[{"href":"https:\/\/www.bfv.cloud\/ajedrezeuropa\/wp-json\/wp\/v2\/posts"}],"about":[{"href":"https:\/\/www.bfv.cloud\/ajedrezeuropa\/wp-json\/wp\/v2\/types\/post"}],"author":[{"embeddable":true,"href":"https:\/\/www.bfv.cloud\/ajedrezeuropa\/wp-json\/wp\/v2\/users\/1"}],"replies":[{"embeddable":true,"href":"https:\/\/www.bfv.cloud\/ajedrezeuropa\/wp-json\/wp\/v2\/comments?post=2734"}],"version-history":[{"count":1,"href":"https:\/\/www.bfv.cloud\/ajedrezeuropa\/wp-json\/wp\/v2\/posts\/2734\/revisions"}],"predecessor-version":[{"id":2737,"href":"https:\/\/www.bfv.cloud\/ajedrezeuropa\/wp-json\/wp\/v2\/posts\/2734\/revisions\/2737"}],"wp:featuredmedia":[{"embeddable":true,"href":"https:\/\/www.bfv.cloud\/ajedrezeuropa\/wp-json\/wp\/v2\/media\/2735"}],"wp:attachment":[{"href":"https:\/\/www.bfv.cloud\/ajedrezeuropa\/wp-json\/wp\/v2\/media?parent=2734"}],"wp:term":[{"taxonomy":"category","embeddable":true,"href":"https:\/\/www.bfv.cloud\/ajedrezeuropa\/wp-json\/wp\/v2\/categories?post=2734"},{"taxonomy":"post_tag","embeddable":true,"href":"https:\/\/www.bfv.cloud\/ajedrezeuropa\/wp-json\/wp\/v2\/tags?post=2734"}],"curies":[{"name":"wp","href":"https:\/\/api.w.org\/{rel}","templated":true}]}}