{"id":2747,"date":"2015-04-22T13:51:00","date_gmt":"2015-04-22T13:51:00","guid":{"rendered":"https:\/\/www.bfv.cloud\/ajedrezeuropa\/index.php\/2015\/04\/22\/el-crfp-convoca-el-evento-de-clausura-del-curso-el-ajedrez-en-la-escuela\/"},"modified":"2025-11-20T10:51:01","modified_gmt":"2025-11-20T10:51:01","slug":"el-crfp-convoca-el-evento-de-clausura-del-curso-el-ajedrez-en-la-escuela","status":"publish","type":"post","link":"https:\/\/www.bfv.cloud\/ajedrezeuropa\/el-crfp-convoca-el-evento-de-clausura-del-curso-el-ajedrez-en-la-escuela\/","title":{"rendered":"EL CRFP CONVOCA EL EVENTO DE CLAUSURA DEL CURSO \u00abEL AJEDREZ EN LA ESCUELA\u00bb"},"content":{"rendered":"<div class=\"separator\" style=\"clear: both;text-align: center\">\n<a href=\"https:\/\/www.bfv.cloud\/ajedrezeuropa\/wp-content\/uploads\/2015\/04\/CARTELEVENTO19DEMAYO.jpg\" style=\"margin-left: 1em;margin-right: 1em\"><img fetchpriority=\"high\" decoding=\"async\" border=\"0\" src=\"https:\/\/www.bfv.cloud\/ajedrezeuropa\/wp-content\/uploads\/2015\/04\/CARTELEVENTO19DEMAYO.jpg\" height=\"640\" width=\"456\" \/><\/a><\/div>\n<p><span style=\"font-family: Helvetica Neue, Arial, Helvetica, sans-serif\"><b><br \/><\/b><\/span><br \/>\n<span style=\"font-family: Helvetica Neue, Arial, Helvetica, sans-serif\"><b>El pr\u00f3ximo 19 de mayo se celebrar\u00e1 el evento de clausura del curso \u00ab<u>EL AJEDREZ EN LA ESCUELA<\/u>\u00bb&nbsp;organizado por el CRFP y por el proyecto \u00abNUESTRO AJEDREZ EN EUROPA\u00bb para la formaci\u00f3n del profesorado de la ense\u00f1anza primaria y secundaria de Castilla-La Mancha. Finalmente ser\u00e1 el sal\u00f3n de actos del IES Universidad Laboral de Toledo el lugar que acoger\u00e1 las conferencias con las que culminar\u00e1 este exitoso curso de iniciaci\u00f3n para la implantaci\u00f3n del ajedrez en el sistema educativo regional. Despu\u00e9s de dos meses y medio de formaci\u00f3n enfocada a conocer la utilidad pedag\u00f3gica del ajedrez y al aprendizaje de los elementos b\u00e1sicos que conforman el juego, los 60 participantes del curso m\u00e1s otros 200 asistentes, tendr\u00e1n la oportunidad de disfrutar de las conferencias de Leontxo Garc\u00eda, uno de los divulgadores principales del deporte de la mente en el mundo, as\u00ed como de las preparadas por el GM Herminio Herr\u00e1iz y por F\u00e9lix Toribio, como ponentes de este primer m\u00f3dulo de iniciaci\u00f3n. El acto tiene previsto su comienzo a las 10 de la ma\u00f1ana y su conclusi\u00f3n a las 2 de la tarde.<\/b><\/span><br \/>\n<span style=\"font-family: Helvetica Neue, Arial, Helvetica, sans-serif\"><b>La convocatoria para todos los profesores de centros de ense\u00f1anza primaria y secundaria de Castilla-La Mancha ya est\u00e1 disponible en la plataforma del CRFP. El periodo de inscripci\u00f3n para los docentes comienza hoy y finalizar\u00e1 al completar aforo, dejando para el 4 de mayo la publicaci\u00f3n del listado definitivo de participantes.&nbsp;<\/b><\/span><\/p>\n","protected":false},"excerpt":{"rendered":"<p>El pr\u00f3ximo 19 de mayo se celebrar\u00e1 el evento de clausura del curso \u00abEL AJEDREZ EN LA ESCUELA\u00bb&nbsp;organizado por el CRFP y por el proyecto \u00abNUESTRO AJEDREZ EN EUROPA\u00bb para la formaci\u00f3n del profesorado de la ense\u00f1anza primaria y secundaria de Castilla-La Mancha. Finalmente ser\u00e1 el sal\u00f3n de actos del IES Universidad Laboral de Toledo [&hellip;]<\/p>\n","protected":false},"author":1,"featured_media":2748,"comment_status":"open","ping_status":"closed","sticky":false,"template":"","format":"standard","meta":{"footnotes":""},"categories":[1],"tags":[],"class_list":["post-2747","post","type-post","status-publish","format-standard","has-post-thumbnail","hentry","category-noticias"],"_links":{"self":[{"href":"https:\/\/www.bfv.cloud\/ajedrezeuropa\/wp-json\/wp\/v2\/posts\/2747","targetHints":{"allow":["GET"]}}],"collection":[{"href":"https:\/\/www.bfv.cloud\/ajedrezeuropa\/wp-json\/wp\/v2\/posts"}],"about":[{"href":"https:\/\/www.bfv.cloud\/ajedrezeuropa\/wp-json\/wp\/v2\/types\/post"}],"author":[{"embeddable":true,"href":"https:\/\/www.bfv.cloud\/ajedrezeuropa\/wp-json\/wp\/v2\/users\/1"}],"replies":[{"embeddable":true,"href":"https:\/\/www.bfv.cloud\/ajedrezeuropa\/wp-json\/wp\/v2\/comments?post=2747"}],"version-history":[{"count":1,"href":"https:\/\/www.bfv.cloud\/ajedrezeuropa\/wp-json\/wp\/v2\/posts\/2747\/revisions"}],"predecessor-version":[{"id":2749,"href":"https:\/\/www.bfv.cloud\/ajedrezeuropa\/wp-json\/wp\/v2\/posts\/2747\/revisions\/2749"}],"wp:featuredmedia":[{"embeddable":true,"href":"https:\/\/www.bfv.cloud\/ajedrezeuropa\/wp-json\/wp\/v2\/media\/2748"}],"wp:attachment":[{"href":"https:\/\/www.bfv.cloud\/ajedrezeuropa\/wp-json\/wp\/v2\/media?parent=2747"}],"wp:term":[{"taxonomy":"category","embeddable":true,"href":"https:\/\/www.bfv.cloud\/ajedrezeuropa\/wp-json\/wp\/v2\/categories?post=2747"},{"taxonomy":"post_tag","embeddable":true,"href":"https:\/\/www.bfv.cloud\/ajedrezeuropa\/wp-json\/wp\/v2\/tags?post=2747"}],"curies":[{"name":"wp","href":"https:\/\/api.w.org\/{rel}","templated":true}]}}