{"id":275,"date":"2011-10-18T23:54:00","date_gmt":"2011-10-18T23:54:00","guid":{"rendered":"https:\/\/www.bfv.cloud\/ajedrezeuropa\/index.php\/2011\/10\/18\/teletoledo-se-dedica-de-cerca-a-nuestro-ajedrez\/"},"modified":"2025-11-20T10:15:33","modified_gmt":"2025-11-20T10:15:33","slug":"teletoledo-se-dedica-de-cerca-a-nuestro-ajedrez","status":"publish","type":"post","link":"https:\/\/www.bfv.cloud\/ajedrezeuropa\/teletoledo-se-dedica-de-cerca-a-nuestro-ajedrez\/","title":{"rendered":"TELETOLEDO SE DEDICA \u00abDE CERCA\u00bb A NUESTRO AJEDREZ"},"content":{"rendered":"<div class=\"separator\" style=\"clear: both;text-align: center\"><a href=\"https:\/\/www.bfv.cloud\/ajedrezeuropa\/wp-content\/uploads\/2011\/10\/REPORTAJETELETOLEDO008.jpg\" style=\"clear: left;float: left;margin-bottom: 1em;margin-right: 1em\"><img fetchpriority=\"high\" decoding=\"async\" border=\"0\" height=\"400\" src=\"https:\/\/blogger.googleusercontent.com\/img\/b\/R29vZ2xl\/AVvXsEhpS0EGlvG8LFyAttsDYD9NTzHmMP5ucErb9wgacOtFsnrPydoUZj0Ff9BJkqhM5IXfSNVYjMOyEsmTpzkfTh0Z_TCECUOFKvci7JPyBVCGUkkpvyOR0xZ6u-RtquSEVn4e7Kd8-Qs6Bsk\/s400\/REPORTAJE+TELETOLEDO+008.jpg\" width=\"300\" \/><\/a><\/div>\n<p><a href=\"https:\/\/www.bfv.cloud\/ajedrezeuropa\/wp-content\/uploads\/2011\/10\/REPORTAJETELETOLEDO011.jpg\" style=\"clear: right;float: right;margin-bottom: 1em;margin-left: 1em\"><img decoding=\"async\" border=\"0\" height=\"240\" src=\"https:\/\/blogger.googleusercontent.com\/img\/b\/R29vZ2xl\/AVvXsEiv4rqrGO10Rix_U1XtzNH7PUuBjv9Yup2KXRiyLNU6gEUHqP9pXFuqwwpjhMd4Kdq-IwcKkeIFS0bA97GZdt-UoN5FWbfQBJTBjh246qOfd332oFPZPUdV_4MPcapU5jvVJA3FkCh1DHA\/s320\/REPORTAJE+TELETOLEDO+011.jpg\" width=\"320\" \/><\/a><\/p>\n<div class=\"separator\" style=\"border-bottom: medium none;border-left: medium none;border-right: medium none;border-top: medium none;clear: both;text-align: center\"><a href=\"https:\/\/www.bfv.cloud\/ajedrezeuropa\/wp-content\/uploads\/2011\/10\/REPORTAJETELETOLEDO005.jpg\" style=\"clear: right;float: right;margin-bottom: 1em;margin-left: 1em\"><img decoding=\"async\" border=\"0\" height=\"240\" src=\"https:\/\/blogger.googleusercontent.com\/img\/b\/R29vZ2xl\/AVvXsEiJftt8_Uf6XoiZXNxHMQShBLQ7qc_1hKdw9ip0-SAGIEEXvxp-8eRr_fqa5DS9XyZ5N0n9I-l0ui-_5rwa0Y2Rr71JkKtz6Oq5c8eN2TbhlNASb4NY2qxsZGdJ9xh4jrQC5OTz95oiK3k\/s320\/REPORTAJE+TELETOLEDO+005.jpg\" width=\"320\" \/><\/a><strong><span style=\", serif\">El programa \u00abDe Cerca\u00bb del canal TeleToledo ha elaborado un reportaje sobre nuestras escuelas de ajedrez. La presentadora, Laura Ochoa, se interes\u00f3 por la historia y trayectoria del ajedrez en Alc\u00e1zar y Villafranca, as\u00ed como&nbsp;por el&nbsp;nacimiento del proyecto \u00abNuestro Ajedrez en Europa\u00bb. A lo largo de la entrevista, hemos querido resaltar los valores que aporta nuestro deporte a la educaci\u00f3n y formaci\u00f3n de los chicos y chicas que lo practican: desarrollo del pensamiento l\u00f3gico, del esp\u00edritu cr\u00edtico y creativo, as\u00ed como el fortalecimiento de la autoestima, son los referentes principales. Adem\u00e1s, hemos puesto de manifiesto el significado del ajedrez como herramienta educativa, como encuentro intergeneracional y como manera de actuar en la vida, con una profunda capacidad&nbsp;reflexiva. Sin duda, la riqueza del ajedrez deber\u00eda significar avanzar en su implantaci\u00f3n en los colegios y su apoyo por parte de las instituciones p\u00fablicas. Conf\u00edamos en que el ejemplo de colaboraci\u00f3n entre los ayuntamientos de Alc\u00e1zar y Villafranca, que se dan en nuestro proyecto, pueda favorecer la inversi\u00f3n en formaci\u00f3n humana que requiere el ajedrez.<\/span><\/strong><\/div>\n<div class=\"separator\" style=\"border-bottom: medium none;border-left: medium none;border-right: medium none;border-top: medium none;clear: both;text-align: center\"><strong><span style=\"font-family: Georgia\">La fecha y hora prevista para la emisi\u00f3n del reportaje es el jueves, 3 de noviembre, a partir de las 10 de la noche.<\/span><\/strong><\/div>\n<table align=\"center\" cellpadding=\"0\" cellspacing=\"0\" class=\"tr-caption-container\" style=\"margin-left: auto;margin-right: auto;text-align: center\">\n<tbody>\n<tr>\n<td style=\"text-align: center\"><a href=\"https:\/\/www.bfv.cloud\/ajedrezeuropa\/wp-content\/uploads\/2011\/10\/PA184415.jpg\" style=\"margin-left: auto;margin-right: auto\"><img loading=\"lazy\" decoding=\"async\" border=\"0\" height=\"300\" src=\"https:\/\/blogger.googleusercontent.com\/img\/b\/R29vZ2xl\/AVvXsEgj6PKVoRoiVKVR97QNqrRKU-Mvau_Osw2rOOC-FiELHmzysgiKlitIO0JVVijoqy-dLfLx1X2cMX606aEdsFsBuetEYMSkl9Uf2eHIrQ3U84yJp1CM0OxYm0gxKsV_lywSZBm41UDbANw\/s400\/PA184415.jpg\" width=\"400\" \/><\/a><\/td>\n<\/tr>\n<tr>\n<td class=\"tr-caption\" style=\"text-align: center\">Foto de Elisa Moreno &#8211; Radio Villafranca<\/td>\n<\/tr>\n<\/tbody>\n<\/table>\n<div class=\"separator\" style=\"border-bottom: medium none;border-left: medium none;border-right: medium none;border-top: medium none;clear: both;text-align: center\">\n<\/div>\n","protected":false},"excerpt":{"rendered":"<p>El programa \u00abDe Cerca\u00bb del canal TeleToledo ha elaborado un reportaje sobre nuestras escuelas de ajedrez. La presentadora, Laura Ochoa, se interes\u00f3 por la historia y trayectoria del ajedrez en Alc\u00e1zar y Villafranca, as\u00ed como&nbsp;por el&nbsp;nacimiento del proyecto \u00abNuestro Ajedrez en Europa\u00bb. A lo largo de la entrevista, hemos querido resaltar los valores que aporta [&hellip;]<\/p>\n","protected":false},"author":1,"featured_media":276,"comment_status":"open","ping_status":"closed","sticky":false,"template":"","format":"standard","meta":{"footnotes":""},"categories":[1],"tags":[],"class_list":["post-275","post","type-post","status-publish","format-standard","has-post-thumbnail","hentry","category-noticias"],"_links":{"self":[{"href":"https:\/\/www.bfv.cloud\/ajedrezeuropa\/wp-json\/wp\/v2\/posts\/275","targetHints":{"allow":["GET"]}}],"collection":[{"href":"https:\/\/www.bfv.cloud\/ajedrezeuropa\/wp-json\/wp\/v2\/posts"}],"about":[{"href":"https:\/\/www.bfv.cloud\/ajedrezeuropa\/wp-json\/wp\/v2\/types\/post"}],"author":[{"embeddable":true,"href":"https:\/\/www.bfv.cloud\/ajedrezeuropa\/wp-json\/wp\/v2\/users\/1"}],"replies":[{"embeddable":true,"href":"https:\/\/www.bfv.cloud\/ajedrezeuropa\/wp-json\/wp\/v2\/comments?post=275"}],"version-history":[{"count":1,"href":"https:\/\/www.bfv.cloud\/ajedrezeuropa\/wp-json\/wp\/v2\/posts\/275\/revisions"}],"predecessor-version":[{"id":280,"href":"https:\/\/www.bfv.cloud\/ajedrezeuropa\/wp-json\/wp\/v2\/posts\/275\/revisions\/280"}],"wp:featuredmedia":[{"embeddable":true,"href":"https:\/\/www.bfv.cloud\/ajedrezeuropa\/wp-json\/wp\/v2\/media\/276"}],"wp:attachment":[{"href":"https:\/\/www.bfv.cloud\/ajedrezeuropa\/wp-json\/wp\/v2\/media?parent=275"}],"wp:term":[{"taxonomy":"category","embeddable":true,"href":"https:\/\/www.bfv.cloud\/ajedrezeuropa\/wp-json\/wp\/v2\/categories?post=275"},{"taxonomy":"post_tag","embeddable":true,"href":"https:\/\/www.bfv.cloud\/ajedrezeuropa\/wp-json\/wp\/v2\/tags?post=275"}],"curies":[{"name":"wp","href":"https:\/\/api.w.org\/{rel}","templated":true}]}}