{"id":2754,"date":"2012-01-16T14:41:00","date_gmt":"2012-01-16T14:41:00","guid":{"rendered":"https:\/\/www.bfv.cloud\/ajedrezeuropa\/index.php\/2012\/01\/16\/comenzaron-los-escolares-de-ciudad-real-y-toledo\/"},"modified":"2025-11-20T10:51:16","modified_gmt":"2025-11-20T10:51:16","slug":"comenzaron-los-escolares-de-ciudad-real-y-toledo","status":"publish","type":"post","link":"https:\/\/www.bfv.cloud\/ajedrezeuropa\/comenzaron-los-escolares-de-ciudad-real-y-toledo\/","title":{"rendered":"COMENZARON LOS ESCOLARES DE CIUDAD REAL Y TOLEDO"},"content":{"rendered":"<table cellpadding=\"0\" cellspacing=\"0\" class=\"tr-caption-container\" style=\"float: right;margin-left: 1em;text-align: right\">\n<tbody>\n<tr>\n<td style=\"text-align: center\"><a href=\"https:\/\/www.bfv.cloud\/ajedrezeuropa\/wp-content\/uploads\/2012\/01\/EscolarCiudadReal2012013.jpg\" style=\"clear: right;margin-bottom: 1em;margin-left: auto;margin-right: auto\"><img fetchpriority=\"high\" decoding=\"async\" border=\"0\" height=\"240\" src=\"https:\/\/blogger.googleusercontent.com\/img\/b\/R29vZ2xl\/AVvXsEiQ42UIXNVB-ma7RoWkXgeo8rA6j4OE7p2RPzlDjdZmYOZbASjYrKbEqXxa-LZ3AK_ZfP7c3yCAW7_aFbMvqzIyCGnMMibVm6ky0N0VsgX4V2LH7OhBBk_F5nhqdomiJ5IbSy4QwKOKEiM\/s320\/Escolar+Ciudad+Real+2012+013.jpg\" width=\"320\" \/><\/a><\/td>\n<\/tr>\n<tr>\n<td class=\"tr-caption\" style=\"text-align: center\">Imagen general de la sala de juego en Miguelturra<\/td>\n<\/tr>\n<\/tbody>\n<\/table>\n<p>&nbsp;<strong><span style=\", sans-serif\">Ya est\u00e1n en marcha los campeonatos en edad escolar de Ciudad Real y Toledo clasificatorios para el regional a raz\u00f3n de 3 chicos y 3 chicas por categor\u00eda y provincia. Esta competici\u00f3n supone el inicio de la temporada ajedrec\u00edstica y tambi\u00e9n una de las f\u00f3rmulas de aficionar a los jugadores de menor edad a este juego, mientras conocen las reglas que rigen este milenario deporte. <\/span><\/strong><br \/>\n\ufeff <\/p>\n<table cellpadding=\"0\" cellspacing=\"0\" class=\"tr-caption-container\" style=\"float: left;margin-right: 1em;text-align: left\">\n<tbody>\n<tr>\n<td style=\"text-align: center\"><a href=\"https:\/\/www.bfv.cloud\/ajedrezeuropa\/wp-content\/uploads\/2012\/01\/EscolarCiudadReal2012001.jpg\" style=\"clear: left;margin-bottom: 1em;margin-left: auto;margin-right: auto\"><img decoding=\"async\" border=\"0\" height=\"240\" src=\"https:\/\/blogger.googleusercontent.com\/img\/b\/R29vZ2xl\/AVvXsEi35wbqAALTdwovUtWP4dHLfGzRfTzJTDtLa2AbdUaracdk1wBk4MAv90bEhrjPq6lU8d_mBthQx6W0e9G11o5OEGhxiE9wG5y0gRtR8SJbaDIdqzZt2abeHPB3NwA2924ZYAG-N9bliYs\/s320\/Escolar+Ciudad+Real+2012+001.jpg\" width=\"320\" \/><\/a><\/td>\n<\/tr>\n<tr>\n<td class=\"tr-caption\" style=\"text-align: center\">Carlos \u00c1lvarez en su primer Escolar con la EDM de Alc\u00e1zar<\/td>\n<\/tr>\n<\/tbody>\n<\/table>\n<p>\ufeff &nbsp;<strong><span style=\", sans-serif\">Esta primera jornada ha servido para conocer los lugares de juego y el n\u00famero de participantes. Si bien en Ciudad Real este n\u00famero ha aumentado ligeramente en 2012,&nbsp;el punto m\u00e1s importante a&nbsp;resaltar es el&nbsp;trabajo que han desarrollado durante los \u00faltimos a\u00f1os escuelas como las de Tomelloso, Almagro o la nuestra de Alc\u00e1zar, que han servido para que la provincia supere&nbsp;en 6 a\u00f1os&nbsp;a otras lim\u00edtrofes&nbsp;que part\u00edan con una ventaja superior al doble en este Escolar.<\/span><\/strong><\/p>\n<table cellpadding=\"0\" cellspacing=\"0\" class=\"tr-caption-container\" style=\"float: left;margin-right: 1em;text-align: left\">\n<tbody>\n<tr>\n<td style=\"text-align: center\"><a href=\"https:\/\/www.bfv.cloud\/ajedrezeuropa\/wp-content\/uploads\/2012\/01\/EscolarCiudadReal2012006.jpg\" style=\"clear: left;margin-bottom: 1em;margin-left: auto;margin-right: auto\"><img decoding=\"async\" border=\"0\" height=\"240\" src=\"https:\/\/blogger.googleusercontent.com\/img\/b\/R29vZ2xl\/AVvXsEiAgd-IlRcg78sX-mW_xVCEcIFkGEfvC6n0637kOJBeljbsgJmuFw5zTEeAChRDSwAVBZrKmBBUhMsVC2o2LJf-DBmCEJQ26a0UtAv6Xtbuo_lvEeSM1_iUEhLCnyIkz1kfstouf-2RT80\/s320\/Escolar+Ciudad+Real+2012+006.jpg\" width=\"320\" \/><\/a><\/td>\n<\/tr>\n<tr>\n<td class=\"tr-caption\" style=\"text-align: center\">Arturo Mate se inicia en la competici\u00f3n oficial de Ciudad Real<\/td>\n<\/tr>\n<\/tbody>\n<\/table>\n<p>\n<strong><span style=\", sans-serif\">No cabe la menor duda que la ausencia de un proyecto congruente y serio por parte de&nbsp;la federaci\u00f3n de Castilla-La Mancha&nbsp;est\u00e1 da\u00f1ando gravemente al ajedrez en toda nuestra regi\u00f3n, excepci\u00f3n hecha de aquellos esfuerzos personales que superan todos los condicionantes y consiguen crecer ante la adversidad.<\/span><\/strong><\/p>\n<table cellpadding=\"0\" cellspacing=\"0\" class=\"tr-caption-container\" style=\"float: right;margin-left: 1em;text-align: right\">\n<tbody>\n<tr>\n<td style=\"text-align: center\"><a href=\"https:\/\/www.bfv.cloud\/ajedrezeuropa\/wp-content\/uploads\/2012\/01\/EscolarCiudadReal2012005.jpg\" style=\"clear: right;margin-bottom: 1em;margin-left: auto;margin-right: auto\"><img loading=\"lazy\" decoding=\"async\" border=\"0\" height=\"240\" src=\"https:\/\/blogger.googleusercontent.com\/img\/b\/R29vZ2xl\/AVvXsEhpX4NfhuX-YOk7ptaBIALDZ_hbVhSzhK-gEHR4cgVSu7382Sz4B_oEZ9UdHIAzO1atJKJicH9zaW1MfNaPokG5NnzQCHshdz5Yi0BKn4CnJOh7SuPhc1MW9MjhsvSqE90Js_u3CSRfsW0\/s320\/Escolar+Ciudad+Real+2012+005.jpg\" width=\"320\" \/><\/a><\/td>\n<\/tr>\n<tr>\n<td class=\"tr-caption\" style=\"text-align: center\">Isabel Marcos-Alberca durante su 1\u00aa partida<\/td>\n<\/tr>\n<\/tbody>\n<\/table>\n<p>&nbsp;<strong><span style=\", sans-serif\">No cabe la menor duda de que la miseria con la que algunos entienden el mundo del ajedrez nos empobrece y nos desacredita social y medi\u00e1ticamente. <\/span><\/strong><br \/>\n<strong><span style=\"font-family: Trebuchet MS\">No cabe la menor duda de que el escaso dinero que llega a nuestro deporte lo hace para la promoci\u00f3n y divulgaci\u00f3n entre los ni\u00f1os y ni\u00f1as. Adem\u00e1s, teniendo en cuenta que en su inmensa mayor\u00eda es dinero p\u00fablico, ser\u00eda necesario e imprescindible establecer un claro orden de prioridades que lo hiciera revertir directamente en acercar el ajedrez a los colegios, institutos y centros educativos y deportivos de cualquier \u00edndole.<\/span><\/strong><\/p>\n<table cellpadding=\"0\" cellspacing=\"0\" class=\"tr-caption-container\" style=\"float: left;margin-right: 1em;text-align: left\">\n<tbody>\n<tr>\n<td style=\"text-align: center\"><a href=\"https:\/\/www.bfv.cloud\/ajedrezeuropa\/wp-content\/uploads\/2012\/01\/EscolarToledo2012001.jpg\" style=\"clear: left;margin-bottom: 1em;margin-left: auto;margin-right: auto\"><img loading=\"lazy\" decoding=\"async\" border=\"0\" height=\"240\" src=\"https:\/\/blogger.googleusercontent.com\/img\/b\/R29vZ2xl\/AVvXsEisRnplhzPJHZvFszl2oab6Hhud7cc71a0znkQvIKJn9jowge3BPFaCM2SK1nOanAebMkXp0uXD3DjBYsfp2vQ15205-ZgGIAWXimhXj_UZ1GBGTf4ycbGsdfZ-W2qAPZxJTI-tu4ZGz60\/s320\/Escolar+Toledo+2012+001.jpg\" width=\"320\" \/><\/a><\/td>\n<\/tr>\n<tr>\n<td class=\"tr-caption\" style=\"text-align: center\">Isaac Lozano luchar\u00e1 por su clasificaci\u00f3n para el regional<br \/>\nEscolar<\/td>\n<\/tr>\n<\/tbody>\n<\/table>\n<p>\n<strong><span style=\", sans-serif\">No cabe la menor duda de que muchas cosas deben estar fallando en el ajedrez toledano para que se haya llegado a la paup\u00e9rrima situaci\u00f3n en la que ha quedado el Escolar. Es un hecho que en los \u00faltimos 6 a\u00f1os se ha pasado de 286 participantes en 2006 al escaso&nbsp;centenar de 2012, en un paulatino y&nbsp;constante descenso que nada ni nadie han intentado poner freno. La desaparici\u00f3n del 50% de las escuelas municipales de ajedrez desde 2006 hasta hoy&nbsp;es la punta del iceberg del grave problema que se debe afrontar. <\/span><\/strong><br \/>\n\ufeff <\/p>\n<table cellpadding=\"0\" cellspacing=\"0\" class=\"tr-caption-container\" style=\"float: left;margin-right: 1em;text-align: left\">\n<tbody>\n<tr>\n<td style=\"text-align: center\"><a href=\"https:\/\/www.bfv.cloud\/ajedrezeuropa\/wp-content\/uploads\/2012\/01\/EscolarToledo2012012.jpg\" style=\"clear: left;margin-bottom: 1em;margin-left: auto;margin-right: auto\"><img loading=\"lazy\" decoding=\"async\" border=\"0\" height=\"240\" src=\"https:\/\/blogger.googleusercontent.com\/img\/b\/R29vZ2xl\/AVvXsEhrAKfKk5C-MNymbygZGhlqccolMSMjrz4Spr-mAFQ-HKdj-bIoE9JKtqxL4icCr6D1KVhukE5MNtHmhEHO08I_tkNOqlNyorm7w6tOvSiOMtIj9G3OB_KXuvAI-3xTwlLMCq8dKFhZhro\/s320\/Escolar+Toledo+2012+012.jpg\" width=\"320\" \/><\/a><\/td>\n<\/tr>\n<tr>\n<td class=\"tr-caption\" style=\"text-align: center\">La peque\u00f1a \u00c1ngela en el Infantil de Toledo<\/td>\n<\/tr>\n<\/tbody>\n<\/table>\n<p>\ufeff &nbsp;<strong><span style=\", sans-serif\">De poco vale que escuelas como las de Ol\u00edas del Rey, Bargas o la propia Villafranca, mantengan una notable presencia si no existe un programa espec\u00edfico de apoyo y ayuda a la creaci\u00f3n de nuevas escuelas municipales que ampl\u00eden la base de chicos y chicas sobre la que trabajar.<\/span><\/strong><br \/>\n<strong><span style=\"font-family: Trebuchet MS\">No cabe la menor duda de que nuestra capacidad de influencia en la actual delegaci\u00f3n de Toledo es nula y que son otros los que aconsejan, asesoran y manipulan, aprovechando su cercan\u00eda al poder para de paso obtener alg\u00fan beneficio, incluso en cosas tan rid\u00edculas como los premios de la Gala del Deporte de la Diputaci\u00f3n de Toledo. <\/span><\/strong>\ufeff <\/p>\n<table cellpadding=\"0\" cellspacing=\"0\" class=\"tr-caption-container\" style=\"float: left;text-align: left\">\n<tbody>\n<tr>\n<td style=\"text-align: center\"><a href=\"https:\/\/www.bfv.cloud\/ajedrezeuropa\/wp-content\/uploads\/2012\/01\/EscolarToledo2012011.jpg\" style=\"clear: left;margin-bottom: 1em;margin-left: auto;margin-right: auto\"><img loading=\"lazy\" decoding=\"async\" border=\"0\" height=\"240\" src=\"https:\/\/blogger.googleusercontent.com\/img\/b\/R29vZ2xl\/AVvXsEj1a-_zZzG0RW2TWAzrvQRG4Aipbpve50pwGJMjV6FwqtNVZ8aUQqEQZIc-pFro20yuBxsnLIIsahxKgpM-bYMX6IVkFqPzoqaZOq5jm-okq46Xs1WLbhHaAbOUCmupwi-SvKgOxI6XbjM\/s320\/Escolar+Toledo+2012+011.jpg\" width=\"320\" \/><\/a><\/td>\n<\/tr>\n<tr>\n<td class=\"tr-caption\" style=\"text-align: center\">Iv\u00e1n y \u00d3scar, 2 de nuestras promesas de la EDM de <br \/>\nVillafranca<\/td>\n<\/tr>\n<\/tbody>\n<\/table>\n<p>\ufeff<\/p>\n<div style=\"border-bottom: medium none;border-left: medium none;border-right: medium none;border-top: medium none\"><strong><span style=\"font-family: Trebuchet MS\">Por&nbsp;consiguiente, ser\u00e1 a ellos a los que habr\u00e1 que pedir responsabilidades de esta ca\u00f3tica situaci\u00f3n y del perjuicio que est\u00e1n causando al ajedrez toledano.<\/span><\/strong><\/div>\n<div style=\"border-bottom: medium none;border-left: medium none;border-right: medium none;border-top: medium none\"><strong><span style=\"font-family: Trebuchet MS\">S\u00f3lo nos queda esperar que, al menos en lo deportivo,&nbsp;el&nbsp;\u00f3rgano federativo de Toledo procure mantener una absoluta imparcialidad, aunque a veces hasta en este aspecto se ha rayado en la desverg\u00fcenza, intentando favorecer a los allegados al poder desde la redacci\u00f3n de unas bases&nbsp;a la medida del amiguete&nbsp;incluso en&nbsp;campeonatos oficiales.&nbsp;&nbsp;<\/span><\/strong><\/div>\n<p><\/p>\n<table cellpadding=\"0\" cellspacing=\"0\" class=\"tr-caption-container\" style=\"float: right;margin-left: 1em;text-align: right\">\n<tbody>\n<tr>\n<td style=\"text-align: center\"><a href=\"https:\/\/www.bfv.cloud\/ajedrezeuropa\/wp-content\/uploads\/2012\/01\/EscolarToledo2012004.jpg\" style=\"clear: right;margin-bottom: 1em;margin-left: auto;margin-right: auto\"><img loading=\"lazy\" decoding=\"async\" border=\"0\" height=\"240\" src=\"https:\/\/blogger.googleusercontent.com\/img\/b\/R29vZ2xl\/AVvXsEj2ZaCdJCRuqk-S645S-xwxknOsaNLbj7Eyiiy_5LLKYooSgGaQ-L82ix4jZN5p04vbLnHK6pfKd7rTFcz-pgQ9ZB0z0ADSUxCyBBGgrbCi6gjcHx-XiBjy8Sx7vZyPaa2m1HsIU7309fw\/s320\/Escolar+Toledo+2012+004.jpg\" width=\"320\" \/><\/a><\/td>\n<\/tr>\n<tr>\n<td class=\"tr-caption\" style=\"text-align: center\">Con tan s\u00f3lo 6 a\u00f1os, Mois\u00e9s aprender\u00e1 en una <br \/>\ncompetici\u00f3n creada para ello.<\/td>\n<\/tr>\n<\/tbody>\n<\/table>\n<p><strong><span style=\", sans-serif\">En las pr\u00f3ximas semanas procuraremos limitarnos a se\u00f1alar las actuaciones de nuestros chicos y chicas, aunque la situaci\u00f3n es tan preocupante en Toledo que no podemos dejar de comentarla.<\/span><\/strong><br \/>\n<strong><span style=\"font-family: Trebuchet MS\">El pr\u00f3ximo fin de semana m\u00e1s competici\u00f3n. En principio, y no&nbsp;habiendo ninguna&nbsp;variaci\u00f3n en los horarios de autob\u00fas, las salidas se producir\u00e1n desde los mismos lugares que el pasado&nbsp;fin de semana.&nbsp;<\/span><\/strong><br \/>\n<strong><span style=\"font-family: Trebuchet MS\">Tambi\u00e9n os recordamos que el s\u00e1bado 17 de enero se iniciar\u00e1 el Campeonato Provincial sub-18 de Toledo y que la federaci\u00f3n no ha concedido nada m\u00e1s que esta semana para el pago de estas licencias.<\/span><\/strong><br \/>\n<strong><span style=\"font-family: Trebuchet MS\">A continuaci\u00f3n ponemos los enlaces con los diferentes campeonatos:<\/span><\/strong><\/p>\n<div align=\"center\"><a href=\"http:\/\/chess-results.com\/tnr64092.aspx?ix=1&amp;art=1&amp;rd=1&amp;lan=2&amp;turdet=YES\"><span style=\"color: blue\">Escolar Infantil Toledo 2012<\/span><\/a><\/div>\n<div align=\"center\"><a href=\"http:\/\/chess-results.com\/tnr63816.aspx?art=1&amp;rd=1&amp;lan=2\"><span style=\"color: blue\">Escolar Cadete Toledo 2012<\/span><\/a><span style=\"color: blue\">\ufeff<\/span><\/div>\n<div align=\"center\">\n<a href=\"http:\/\/chess-results.com\/tnr63312.aspx?lan=2\">Escolar Infantil Ciudad Real 2012<\/a><br \/>\n<a href=\"http:\/\/chess-results.com\/tnr63314.aspx?art=0&amp;lan=2\">Escolar Cadete Ciudad Real 2012<\/a><\/div>\n","protected":false},"excerpt":{"rendered":"<p>Imagen general de la sala de juego en Miguelturra &nbsp;Ya est\u00e1n en marcha los campeonatos en edad escolar de Ciudad Real y Toledo clasificatorios para el regional a raz\u00f3n de 3 chicos y 3 chicas por categor\u00eda y provincia. Esta competici\u00f3n supone el inicio de la temporada ajedrec\u00edstica y tambi\u00e9n una de las f\u00f3rmulas de [&hellip;]<\/p>\n","protected":false},"author":1,"featured_media":2755,"comment_status":"open","ping_status":"closed","sticky":false,"template":"","format":"standard","meta":{"footnotes":""},"categories":[1],"tags":[],"class_list":["post-2754","post","type-post","status-publish","format-standard","has-post-thumbnail","hentry","category-noticias"],"_links":{"self":[{"href":"https:\/\/www.bfv.cloud\/ajedrezeuropa\/wp-json\/wp\/v2\/posts\/2754","targetHints":{"allow":["GET"]}}],"collection":[{"href":"https:\/\/www.bfv.cloud\/ajedrezeuropa\/wp-json\/wp\/v2\/posts"}],"about":[{"href":"https:\/\/www.bfv.cloud\/ajedrezeuropa\/wp-json\/wp\/v2\/types\/post"}],"author":[{"embeddable":true,"href":"https:\/\/www.bfv.cloud\/ajedrezeuropa\/wp-json\/wp\/v2\/users\/1"}],"replies":[{"embeddable":true,"href":"https:\/\/www.bfv.cloud\/ajedrezeuropa\/wp-json\/wp\/v2\/comments?post=2754"}],"version-history":[{"count":1,"href":"https:\/\/www.bfv.cloud\/ajedrezeuropa\/wp-json\/wp\/v2\/posts\/2754\/revisions"}],"predecessor-version":[{"id":2763,"href":"https:\/\/www.bfv.cloud\/ajedrezeuropa\/wp-json\/wp\/v2\/posts\/2754\/revisions\/2763"}],"wp:featuredmedia":[{"embeddable":true,"href":"https:\/\/www.bfv.cloud\/ajedrezeuropa\/wp-json\/wp\/v2\/media\/2755"}],"wp:attachment":[{"href":"https:\/\/www.bfv.cloud\/ajedrezeuropa\/wp-json\/wp\/v2\/media?parent=2754"}],"wp:term":[{"taxonomy":"category","embeddable":true,"href":"https:\/\/www.bfv.cloud\/ajedrezeuropa\/wp-json\/wp\/v2\/categories?post=2754"},{"taxonomy":"post_tag","embeddable":true,"href":"https:\/\/www.bfv.cloud\/ajedrezeuropa\/wp-json\/wp\/v2\/tags?post=2754"}],"curies":[{"name":"wp","href":"https:\/\/api.w.org\/{rel}","templated":true}]}}