{"id":2764,"date":"2012-09-09T20:04:00","date_gmt":"2012-09-09T20:04:00","guid":{"rendered":"https:\/\/www.bfv.cloud\/ajedrezeuropa\/index.php\/2012\/09\/09\/la-decima-edicion-del-torneo-de-feria-de-alcazar-reunio-a-62-jugadores-menores-de-18-anos\/"},"modified":"2025-11-20T10:51:22","modified_gmt":"2025-11-20T10:51:22","slug":"la-decima-edicion-del-torneo-de-feria-de-alcazar-reunio-a-62-jugadores-menores-de-18-anos","status":"publish","type":"post","link":"https:\/\/www.bfv.cloud\/ajedrezeuropa\/la-decima-edicion-del-torneo-de-feria-de-alcazar-reunio-a-62-jugadores-menores-de-18-anos\/","title":{"rendered":"LA D\u00c9CIMA EDICI\u00d3N DEL TORNEO DE FERIA DE ALC\u00c1ZAR REUNI\u00d3 A 62 JUGADORES MENORES DE 18 A\u00d1OS"},"content":{"rendered":"<p>\ufeff <br \/>\n\ufeff  <\/p>\n<table cellpadding=\"0\" cellspacing=\"0\" class=\"tr-caption-container\" style=\"float: left;margin-right: 1em;text-align: left\">\n<tbody>\n<tr>\n<td style=\"text-align: center\"><a href=\"https:\/\/www.bfv.cloud\/ajedrezeuropa\/wp-content\/uploads\/2012\/09\/FOTOSVFESTIVALALCC381ZAR2012010.jpg\" style=\"clear: left;margin-bottom: 1em;margin-left: auto;margin-right: auto\"><img fetchpriority=\"high\" decoding=\"async\" border=\"0\" height=\"300\" src=\"https:\/\/blogger.googleusercontent.com\/img\/b\/R29vZ2xl\/AVvXsEg9_4LyJSZSNRmnYTD-3tQ6CBPJmPgFMoQMYgYdrZtPvt9E9SjsxhSs3gh26qjVc5axaTHAkQjEgU_ibcYrsvmpX4-sC0n8enDeLc_QrXibRP-Y_IPN-MvJoWhgW_FerP-BV1lScVn6DPY\/s400\/FOTOS+V+FESTIVAL+ALC%C3%81ZAR+2012+010.jpg\" width=\"400\" \/><\/a><\/td>\n<\/tr>\n<tr>\n<td class=\"tr-caption\" style=\"text-align: center\">Una visi\u00f3n de la sala de juego del V torneo sub-16<\/td>\n<\/tr>\n<\/tbody>\n<\/table>\n<p>\ufeff  \ufeff <span style=\"font-family: Verdana, sans-serif\">&nbsp;<\/span><span style=\"color: blue;, sans-serif\"><span style=\"font-family: Verdana, sans-serif\">El V Festival Infantil y Juvenil Nuestro Ajedrez en Europa ha vuelto a ser el punto de atenci\u00f3n del ajedrez castellano-manchego durante el pasado s\u00e1bado.&nbsp;La nueva estructura del festival, dividido en el tradicional torneo de categor\u00eda sub-16 y en otro nuevo sub-18, ha permitido la participaci\u00f3n de un buen n\u00famero de&nbsp;los m\u00e1s destacados jugadores y jugadoras&nbsp;de menos de 18 a\u00f1os de nuestra regi\u00f3n.<\/span>&nbsp;&nbsp;<\/span><br \/>\n<span style=\"color: blue;, sans-serif\"><\/span><br \/>\n\ufeff  <\/p>\n<table cellpadding=\"0\" cellspacing=\"0\" class=\"tr-caption-container\" style=\"float: right;margin-left: 1em;text-align: right\">\n<tbody>\n<tr>\n<td style=\"text-align: center\"><a href=\"https:\/\/www.bfv.cloud\/ajedrezeuropa\/wp-content\/uploads\/2012\/09\/FOTOSVFESTIVALALCC381ZAR2012001.jpg\" style=\"clear: right;margin-bottom: 1em;margin-left: auto;margin-right: auto\"><img decoding=\"async\" border=\"0\" height=\"300\" src=\"https:\/\/blogger.googleusercontent.com\/img\/b\/R29vZ2xl\/AVvXsEgUW9EikJw6y3gSu0cwEjJ6brQfWXyv_UPQdXotShpZv-VbUe5db9wHF54qDHnfUfJ3unEVGjwI_rqKxBUiEEHGDX0ir_f1bDDINE3Gy5voFftkKOMLwMbwUD4oL4QWEgH5eoUvokSD_Dg\/s400\/FOTOS+V+FESTIVAL+ALC%C3%81ZAR+2012+001.jpg\" width=\"400\" \/><\/a><\/td>\n<\/tr>\n<tr>\n<td class=\"tr-caption\" style=\"text-align: center\">Los trofeos y recuerdos elaborados por la alfarer\u00eda de los<br \/>\nHermanos Pe\u00f1o son otro aliciente para participar<br \/>\nen nuestros torneos<\/td>\n<\/tr>\n<\/tbody>\n<\/table>\n<p>\ufeff  <span style=\"color: blue;font-family: Verdana, sans-serif\">Un total de 7 equipos, 4 en el sub-16 y 3 en el sub-18, han competido&nbsp;y disfrutado de una jornada de brillante ajedrez sobre los tableros en busca de&nbsp;unos premios que tienen como principal objetivo el apoyo a la financiaci\u00f3n de los clubes. En tiempos econ\u00f3micamente complicados es muy importante que se mantengan el mayor n\u00famero de actividades que favorezcan el mantenimiento y la iniciaci\u00f3n en la afici\u00f3n por el ajedrez.<\/span><br \/>\n\ufeff <\/p>\n<table cellpadding=\"0\" cellspacing=\"0\" class=\"tr-caption-container\" style=\"float: right;margin-left: 1em;text-align: right\">\n<tbody>\n<tr>\n<td style=\"text-align: center\"><a href=\"https:\/\/www.bfv.cloud\/ajedrezeuropa\/wp-content\/uploads\/2012\/09\/FOTOSVFESTIVALALCC381ZAR2012017.jpg\" style=\"clear: right;margin-bottom: 1em;margin-left: auto;margin-right: auto\"><img decoding=\"async\" border=\"0\" height=\"240\" src=\"https:\/\/blogger.googleusercontent.com\/img\/b\/R29vZ2xl\/AVvXsEhOSpIcGl2fkYz57nLNbzEs0dbdmT5Frv1JogGH8uW6CbFxp3LUuJ98mvDCFAYU5gZ9s_M9bHZ8R8Bk1_HZZVboAq8Y93uPKmQ6vDBxetuWWBinrUAzfUOWVdW7dPejwSz8y14QXL_dClQ\/s320\/FOTOS+V+FESTIVAL+ALC%C3%81ZAR+2012+017.jpg\" width=\"320\" \/><\/a><\/td>\n<\/tr>\n<tr>\n<td class=\"tr-caption\" style=\"text-align: center\">Manuel de la Gu\u00eda, concejal de deportes del ayto.<br \/>\nde Alc\u00e1zar, asisti\u00f3 al acto de entrega de premios<\/td>\n<\/tr>\n<\/tbody>\n<\/table>\n<p>\ufeff &nbsp;<span style=\"color: blue;font-family: Verdana, sans-serif\">En el&nbsp;terreno deportivo y de&nbsp;resultados hay que destacar la presencia de 12 ajedrecistas en el sub-18, que distribuidos en&nbsp;3 equipos&nbsp;mantuvieron una lucha muy&nbsp;interesante durante las 5 rondas que disputaron a un ritmo de 25 minutos + 5 segundos de incremento por jugada. Finalmente, la victoria&nbsp;fue para los chicos de Nuestro Ajedrez en Europa, que lograron sumar 11,5 puntos en sus 3 mejores tableros, seguidos de Nuestro Ajedrez por la Igualdad con 7 puntos, mientras que los jugadores del Club Parque Sur de Albacete, con 6,5 puntos, quedaban terceros a tan s\u00f3lo medio punto del equipo de la Igualdad.<\/span><br \/>\n<span style=\"color: blue;font-family: Verdana\">Al mismo tiempo ten\u00edan lugar las 7 rondas del torneo sub-16, aunque con un ritmo de juego algo m\u00e1s r\u00e1pido (25 minutos por jugador sin incremento). Aqu\u00ed, la clasificaci\u00f3n final, sumaba los 10 mejores resultados de cada equipo. La presencia en este torneo de los 2 equipos que recientemente han obtenido los t\u00edtulos de campe\u00f3n y subcampe\u00f3n del regional por clubes de la categor\u00eda era una&nbsp;motivaci\u00f3n a\u00f1adida para los 50 chicos y chicas que llenaban la sala de juego del Centro C\u00edvico alcazare\u00f1o. Tras varios enfrentamientos directos entre los 8 jugadores presentes que hab\u00edan podido participar en el mencionado campeonato, eran los resultados de los otros 6 compa\u00f1eros los que decid\u00edan las 2 primeras plazas de la&nbsp;siguiente clasificaci\u00f3n final:<\/span><\/p>\n<div align=\"center\"><span style=\"color: blue;font-family: Verdana\">Campe\u00f3n: Tomelloso, 44,5 puntos.<\/span><\/div>\n<div align=\"center\"><span style=\"color: blue;font-family: Verdana\">Subcampe\u00f3n: Nuestro Ajedrez en Europa, 37,5 puntos.<\/span><\/div>\n<div align=\"center\"><span style=\"color: blue;font-family: Verdana\">3\u00ba clasificado: Parque Sur-Albacete, 37 puntos.<\/span><\/div>\n<div align=\"center\"><span style=\"color: blue;font-family: Verdana\">4\u00ba clasificado: Nuestro Ajedrez por la Igualdad, 30,5 puntos.<\/span>\ufeff<\/div>\n<div align=\"left\"><span style=\"color: blue;font-family: Verdana, sans-serif\">Queremos agradecer a todos el magn\u00edfico ambiente en el que se ha desarrollado el torneo tanto en el aspecto deportivo como en el de relaci\u00f3n y convivencia<\/span>\ufeff.<\/div>\n<table align=\"center\" cellpadding=\"0\" cellspacing=\"0\" class=\"tr-caption-container\" style=\"margin-left: auto;margin-right: auto;text-align: center\">\n<tbody>\n<tr>\n<td style=\"text-align: center\"><a href=\"https:\/\/www.bfv.cloud\/ajedrezeuropa\/wp-content\/uploads\/2012\/09\/FOTOSVFESTIVALALCC381ZAR2012014.jpg\" style=\"margin-left: auto;margin-right: auto\"><img loading=\"lazy\" decoding=\"async\" border=\"0\" height=\"300\" src=\"https:\/\/blogger.googleusercontent.com\/img\/b\/R29vZ2xl\/AVvXsEjZ70u8J8D85Ypl7jR9H9UodOcCMLqU_Q2a3BkthDolcuNKsxX4ZCbZGKvL7L3Ak2b7vR_0Z4gIBlf2b51BUB7nMsamTWVa7z1slx8sv0ImSOXBzaWKrAPoYOf8rva54HDTgc1Q_7znFjA\/s400\/FOTOS+V+FESTIVAL+ALC%C3%81ZAR+2012+014.jpg\" width=\"400\" \/><\/a><\/td>\n<\/tr>\n<tr>\n<td class=\"tr-caption\" style=\"text-align: center\">El almuerzo de este a\u00f1o tuvo lugar en la piscina de Alc\u00e1zar<\/td>\n<\/tr>\n<\/tbody>\n<\/table>\n","protected":false},"excerpt":{"rendered":"<p>\ufeff \ufeff Una visi\u00f3n de la sala de juego del V torneo sub-16 \ufeff \ufeff &nbsp;El V Festival Infantil y Juvenil Nuestro Ajedrez en Europa ha vuelto a ser el punto de atenci\u00f3n del ajedrez castellano-manchego durante el pasado s\u00e1bado.&nbsp;La nueva estructura del festival, dividido en el tradicional torneo de categor\u00eda sub-16 y en otro [&hellip;]<\/p>\n","protected":false},"author":1,"featured_media":2765,"comment_status":"open","ping_status":"closed","sticky":false,"template":"","format":"standard","meta":{"footnotes":""},"categories":[1],"tags":[],"class_list":["post-2764","post","type-post","status-publish","format-standard","has-post-thumbnail","hentry","category-noticias"],"_links":{"self":[{"href":"https:\/\/www.bfv.cloud\/ajedrezeuropa\/wp-json\/wp\/v2\/posts\/2764","targetHints":{"allow":["GET"]}}],"collection":[{"href":"https:\/\/www.bfv.cloud\/ajedrezeuropa\/wp-json\/wp\/v2\/posts"}],"about":[{"href":"https:\/\/www.bfv.cloud\/ajedrezeuropa\/wp-json\/wp\/v2\/types\/post"}],"author":[{"embeddable":true,"href":"https:\/\/www.bfv.cloud\/ajedrezeuropa\/wp-json\/wp\/v2\/users\/1"}],"replies":[{"embeddable":true,"href":"https:\/\/www.bfv.cloud\/ajedrezeuropa\/wp-json\/wp\/v2\/comments?post=2764"}],"version-history":[{"count":1,"href":"https:\/\/www.bfv.cloud\/ajedrezeuropa\/wp-json\/wp\/v2\/posts\/2764\/revisions"}],"predecessor-version":[{"id":2769,"href":"https:\/\/www.bfv.cloud\/ajedrezeuropa\/wp-json\/wp\/v2\/posts\/2764\/revisions\/2769"}],"wp:featuredmedia":[{"embeddable":true,"href":"https:\/\/www.bfv.cloud\/ajedrezeuropa\/wp-json\/wp\/v2\/media\/2765"}],"wp:attachment":[{"href":"https:\/\/www.bfv.cloud\/ajedrezeuropa\/wp-json\/wp\/v2\/media?parent=2764"}],"wp:term":[{"taxonomy":"category","embeddable":true,"href":"https:\/\/www.bfv.cloud\/ajedrezeuropa\/wp-json\/wp\/v2\/categories?post=2764"},{"taxonomy":"post_tag","embeddable":true,"href":"https:\/\/www.bfv.cloud\/ajedrezeuropa\/wp-json\/wp\/v2\/tags?post=2764"}],"curies":[{"name":"wp","href":"https:\/\/api.w.org\/{rel}","templated":true}]}}