{"id":2770,"date":"2023-04-05T09:44:00","date_gmt":"2023-04-05T09:44:00","guid":{"rendered":"https:\/\/www.bfv.cloud\/ajedrezeuropa\/index.php\/2023\/04\/05\/nuestro-ajedrez-en-europa-logra-el-titulo-de-campeon-juvenil-de-la-mano-de-david-crespo-diaz\/"},"modified":"2025-11-20T10:51:29","modified_gmt":"2025-11-20T10:51:29","slug":"nuestro-ajedrez-en-europa-logra-el-titulo-de-campeon-juvenil-de-la-mano-de-david-crespo-diaz","status":"publish","type":"post","link":"https:\/\/www.bfv.cloud\/ajedrezeuropa\/nuestro-ajedrez-en-europa-logra-el-titulo-de-campeon-juvenil-de-la-mano-de-david-crespo-diaz\/","title":{"rendered":"NUESTRO AJEDREZ EN EUROPA LOGRA EL T\u00cdTULO DE CAMPE\u00d3N JUVENIL DE LA MANO DE DAVID CRESPO D\u00cdAZ"},"content":{"rendered":"<p>&nbsp;<\/p>\n<p class=\"MsoNormal\" style=\"text-align: justify\"><b><span style=\"color: black;font-size: 14.0pt;line-height: 107%\"><\/p>\n<table align=\"center\" cellpadding=\"0\" cellspacing=\"0\" class=\"tr-caption-container\" style=\"margin-left: auto;margin-right: auto\">\n<tbody>\n<tr>\n<td style=\"text-align: center\"><a href=\"https:\/\/www.bfv.cloud\/ajedrezeuropa\/wp-content\/uploads\/2023\/04\/120GRUPO20REGIONAL20EDADES202023.jpeg\" style=\"margin-left: auto;margin-right: auto\"><img fetchpriority=\"high\" decoding=\"async\" border=\"0\" data-original-height=\"762\" data-original-width=\"1484\" height=\"328\" src=\"https:\/\/blogger.googleusercontent.com\/img\/b\/R29vZ2xl\/AVvXsEhuP-qK0yRxbdFXnzGeT641RQJUBmCaX6cp4ukvt82iZL3NffhqqdLp2Rt65Bz5I5Q03HemeVBEEGCki_mgAN0T-lUYcQD2oTdzpQWPAwssehuyIYJ8tbVVIYgsK4G9b-WMLbiTCgV3SVtjHzGtCoZEcKr9vQO5gKBuVuvS6sfBM6fPyDiR8TIRrBQT\/w640-h328\/1%20GRUPO%20REGIONAL%20EDADES%202023.jpeg\" width=\"640\" \/><\/a><\/td>\n<\/tr>\n<tr>\n<td class=\"tr-caption\" style=\"text-align: center\">Foto de jugadores, entrenadores y delegados en el Campeonato Regional por Edades<\/td>\n<\/tr>\n<\/tbody>\n<\/table>\n<p>David Crespo D\u00edaz, campe\u00f3n de Castilla-La<br \/>\nMancha juvenil, y Alonso L\u00f3pez N\u00fa\u00f1ez, 5\u00ba clasificado<\/span><\/b><\/p>\n<p class=\"MsoNormal\" style=\"text-align: justify\"><b><\/p>\n<table cellpadding=\"0\" cellspacing=\"0\" class=\"tr-caption-container\" style=\"float: left\">\n<tbody>\n<tr>\n<td style=\"text-align: center\"><a href=\"https:\/\/www.bfv.cloud\/ajedrezeuropa\/wp-content\/uploads\/2023\/04\/220DAVID20CRESPO20CAMPEON20S18.jpeg\" style=\"clear: left;margin-bottom: 1em;margin-left: auto;margin-right: auto\"><img decoding=\"async\" border=\"0\" data-original-height=\"665\" data-original-width=\"556\" height=\"400\" src=\"https:\/\/blogger.googleusercontent.com\/img\/b\/R29vZ2xl\/AVvXsEhiyB80I1nCntz5QAk8bKdl7GYPoDZ_S9w95KksBMei2iCbVkWQIjb8d1MGAqhAivXShKpJh75XfZLiSpMu6wL-9UoCYtRF1hRyZ72PqLW3PqPaO0gU7oXMeZFof4P6fcu37q86lhSPQNWpuVyoaCgiACcUIg8d3uEAMq5JrlTDIDlvGXcDY5rhNd6l\/w335-h400\/2%20DAVID%20CRESPO%20CAMPEON%20S18.jpeg\" width=\"335\" \/><\/a><\/td>\n<\/tr>\n<tr>\n<td class=\"tr-caption\" style=\"text-align: center\">David recogiendo el trofeo de campe\u00f3n juvenil<\/td>\n<\/tr>\n<\/tbody>\n<\/table>\n<p><\/b><span style=\"font-size: 14pt\">El guadalajare\u00f1o <\/span><b style=\"font-size: 14pt\">David Crespo D\u00edaz<\/b><span style=\"font-size: 14pt\">,<br \/>\nperteneciente al club <\/span><b style=\"font-size: 14pt\">Nuestro Ajedrez en Europa<\/b><span style=\"font-size: 14pt\">, ha logrado el t\u00edtulo de<br \/>\ncampe\u00f3n de Castilla-La Mancha en el Campeonato Regional por Edades finalizado<br \/>\nel lunes pasado en Albacete. La categor\u00eda de mayor nivel ajedrec\u00edstico de todo<br \/>\nel torneo centr\u00f3 la atenci\u00f3n de los m\u00e1s de 200 participantes y centenares de<br \/>\nacompa\u00f1antes durante la \u00faltima jornada. La situaci\u00f3n despu\u00e9s de m\u00e1s de 3 d\u00edas<br \/>\nde partidas muy duras no estaba nada clara, llegando a la 7\u00aa y \u00faltima ronda del<br \/>\nlunes por la tarde con una enorme igualdad en la puntuaci\u00f3n de varios de los<br \/>\njugadores. El desenlace final se conoci\u00f3 tras una gran lucha de m\u00e1s de 4 horas<br \/>\nen los tableros principales de la categor\u00eda, dejando a uno de nuestros<br \/>\njugadores candidatos al t\u00edtulo como campe\u00f3n, <\/span><b style=\"font-size: 14pt\">David Crespo<\/b><span style=\"font-size: 14pt\">, y al segundo<br \/>\ncandidato del club, <\/span><b style=\"font-size: 14pt\">Alonso L\u00f3pez N\u00fa\u00f1ez<\/b><span style=\"font-size: 14pt\">, en la 5\u00aa plaza fuera de los<br \/>\npuestos de honor. Aunque por cualificaci\u00f3n de los rivales con los que se<br \/>\nenfrent\u00f3 y calidad de su juego durante todo el torneo, Alonso, hubiese merecido<br \/>\nmucho m\u00e1s, las particulares caracter\u00edsticas del sistema suizo, con el que se<br \/>\nemparejan a los ajedrecistas en este tipo de torneos, le situaron demasiado<br \/>\nlejos de las primeras posiciones que estuvo ocupando ronda tras ronda.<\/span><\/p>\n<p class=\"MsoNormal\" style=\"text-align: justify\">\n<div class=\"separator\" style=\"clear: both;text-align: center\"><a href=\"https:\/\/www.bfv.cloud\/ajedrezeuropa\/wp-content\/uploads\/2023\/04\/CLASIF20FINAL20S18_001.jpg\" style=\"margin-left: 1em;margin-right: 1em\"><img decoding=\"async\" border=\"0\" data-original-height=\"182\" data-original-width=\"555\" height=\"210\" src=\"https:\/\/blogger.googleusercontent.com\/img\/b\/R29vZ2xl\/AVvXsEh-Q-5YA_ZGmf4x_p045Dt_cacpCTptdvrivmqSSmjsj4FCbSuyn6vM2lrgdZib7UoiJ0pOVjwAeb6Bx-7aHEOQVBQDf66a295HgsKDqhCf_D14ODrDmwDfegxOylDsvhxxbKUlXEPoy1A1GM4Vy4ZETWJexMJWZl4zloV_HcMU2e6mRqINQIm9LoIQ\/w640-h210\/CLASIF%20FINAL%20S18_001.jpg\" width=\"640\" \/><\/a><\/div>\n<p><\/p>\n<table cellpadding=\"0\" cellspacing=\"0\" class=\"tr-caption-container\" style=\"float: right\">\n<tbody>\n<tr>\n<td style=\"text-align: center\"><a href=\"https:\/\/www.bfv.cloud\/ajedrezeuropa\/wp-content\/uploads\/2023\/04\/520ALONSO20LOPEZ.jpeg\" style=\"clear: right;margin-bottom: 1em;margin-left: auto;margin-right: auto\"><img loading=\"lazy\" decoding=\"async\" border=\"0\" data-original-height=\"1280\" data-original-width=\"786\" height=\"400\" src=\"https:\/\/blogger.googleusercontent.com\/img\/b\/R29vZ2xl\/AVvXsEiT3ViJW-WHi1I2tmEq7Vf2CXzViUmBjGCocGbigTdFD8ZIKqhmDOGX20WLPMybLby9swdw85Wea9lpkN8V-qFrPXS-sHvboQDw_1yRId03BcZtnS6ZrU8ewyLqjquzBDd0swUKTJqRlJ1QKsA6X3rLCYunLK3TvhbLPB1Q2r4Lkjt6cv36xmlI5w15\/w246-h400\/5%20ALONSO%20LOPEZ.jpeg\" width=\"246\" \/><\/a><\/td>\n<\/tr>\n<tr>\n<td class=\"tr-caption\" style=\"text-align: center\">Alonso L\u00f3pez ha realizado<br \/>un magn\u00edfico torneo en sub-18<\/td>\n<\/tr>\n<\/tbody>\n<\/table>\n<p><b style=\"text-align: justify\"><span style=\"font-size: 14pt;line-height: 107%\">\u00c1ngel Collado Alcolado en sub-16 y Jaime Vila<br \/>\nCastillo en sub-12, obtienen la 4\u00aa posici\u00f3n en sus respectivas categor\u00edas<\/span><\/b><\/p>\n<p class=\"MsoNormal\" style=\"text-align: justify\"><span style=\"color: black;font-size: 14.0pt;line-height: 107%\">Tambi\u00e9n hubo grandes opciones de lograr medalla<br \/>\npara <b>\u00c1ngel Collado<\/b> en la categor\u00eda sub-16 y <b>Jaime Vila<\/b> en sub-12,<br \/>\nsiendo el sistema de desempates el que dej\u00f3 a ambos fuera de esa posibilidad,<br \/>\naunque empatados con los terceros clasificados. Ambos llegaban el viernes<br \/>\npasado al regional de Albacete habi\u00e9ndose proclamados campeones provinciales de<br \/>\nToledo con solvencia. M\u00e1s all\u00e1 de algunos errores en sus partidas, propios de<br \/>\nlos nervios de la competici\u00f3n, \u00c1ngel y Jaime han mostrado durante todas sus<br \/>\npartidas su gran nivel de juego y su alta preparaci\u00f3n a la hora de disputar<br \/>\ntorneos muy exigentes. En sub-16, <b>\u00c1ngel Collado<\/b>, finaliz\u00f3 con 5 puntos<br \/>\nde 7 posibles, mientras que en sub-12, <b>Jaime Vila<\/b>, acab\u00f3 con 5,5 puntos<br \/>\nde un total de 7, representando al club <b>Nuestro Ajedrez por la Igualdad<\/b>.<\/p>\n<table cellpadding=\"0\" cellspacing=\"0\" class=\"tr-caption-container\" style=\"float: left\">\n<tbody>\n<tr>\n<td style=\"text-align: center\"><a href=\"https:\/\/www.bfv.cloud\/ajedrezeuropa\/wp-content\/uploads\/2023\/04\/620ANGEL20COLLADO.jpeg\" style=\"clear: left;margin-bottom: 1em;margin-left: auto;margin-right: auto\"><img loading=\"lazy\" decoding=\"async\" border=\"0\" data-original-height=\"1052\" data-original-width=\"659\" height=\"400\" src=\"https:\/\/blogger.googleusercontent.com\/img\/b\/R29vZ2xl\/AVvXsEhRrxaTunEj7cSUrP98pMbDyEL3WEzyNhQk3N9vwt3YdnIkKwSNJQX5oPwBpjB8qLbRLXqUB_X1XG-GcU-nzflbDVf8A7fdNvX8a2Y12vFRT9rGyEY9DOd6DAbhxqWReFMQzoRhwk0swQNzz8glqq3hduwWjqknP4df3bRCgCyECi4LET9ws4CHN4vQ\/w250-h400\/6%20ANGEL%20COLLADO.jpeg\" width=\"250\" \/><\/a><\/td>\n<\/tr>\n<tr>\n<td class=\"tr-caption\" style=\"text-align: center\">\u00c1ngel Collado muy cerca del podio<br \/>final en sub-16<\/td>\n<\/tr>\n<\/tbody>\n<\/table>\n<p><\/span><\/p>\n<p class=\"MsoNormal\" style=\"text-align: justify\"><b><span style=\"color: black;font-size: 14.0pt;line-height: 107%\">&nbsp;<\/span><\/b><\/p>\n<p class=\"MsoNormal\" style=\"text-align: justify\"><b><span style=\"color: black;font-size: 14.0pt;line-height: 107%\">&nbsp;<\/span><\/b><\/p>\n<p class=\"MsoNormal\" style=\"text-align: justify\"><b><span style=\"color: black;font-size: 14.0pt;line-height: 107%\">Destacados resultados entre los otros 6<br \/>\najedrecistas participantes<\/span><\/b><\/p>\n<p class=\"MsoNormal\" style=\"text-align: justify\"><span style=\"color: black;font-size: 14.0pt;line-height: 107%\">Entre el resto de participantes cabe se\u00f1alar<br \/>\nque todos estuvieron en el nivel esperado, destacando los resultados obtenidos<br \/>\npor:<\/span><\/p>\n<p class=\"MsoListParagraphCxSpFirst\" style=\"text-align: justify;text-indent: -18.0pt\"><!--[if !supportLists]--><span style=\"color: black;font-size: 14.0pt;line-height: 107%\"><span>&#8211;<span>&nbsp;&nbsp;&nbsp;&nbsp;&nbsp;&nbsp;&nbsp;&nbsp;<br \/>\n<\/span><\/span><\/span><!--[endif]--><span style=\"color: black;font-size: 14.0pt;line-height: 107%\"><span>&nbsp;<\/span><b>Elvira<br \/>\nCicuendez Quino<\/b> (sub-12), 5\u00aa clasificada en la categor\u00eda femenina en su<br \/>\nprimera intervenci\u00f3n en un campeonato regional.<b><\/b><\/span><\/p>\n<p class=\"MsoListParagraphCxSpMiddle\" style=\"text-align: justify;text-indent: -18.0pt\"><!--[if !supportLists]--><span style=\"color: black;font-size: 14.0pt;line-height: 107%\"><span>&#8211;<span>&nbsp;&nbsp;&nbsp;&nbsp;&nbsp;&nbsp;&nbsp;&nbsp;<br \/>\n<\/span><\/span><\/span><!--[endif]--><b><span style=\"color: black;font-size: 14.0pt;line-height: 107%\">Pablo D\u00edaz-Oliver Rodr\u00edguez-Escalona<\/span><\/b><span style=\"color: black;font-size: 14.0pt;line-height: 107%\"> (sub-10), 8\u00ba clasificado de entre 45<br \/>\nparticipantes con 6 puntos de 10 posibles.<b><\/b><\/span><\/p>\n<p class=\"MsoListParagraphCxSpLast\" style=\"text-align: justify;text-indent: -18.0pt\"><!--[if !supportLists]--><span style=\"color: black;font-size: 14.0pt;line-height: 107%\"><span>&#8211;<span>&nbsp;&nbsp;&nbsp;&nbsp;&nbsp;&nbsp;&nbsp;&nbsp;<br \/>\n<\/span><\/span><\/span><!--[endif]--><b><span style=\"color: black;font-size: 14.0pt;line-height: 107%\">Unai Ortega Hern\u00e1ndez <\/span><\/b><span style=\"color: black;font-size: 14.0pt;line-height: 107%\">(sub-12), 17\u00ba clasificado con 4 puntos de 7<br \/>\ntambi\u00e9n en su primera disputa del regional.<b><\/b><\/span><\/p>\n<p class=\"MsoNormal\" style=\"text-align: justify\"><span style=\"color: black;font-size: 14.0pt;line-height: 107%\">Y con 3 puntos quedaron: <b>Felix Tarilonte<br \/>\nCamu\u00f1as <\/b>(sub-14), 29\u00ba clasificado; <b>Omar Benammou Yousri <\/b>(sub12), 27\u00aa<br \/>\nposici\u00f3n, y <b>Carlos Morales Rodr\u00edguez <\/b>(sub-12), 29\u00aa plaza.<\/span><\/p>\n<p class=\"MsoNormal\" style=\"text-align: justify\">\n<table cellpadding=\"0\" cellspacing=\"0\" class=\"tr-caption-container\" style=\"float: right\">\n<tbody>\n<tr>\n<td style=\"text-align: center\"><a href=\"https:\/\/www.bfv.cloud\/ajedrezeuropa\/wp-content\/uploads\/2023\/04\/820JAIME20VILA.jpeg\" style=\"clear: right;margin-bottom: 1em;margin-left: auto;margin-right: auto\"><img loading=\"lazy\" decoding=\"async\" border=\"0\" data-original-height=\"822\" data-original-width=\"1653\" height=\"199\" src=\"https:\/\/blogger.googleusercontent.com\/img\/b\/R29vZ2xl\/AVvXsEiiBxb-M99-R-1H9fxL5ezQ24QEtQueS4tuteE88FPa00SAIW9Zt2d46WkVGm6Q1e4VfyqH7Cd5ieIpuOp3iOs28fb-2dPx-zXbE-HOSZTZR-3g5XrxragyJ5jIu5Gy1hzRm71OM_Tw_CLz1VzirzuGd7W8R3yO_MUm3KzA8xupTpy0Oxt-XwiNKLPp\/w400-h199\/8%20JAIME%20VILA.jpeg\" width=\"400\" \/><\/a><\/td>\n<\/tr>\n<tr>\n<td class=\"tr-caption\" style=\"text-align: center\">Jaime entre los mejores del sub-12<\/td>\n<\/tr>\n<\/tbody>\n<\/table>\n<p><span style=\"font-size: 14pt;line-height: 107%\">Los 10 jugadores de la delegaci\u00f3n<br \/>\npertenecientes a los clubes Nuestro Ajedrez en Europa y Nuestro Ajedrez por la<br \/>\nIgualdad, han estado entrenados por <b>Roberto L\u00f3pez N\u00fa\u00f1ez<\/b> y <b>Silvia<br \/>\nToribio Camu\u00f1as<\/b><\/span><span style=\"font-size: 14pt;line-height: 107%\">, a<br \/>\nlos que queremos agradecer el trabajo realizado a lo largo de estos 4 intensos<br \/>\nd\u00edas de competici\u00f3n.<\/span><\/p>\n","protected":false},"excerpt":{"rendered":"<p>&nbsp; Foto de jugadores, entrenadores y delegados en el Campeonato Regional por Edades David Crespo D\u00edaz, campe\u00f3n de Castilla-La Mancha juvenil, y Alonso L\u00f3pez N\u00fa\u00f1ez, 5\u00ba clasificado David recogiendo el trofeo de campe\u00f3n juvenil El guadalajare\u00f1o David Crespo D\u00edaz, perteneciente al club Nuestro Ajedrez en Europa, ha logrado el t\u00edtulo de campe\u00f3n de Castilla-La Mancha [&hellip;]<\/p>\n","protected":false},"author":1,"featured_media":2771,"comment_status":"open","ping_status":"closed","sticky":false,"template":"","format":"standard","meta":{"footnotes":""},"categories":[1],"tags":[],"class_list":["post-2770","post","type-post","status-publish","format-standard","has-post-thumbnail","hentry","category-noticias"],"_links":{"self":[{"href":"https:\/\/www.bfv.cloud\/ajedrezeuropa\/wp-json\/wp\/v2\/posts\/2770","targetHints":{"allow":["GET"]}}],"collection":[{"href":"https:\/\/www.bfv.cloud\/ajedrezeuropa\/wp-json\/wp\/v2\/posts"}],"about":[{"href":"https:\/\/www.bfv.cloud\/ajedrezeuropa\/wp-json\/wp\/v2\/types\/post"}],"author":[{"embeddable":true,"href":"https:\/\/www.bfv.cloud\/ajedrezeuropa\/wp-json\/wp\/v2\/users\/1"}],"replies":[{"embeddable":true,"href":"https:\/\/www.bfv.cloud\/ajedrezeuropa\/wp-json\/wp\/v2\/comments?post=2770"}],"version-history":[{"count":1,"href":"https:\/\/www.bfv.cloud\/ajedrezeuropa\/wp-json\/wp\/v2\/posts\/2770\/revisions"}],"predecessor-version":[{"id":2777,"href":"https:\/\/www.bfv.cloud\/ajedrezeuropa\/wp-json\/wp\/v2\/posts\/2770\/revisions\/2777"}],"wp:featuredmedia":[{"embeddable":true,"href":"https:\/\/www.bfv.cloud\/ajedrezeuropa\/wp-json\/wp\/v2\/media\/2771"}],"wp:attachment":[{"href":"https:\/\/www.bfv.cloud\/ajedrezeuropa\/wp-json\/wp\/v2\/media?parent=2770"}],"wp:term":[{"taxonomy":"category","embeddable":true,"href":"https:\/\/www.bfv.cloud\/ajedrezeuropa\/wp-json\/wp\/v2\/categories?post=2770"},{"taxonomy":"post_tag","embeddable":true,"href":"https:\/\/www.bfv.cloud\/ajedrezeuropa\/wp-json\/wp\/v2\/tags?post=2770"}],"curies":[{"name":"wp","href":"https:\/\/api.w.org\/{rel}","templated":true}]}}