{"id":2778,"date":"2016-05-12T21:30:00","date_gmt":"2016-05-12T21:30:00","guid":{"rendered":"https:\/\/www.bfv.cloud\/ajedrezeuropa\/index.php\/2016\/05\/12\/el-regional-por-equipos-absoluto-comienza-en-albacete-con-la-participacion-de-nuestros-dos-clubes\/"},"modified":"2025-11-20T10:51:33","modified_gmt":"2025-11-20T10:51:33","slug":"el-regional-por-equipos-absoluto-comienza-en-albacete-con-la-participacion-de-nuestros-dos-clubes","status":"publish","type":"post","link":"https:\/\/www.bfv.cloud\/ajedrezeuropa\/el-regional-por-equipos-absoluto-comienza-en-albacete-con-la-participacion-de-nuestros-dos-clubes\/","title":{"rendered":"EL REGIONAL POR EQUIPOS ABSOLUTO COMIENZA EN ALBACETE CON LA PARTICIPACI\u00d3N DE NUESTROS DOS CLUBES"},"content":{"rendered":"<div style=\"margin-bottom: .0001pt;margin: 0cm;text-align: justify\">\n<div style=\"margin: 0cm 0cm 0.0001pt\">\n<b><u><span style=\", sans-serif;font-size: 13.5pt\">&#8230; ya<br \/>\nestamos en el CAMPEONATO DE CASTILLA-LAMANCHA POR EQUIPOS DE LA M\u00c1XIMA<br \/>\nCATEGOR\u00cdA.<\/span><\/u><\/b><span style=\", sans-serif;font-size: 14pt\">&nbsp;<\/span><\/div>\n<div class=\"separator\" style=\"clear: both;text-align: center\">\n<a href=\"https:\/\/www.bfv.cloud\/ajedrezeuropa\/wp-content\/uploads\/2016\/05\/SAM_2370.jpg\" style=\"margin-left: 1em;margin-right: 1em\"><img fetchpriority=\"high\" decoding=\"async\" border=\"0\" height=\"360\" src=\"https:\/\/blogger.googleusercontent.com\/img\/b\/R29vZ2xl\/AVvXsEhqQU2Ts89gd93GTSXpaxigJKz_D6db1FI9iQ_HQKsjG46-kY8833YBKp31PJnQEVruoKbsaFh6hjeoWhZ8AQJnvHPOELdu45NGsUWZ2oxO93lRc6vQxGkFApLeaje6a2ymMohT-6ijRXg\/s640\/SAM_2370.JPG\" width=\"640\" \/><\/a><\/div>\n<p><\/p>\n<div style=\"margin: 0cm 0cm 0.0001pt\">\n<span style=\"font-size: 14.0pt\">La<br \/>\ncompetici\u00f3n oficial m\u00e1s importante y de mayor nivel del calendario regional ha<br \/>\ncomenzado hoy en Albacete con la participaci\u00f3n de los dos clubes manchegos que<br \/>\nforman parte del proyecto <span style=\"color: blue\">NUESTRO AJEDREZ EN EUROPA. <\/span>&nbsp;En el Campeonato por Equipos Absoluto de<br \/>\nCastilla-La Mancha se dan cita los clubes de ajedrez m\u00e1s fuertes de toda la<br \/>\ncomunidad aut\u00f3noma, contando entre sus filas con los jugadores adultos de mayor<br \/>\nvaloraci\u00f3n internacional. Esto lo convierte en el objetivo con m\u00e1s dificultad<br \/>\nde la primera parte de la temporada y muy pocos clubes est\u00e1n dispuestos a<br \/>\naceptar el reto. De acuerdo con lo indicado en las bases por la FACLM, el<br \/>\ntorneo ha empezado hoy jueves 12 de mayo y finalizar\u00e1 el domingo 15 de mayo,<br \/>\nsitu\u00e1ndose la sala de juego en el Palacio de Congresos de Albacete, un edificio<br \/>\nanexo al Hotel Beatriz que es el lugar de estancia de los jugadores de la<br \/>\nmayor\u00eda de los equipos.<\/span><\/div>\n<div style=\"margin: 0cm 0cm 0.0001pt\">\n<span style=\", sans-serif\"><span style=\"font-size: 18.6667px\"><br \/><\/span><\/span><span style=\"font-size: 14.0pt\"><\/span><\/div>\n<div class=\"separator\" style=\"clear: both;text-align: center\">\n<a href=\"https:\/\/www.bfv.cloud\/ajedrezeuropa\/wp-content\/uploads\/2016\/05\/IMG_20160318_153459.jpg\" style=\"margin-left: 1em;margin-right: 1em\"><img decoding=\"async\" border=\"0\" height=\"304\" src=\"https:\/\/blogger.googleusercontent.com\/img\/b\/R29vZ2xl\/AVvXsEgecHKgB1hON4i1kCf2Mm2scCVCu7EEHGpVm5Ymiz_t8Tw_ECunigW6-lZCaDQiBf8UerR7VQPttbH07fpC6LUClVS6DsOilbvDKNJJ-3ERDxBBLW8ztxdtk6c70ISH8fHK8TnuK4zjxA4\/s640\/IMG_20160318_153459.jpg\" width=\"640\" \/><\/a><\/div>\n<p><\/p>\n<div style=\"margin: 0cm 0cm 0.0001pt\">\n<\/div>\n<div style=\"margin: 0cm 0cm 0.0001pt\">\n<b><u><span style=\"font-size: 14.0pt\">Los<br \/>\ndos equipos y sus caracter\u00edsticas<\/span><\/u><\/b><span style=\", sans-serif;font-size: 14pt\">&nbsp;<\/span><\/div>\n<div style=\"margin: 0cm 0cm 0.0001pt\">\n<span style=\"font-size: 14.0pt\">En<br \/>\nel XX aniversario de la creaci\u00f3n de la escuela de ajedrez de Villafranca, hemos<br \/>\nquerido que por primera vez en este campeonato haya una doble participaci\u00f3n de<br \/>\nnuestros equipos. Por un lado, en su condici\u00f3n de vigente campe\u00f3n provincial de<br \/>\nToledo, el <span style=\"color: blue\">Club Nuestro Ajedrez en Europa<\/span>, que<br \/>\ncon similares condicionantes a los del a\u00f1o pasado, vuelve a estar presente en<br \/>\nuna final regional. Los 7 jugadores que componen su orden de fuerza mezclan su<br \/>\njuventud con la experiencia y la calidad de unos aficionados de primera<br \/>\ncategor\u00eda. Aunque el equipo vuelve a tener bajas muy significativas debido a la<br \/>\ncoincidencia con los ex\u00e1menes universitarios, la competencia y buen nivel de<br \/>\nlos que tienen en su mano la representaci\u00f3n del Club es indudable. Este es el<br \/>\norden de fuerza que presentamos:<\/span><\/div>\n<div align=\"center\" style=\"margin-bottom: .0001pt;margin: 0cm;text-align: center\">\n<b><span style=\"color: navy;font-size: 14.0pt\">1.- Carlos \u00c1lvarez Serrano<\/span><\/b><\/div>\n<div align=\"center\" style=\"margin-bottom: .0001pt;margin: 0cm;text-align: center\">\n<b><span style=\"color: navy;font-size: 14.0pt\">2.- Santiago Talavera Garc\u00eda<\/span><\/b><\/div>\n<div align=\"center\" style=\"margin-bottom: .0001pt;margin: 0cm;text-align: center\">\n<b><span style=\"color: navy;font-size: 14.0pt\">3.- Ana Isabel Gonz\u00e1lez Berruga<\/span><\/b><\/div>\n<div align=\"center\" style=\"margin-bottom: .0001pt;margin: 0cm;text-align: center\">\n<b><span style=\"color: navy;font-size: 14.0pt\">4.- Isaac Lozano Osorio<\/span><\/b><\/div>\n<div align=\"center\" style=\"margin-bottom: .0001pt;margin: 0cm;text-align: center\">\n<b><span style=\"color: navy;font-size: 14.0pt\">5.- Javier Valdepe\u00f1as Octavio (sub-18)<\/span><\/b><\/div>\n<div align=\"center\" style=\"margin-bottom: .0001pt;margin: 0cm;text-align: center\">\n<b><span style=\"color: navy;font-size: 14.0pt\">6.- Roberto L\u00f3pez N\u00fa\u00f1ez (sub-16)<\/span><\/b><\/div>\n<div align=\"center\" style=\"margin-bottom: .0001pt;margin: 0cm;text-align: center\">\n<b><span style=\"color: navy;font-size: 14.0pt\">7.- Irene Sim\u00f3n Escalona (sub-16)<\/span><\/b><\/div>\n<div style=\"margin: 0cm 0cm 0.0001pt\">\n<\/div>\n<div class=\"separator\" style=\"clear: both;text-align: center\">\n<a href=\"https:\/\/www.bfv.cloud\/ajedrezeuropa\/wp-content\/uploads\/2016\/05\/NUESTROAJEDREZSINFRONTERAS2.jpg\" style=\"clear: left;float: left;margin-bottom: 1em;margin-right: 1em\"><img decoding=\"async\" border=\"0\" height=\"240\" src=\"https:\/\/blogger.googleusercontent.com\/img\/b\/R29vZ2xl\/AVvXsEh94n3Suh6c0-ElyAX8qtqi3gBCT_NlSl7z28jICKG3sV6CcL2a_2UYSS8ogtzs3FLnU3o9JI8n0jQG-YKpizVHPW_RQUhup08WNtj-uKCBzOBP5n0pZ7ImV0yMwI8vjkF5CWvMG6EQWGk\/s320\/NUESTRO+AJEDREZ+SIN+FRONTERAS+2.jpg\" width=\"320\" \/><\/a><\/div>\n<div style=\"margin: 0cm 0cm 0.0001pt\">\n<span style=\"font-size: 14.0pt\">La<br \/>\nnoticia m\u00e1s relevante que podemos ofrecer al comenzar este campeonato es la<br \/>\nparticipaci\u00f3n especial del <span style=\"color: blue\">Club Nuestro Ajedrez por la<br \/>\nIgualdad <\/span>en un Regional por Equipos de la categor\u00eda absoluta. Dentro de<br \/>\nlas razones que motivan su incorporaci\u00f3n a la competici\u00f3n m\u00e1s exigente de<br \/>\nCastilla-La Mancha, destacamos dos que superan el \u00e1mbito deportivo: <\/span><\/div>\n<div style=\"margin: 0cm 0cm 0.0001pt\">\n<span style=\"font-size: 14.0pt\"><br \/><\/span><\/div>\n<div style=\"margin: 0cm 0cm 0.0001pt 36pt;text-indent: -18pt\">\n<!--[if !supportLists]--><span style=\"color: maroon;font-size: 14.0pt\">&#8211;<span style=\"font-size: 7pt\">&nbsp;&nbsp;&nbsp;&nbsp;&nbsp;&nbsp;&nbsp;&nbsp;<br \/>\n<\/span><\/span><!--[endif]--><span style=\"color: maroon;font-size: 14.0pt\">La convivencia y<br \/>\naprendizaje entre varias generaciones de ajedrecistas incrementa el valor de la<br \/>\nexperiencia y plantea un objetivo muy enriquecedor desde el punto de vista<br \/>\nintergeneracional. En las alineaciones de los dos equipos se encuentran<br \/>\nrepresentadas las distintas etapas por las que han pasado nuestras escuelas y<br \/>\nclubes desde 1996.<\/span><\/div>\n<div style=\"margin: 0cm 0cm 0.0001pt 36pt;text-indent: -18pt\">\n<!--[if !supportLists]--><span style=\"font-size: 14.0pt\">&#8211;<span style=\"font-size: 7pt\">&nbsp;&nbsp;&nbsp;&nbsp;&nbsp;&nbsp;&nbsp;&nbsp;<br \/>\n<\/span><\/span><!--[endif]--><span style=\"color: maroon;font-size: 14.0pt\">La capacidad integradora<br \/>\ndel ajedrez se demuestra con la participaci\u00f3n de j\u00f3venes jugadoras en<br \/>\ncampeonatos por equipos importantes como este. Un total de 4 chicas, 2 por cada<br \/>\nclub, forman parte de la expedici\u00f3n de \u201cNuestro Ajedrez\u201d, se\u00f1alando un camino<br \/>\npor el que muy pocos hacen el esfuerzo de discurrir.<\/span><b><span style=\"font-size: 14.0pt\"><\/span><\/b><\/div>\n<div style=\"margin: 0cm 0cm 0.0001pt\">\n<\/div>\n<div style=\"margin: 0cm 0cm 0.0001pt\">\n<b><span style=\"font-size: 14.0pt\">Estas<br \/>\nmotivaciones forman parte de la estructura que identifica y da vida al proyecto<br \/>\ncolectivo desde el que trabajamos desde hace a\u00f1os, y que lucha por la igualdad<br \/>\nparticipativa y formativa de la mujer en el deporte. De igual manera, creemos<br \/>\nque impulsando las experiencias de los j\u00f3venes valores de las escuelas de<br \/>\najedrez de Alc\u00e1zar y Villafranca en campeonatos y torneos de alta dificultad,<br \/>\nse favorece el esfuerzo y el af\u00e1n de superaci\u00f3n de estas promesas de nuestro<br \/>\ndeporte. <\/span><\/b><\/div>\n<div style=\"margin: 0cm 0cm 0.0001pt\">\n<\/div>\n<div style=\"margin: 0cm 0cm 0.0001pt\">\n<span style=\"font-size: 14.0pt\">El<br \/>\norden de fuerza del equipo de \u201cLa Igualdad\u201d se compone de los siguientes<br \/>\najedrecistas:<\/span><\/div>\n<div align=\"center\" style=\"margin-bottom: .0001pt;margin: 0cm;text-align: center\">\n<b><span style=\"color: navy;font-size: 14.0pt\">1.- Jos\u00e9 Mar\u00eda Redondo Mart\u00edn<\/span><\/b><\/div>\n<div align=\"center\" style=\"margin-bottom: .0001pt;margin: 0cm;text-align: center\">\n<b><span style=\"color: navy;font-size: 14.0pt\">2.- Antonio Albo Maroto<\/span><\/b><\/div>\n<div align=\"center\" style=\"margin-bottom: .0001pt;margin: 0cm;text-align: center\">\n<b><span style=\"color: navy;font-size: 14.0pt\">3.- Carlos Romo D\u00edaz-Alejo<\/span><\/b><\/div>\n<div align=\"center\" style=\"margin-bottom: .0001pt;margin: 0cm;text-align: center\">\n<b><span style=\"color: navy;font-size: 14.0pt\">4.- Alonso L\u00f3pez N\u00fa\u00f1ez (sub-10)<\/span><\/b><\/div>\n<div align=\"center\" style=\"margin-bottom: .0001pt;margin: 0cm;text-align: center\">\n<b><span style=\"color: navy;font-size: 14.0pt\">5.- Enrique Velasco Aragon\u00e9s (sub-14)<\/span><\/b><\/div>\n<div align=\"center\" style=\"margin-bottom: .0001pt;margin: 0cm;text-align: center\">\n<b><span style=\"color: navy;font-size: 14.0pt\">6.- Nuria Lozano Serrano (sub-12)<\/span><\/b><\/div>\n<div align=\"center\" style=\"margin-bottom: .0001pt;margin: 0cm;text-align: center\">\n<b><span style=\"color: navy;font-size: 14.0pt\">7.- Isabel Marcos-Alberca Lizcano (sub-14)<\/span><\/b><\/div>\n<div style=\"margin: 0cm 0cm 0.0001pt\">\n<\/div>\n<div style=\"margin: 0cm 0cm 0.0001pt\">\n<b><u><span style=\"font-size: 14.0pt\">10<br \/>\nequipos compiten por el t\u00edtulo regional<\/span><\/u><\/b><\/div>\n<div style=\"margin: 0cm 0cm 0.0001pt\">\n<span style=\"font-size: 14.0pt\">Este<br \/>\na\u00f1o la participaci\u00f3n en el Campeonato de Castilla-La Mancha por Equipos es de<br \/>\n10 clubes: 4 de Albacete, 3 de Toledo, 2 de Ciudad Real y 1 de Cuenca. <span style=\"color: blue\">Nuestro Ajedrez en Europa <\/span>parte de la 5\u00aa posici\u00f3n en<br \/>\nel ranking inicial, mientras que <span style=\"color: blue\">Nuestro Ajedrez por<br \/>\nla Igualdad <\/span>lo hace desde la 10\u00aa. En la 1\u00aa ronda se han enfrentado<br \/>\nnuestros dos equipos, con dos alineaciones mayoritariamente compuestas por los<br \/>\nchicos y chicas m\u00e1s j\u00f3venes de ambas formaciones. En las jornadas sucesivas se<br \/>\nir\u00e1n incorporando el resto de jugadores y se producir\u00e1n las rotaciones<br \/>\noportunas.<\/span><\/div>\n<div style=\"margin: 0cm 0cm 0.0001pt\">\n<span style=\"font-size: 14.0pt\">Esperamos<br \/>\nque todo salga bien durante la estancia en Albacete. Deseamos que los objetivos<br \/>\ncolectivos y los retos personales se vean adecuadamente recompensados.<\/span><span style=\", sans-serif;font-size: 14pt\">&nbsp;<\/span><\/div>\n<p><\/p>\n<div style=\"margin: 0cm 0cm 0.0001pt\">\n<span style=\"font-size: 14.0pt\">Este<br \/>\nes el enlace para seguir el torneo desde la p\u00e1gina de Chess-Results:<\/span><\/div>\n<\/div>\n<div style=\"margin: 0cm 0cm 0.0001pt;text-align: center\">\n<span style=\", sans-serif\"><a href=\"http:\/\/chess-results.com\/tnr218205.aspx?lan=2\"><span style=\"font-size: large\">CAMPEONATO REGIONAL POR EQUIPOS 2016<\/span><\/a><\/span><\/div>\n<div style=\"margin-bottom: .0001pt;margin: 0cm;text-align: justify\">\n<span style=\", sans-serif\"><span style=\"font-size: 18.6667px\"><br \/><\/span><\/span><\/div>\n","protected":false},"excerpt":{"rendered":"<p>&#8230; ya estamos en el CAMPEONATO DE CASTILLA-LAMANCHA POR EQUIPOS DE LA M\u00c1XIMA CATEGOR\u00cdA.&nbsp; La competici\u00f3n oficial m\u00e1s importante y de mayor nivel del calendario regional ha comenzado hoy en Albacete con la participaci\u00f3n de los dos clubes manchegos que forman parte del proyecto NUESTRO AJEDREZ EN EUROPA. &nbsp;En el Campeonato por Equipos Absoluto de [&hellip;]<\/p>\n","protected":false},"author":1,"featured_media":2779,"comment_status":"open","ping_status":"closed","sticky":false,"template":"","format":"standard","meta":{"footnotes":""},"categories":[1],"tags":[],"class_list":["post-2778","post","type-post","status-publish","format-standard","has-post-thumbnail","hentry","category-noticias"],"_links":{"self":[{"href":"https:\/\/www.bfv.cloud\/ajedrezeuropa\/wp-json\/wp\/v2\/posts\/2778","targetHints":{"allow":["GET"]}}],"collection":[{"href":"https:\/\/www.bfv.cloud\/ajedrezeuropa\/wp-json\/wp\/v2\/posts"}],"about":[{"href":"https:\/\/www.bfv.cloud\/ajedrezeuropa\/wp-json\/wp\/v2\/types\/post"}],"author":[{"embeddable":true,"href":"https:\/\/www.bfv.cloud\/ajedrezeuropa\/wp-json\/wp\/v2\/users\/1"}],"replies":[{"embeddable":true,"href":"https:\/\/www.bfv.cloud\/ajedrezeuropa\/wp-json\/wp\/v2\/comments?post=2778"}],"version-history":[{"count":1,"href":"https:\/\/www.bfv.cloud\/ajedrezeuropa\/wp-json\/wp\/v2\/posts\/2778\/revisions"}],"predecessor-version":[{"id":2782,"href":"https:\/\/www.bfv.cloud\/ajedrezeuropa\/wp-json\/wp\/v2\/posts\/2778\/revisions\/2782"}],"wp:featuredmedia":[{"embeddable":true,"href":"https:\/\/www.bfv.cloud\/ajedrezeuropa\/wp-json\/wp\/v2\/media\/2779"}],"wp:attachment":[{"href":"https:\/\/www.bfv.cloud\/ajedrezeuropa\/wp-json\/wp\/v2\/media?parent=2778"}],"wp:term":[{"taxonomy":"category","embeddable":true,"href":"https:\/\/www.bfv.cloud\/ajedrezeuropa\/wp-json\/wp\/v2\/categories?post=2778"},{"taxonomy":"post_tag","embeddable":true,"href":"https:\/\/www.bfv.cloud\/ajedrezeuropa\/wp-json\/wp\/v2\/tags?post=2778"}],"curies":[{"name":"wp","href":"https:\/\/api.w.org\/{rel}","templated":true}]}}