{"id":2783,"date":"2013-01-04T23:13:00","date_gmt":"2013-01-04T23:13:00","guid":{"rendered":"https:\/\/www.bfv.cloud\/ajedrezeuropa\/index.php\/2013\/01\/04\/viii-torneo-por-la-igualdad-y-vi-gala-del-deporte-de-villafranca\/"},"modified":"2025-11-20T10:51:40","modified_gmt":"2025-11-20T10:51:40","slug":"viii-torneo-por-la-igualdad-y-vi-gala-del-deporte-de-villafranca","status":"publish","type":"post","link":"https:\/\/www.bfv.cloud\/ajedrezeuropa\/viii-torneo-por-la-igualdad-y-vi-gala-del-deporte-de-villafranca\/","title":{"rendered":"VIII TORNEO POR LA IGUALDAD Y VI GALA DEL DEPORTE DE VILLAFRANCA"},"content":{"rendered":"<p>\ufeff\ufeff\ufeff <\/p>\n<table align=\"center\" cellpadding=\"0\" cellspacing=\"0\" class=\"tr-caption-container\" style=\"float: left;margin-right: 1em;text-align: left\">\n<tbody>\n<tr>\n<td style=\"text-align: center\"><a href=\"https:\/\/www.bfv.cloud\/ajedrezeuropa\/wp-content\/uploads\/2013\/01\/VIIITORNEOAJEDREZPORLAIGUALDAD001.jpg\" style=\"margin-left: auto;margin-right: auto\"><img fetchpriority=\"high\" decoding=\"async\" border=\"0\" height=\"300\" src=\"https:\/\/blogger.googleusercontent.com\/img\/b\/R29vZ2xl\/AVvXsEjufv02ZB09IBOOlsUCaaF3u4eNUIK0G0plOz0EK7oECChI5UbF5ftPIdq3PdfX3mPCEYxsJ7ncgFBdLu1eHnB_O9F2e-QGdyzaX5mnpwEAPQ4HBgOXEuwn8bcir9_jM-FotBrMOUo0wXo\/s400\/VIII+TORNEO+AJEDREZ+POR+LA+IGUALDAD+001.jpg\" width=\"400\" \/><\/a><\/td>\n<\/tr>\n<tr>\n<td class=\"tr-caption\" style=\"text-align: center\">La sala de juego durante la ma\u00f1ana del domingo<\/td>\n<\/tr>\n<\/tbody>\n<\/table>\n<p>\ufeff\ufeff\ufeff <span style=\"color: blue;font-family: Verdana, sans-serif\">El \u00faltimo fin de semana del a\u00f1o sirvi\u00f3 para reunir a numerosos aficionados al deporte entorno a diversos escenarios de Villafranca.&nbsp;El s\u00e1bado 29 la cita era en el auditorio municipal para celebrar la&nbsp;VI GALA&nbsp;DEL DEPORTE.&nbsp;Al d\u00eda siguiente, domingo 30,&nbsp;fue el momento de congregar&nbsp;a un buen n\u00famero de ajedrecistas de las provincias de Ciudad Real y Toledo en la 8\u00aa edici\u00f3n del TORNEO DE NAVIDAD \u00abPOR LA IGUALDAD\u00bb. <\/span><br \/>\n\ufeff <\/p>\n<table cellpadding=\"0\" cellspacing=\"0\" class=\"tr-caption-container\" style=\"float: right;margin-left: 1em;text-align: right\">\n<tbody>\n<tr>\n<td style=\"text-align: center\"><a href=\"https:\/\/www.bfv.cloud\/ajedrezeuropa\/wp-content\/uploads\/2013\/01\/VIIITORNEOAJEDREZPORLAIGUALDAD003.jpg\" style=\"clear: right;margin-bottom: 1em;margin-left: auto;margin-right: auto\"><img decoding=\"async\" border=\"0\" height=\"300\" src=\"https:\/\/blogger.googleusercontent.com\/img\/b\/R29vZ2xl\/AVvXsEhgTmB1-Q0t8Z8hUWFcdrhp-4VE5hspQyqgyiSnRqp9xlZ2PNzvhXfwj3dp_j90bU15UR2sUfgUVQ5xrSDEemHXvfws18tvDV1ihydezhfS922gQgn4IojO694ol9wZiDQ1NnTTJNQUNek\/s400\/VIII+TORNEO+AJEDREZ+POR+LA+IGUALDAD+003.jpg\" width=\"400\" \/><\/a><\/td>\n<\/tr>\n<tr>\n<td class=\"tr-caption\" style=\"text-align: center\">Nuria y Gracia durante su partida en el torneo sub-10<\/td>\n<\/tr>\n<\/tbody>\n<\/table>\n<p>\ufeff<br \/>\n<span style=\"color: blue;font-family: Verdana, sans-serif\">Estos 2&nbsp;acontecimientos pon\u00edan punto y final a 2012 y finalizaban una semana intensa en actividades promovidas por el proyecto \u00abNuestro Ajedrez en Europa\u00bb tanto en Villafranca como en Alc\u00e1zar. Sabemos que 2013 comienza con la consolidaci\u00f3n de los programas de tecnificaci\u00f3n y ampliar\u00e1 las espectativas del proyecto con el inicio de su implantaci\u00f3n social. Sin olvidar que la fuerza de \u00abNuestro Ajedrez en Europa\u00bb est\u00e1 en la potenciaci\u00f3n de&nbsp;sus escuelas de ajedrez&nbsp;y en la&nbsp;mejora del proyecto formativo.<\/span><br \/>\n\ufeff <\/p>\n<table cellpadding=\"0\" cellspacing=\"0\" class=\"tr-caption-container\" style=\"float: right;margin-left: 1em;text-align: right\">\n<tbody>\n<tr>\n<td style=\"text-align: center\"><a href=\"https:\/\/www.bfv.cloud\/ajedrezeuropa\/wp-content\/uploads\/2013\/01\/VIIITORNEOAJEDREZPORLAIGUALDAD010.jpg\" style=\"clear: right;margin-bottom: 1em;margin-left: auto;margin-right: auto\"><img decoding=\"async\" border=\"0\" height=\"300\" src=\"https:\/\/blogger.googleusercontent.com\/img\/b\/R29vZ2xl\/AVvXsEj1zkfzH7kNCSCQ4AN62iX25UDBGGJAjXxTMjLHscuzbgUFaYwOzuRx6vSI4sOR5T98SE7rqvBMAA9RDJ5-CvzI7KhV26F750V4_RS38Fw4yZ_Le1Vmf3x-Apa8GU5WBYgaDInO-Wa3sPs\/s400\/VIII+TORNEO+AJEDREZ+POR+LA+IGUALDAD+010.jpg\" width=\"400\" \/><\/a><\/td>\n<\/tr>\n<tr>\n<td class=\"tr-caption\" style=\"text-align: center\">Julia Meza gan\u00f3 el torneo en la categor\u00eda infantil<\/td>\n<\/tr>\n<\/tbody>\n<\/table>\n<p>\ufeff <span style=\"color: blue;font-family: Verdana, sans-serif\">A mediados de enero se iniciar\u00e1 la competici\u00f3n escolar en la fase provincial de Ciudad Real y Toledo. En concreto, el s\u00e1bado 19 de enero, en la localidad toledana de Mocej\u00f3n y el domingo 20 en Miguelturra.&nbsp;Este a\u00f1o, muy especialmente, estaremos vigilantes en los cumplimientos de objetividad e imparcialidad debidos en toda competici\u00f3n deportiva, mucho m\u00e1s cuando son&nbsp;de car\u00e1cter oficial.&nbsp;Entendemos que cualquier directivo, \u00e1rbitro u&nbsp;organizador no puede convertirse en juez y parte.&nbsp;La rivalidad entre escuelas hace crecer la competitividad, pero no puede estar viciada por elementos que manejan los hilos a su antojo, buscando siempre&nbsp;su propio beneficio. Esperemos que nadie se valga de la competici\u00f3n para hacer una nueva demostraci\u00f3n de su&nbsp;indigencia deportiva &#8230; a menos que deseen quedarse al margen de cualquier papel organizativo o arbitral.<\/span>\ufeff <\/p>\n<table cellpadding=\"0\" cellspacing=\"0\" class=\"tr-caption-container\" style=\"float: left;margin-right: 1em;text-align: left\">\n<tbody>\n<tr>\n<td style=\"text-align: center\"><a href=\"https:\/\/www.bfv.cloud\/ajedrezeuropa\/wp-content\/uploads\/2013\/01\/VIIITORNEOAJEDREZPORLAIGUALDAD014.jpg\" style=\"clear: left;margin-bottom: 1em;margin-left: auto;margin-right: auto\"><img loading=\"lazy\" decoding=\"async\" border=\"0\" height=\"300\" src=\"https:\/\/blogger.googleusercontent.com\/img\/b\/R29vZ2xl\/AVvXsEi-ymdM-9BQ__1jCF8y_dR160ZRebcd87_JyZY8HvrVo1vdHPCuQ2bk_N1dKS2PjCMvjoxI_Pq_BXn8putYZUI_q7HihmwOLwrIbe2Ej-R7OaqX7Kcm8pFHoqhGoEgwbeNcTkSi2gkoXWg\/s400\/VIII+TORNEO+AJEDREZ+POR+LA+IGUALDAD+014.jpg\" width=\"400\" \/><\/a><\/td>\n<\/tr>\n<tr>\n<td class=\"tr-caption\" style=\"text-align: center\">Javier Valdepe\u00f1as venci\u00f3 en el torneo absoluto partiendo<br \/>\n8\u00ba en el ranking inicial<\/td>\n<\/tr>\n<\/tbody>\n<\/table>\n<p>\ufeff <\/p>\n","protected":false},"excerpt":{"rendered":"<p>\ufeff\ufeff\ufeff La sala de juego durante la ma\u00f1ana del domingo \ufeff\ufeff\ufeff El \u00faltimo fin de semana del a\u00f1o sirvi\u00f3 para reunir a numerosos aficionados al deporte entorno a diversos escenarios de Villafranca.&nbsp;El s\u00e1bado 29 la cita era en el auditorio municipal para celebrar la&nbsp;VI GALA&nbsp;DEL DEPORTE.&nbsp;Al d\u00eda siguiente, domingo 30,&nbsp;fue el momento de congregar&nbsp;a un [&hellip;]<\/p>\n","protected":false},"author":1,"featured_media":2784,"comment_status":"open","ping_status":"closed","sticky":false,"template":"","format":"standard","meta":{"footnotes":""},"categories":[1],"tags":[],"class_list":["post-2783","post","type-post","status-publish","format-standard","has-post-thumbnail","hentry","category-noticias"],"_links":{"self":[{"href":"https:\/\/www.bfv.cloud\/ajedrezeuropa\/wp-json\/wp\/v2\/posts\/2783","targetHints":{"allow":["GET"]}}],"collection":[{"href":"https:\/\/www.bfv.cloud\/ajedrezeuropa\/wp-json\/wp\/v2\/posts"}],"about":[{"href":"https:\/\/www.bfv.cloud\/ajedrezeuropa\/wp-json\/wp\/v2\/types\/post"}],"author":[{"embeddable":true,"href":"https:\/\/www.bfv.cloud\/ajedrezeuropa\/wp-json\/wp\/v2\/users\/1"}],"replies":[{"embeddable":true,"href":"https:\/\/www.bfv.cloud\/ajedrezeuropa\/wp-json\/wp\/v2\/comments?post=2783"}],"version-history":[{"count":1,"href":"https:\/\/www.bfv.cloud\/ajedrezeuropa\/wp-json\/wp\/v2\/posts\/2783\/revisions"}],"predecessor-version":[{"id":2788,"href":"https:\/\/www.bfv.cloud\/ajedrezeuropa\/wp-json\/wp\/v2\/posts\/2783\/revisions\/2788"}],"wp:featuredmedia":[{"embeddable":true,"href":"https:\/\/www.bfv.cloud\/ajedrezeuropa\/wp-json\/wp\/v2\/media\/2784"}],"wp:attachment":[{"href":"https:\/\/www.bfv.cloud\/ajedrezeuropa\/wp-json\/wp\/v2\/media?parent=2783"}],"wp:term":[{"taxonomy":"category","embeddable":true,"href":"https:\/\/www.bfv.cloud\/ajedrezeuropa\/wp-json\/wp\/v2\/categories?post=2783"},{"taxonomy":"post_tag","embeddable":true,"href":"https:\/\/www.bfv.cloud\/ajedrezeuropa\/wp-json\/wp\/v2\/tags?post=2783"}],"curies":[{"name":"wp","href":"https:\/\/api.w.org\/{rel}","templated":true}]}}