{"id":2789,"date":"2018-03-22T21:31:00","date_gmt":"2018-03-22T21:31:00","guid":{"rendered":"https:\/\/www.bfv.cloud\/ajedrezeuropa\/index.php\/2018\/03\/22\/noticias-de-nuestro-ajedrez-4\/"},"modified":"2025-11-20T10:51:46","modified_gmt":"2025-11-20T10:51:46","slug":"noticias-de-nuestro-ajedrez-4","status":"publish","type":"post","link":"https:\/\/www.bfv.cloud\/ajedrezeuropa\/noticias-de-nuestro-ajedrez-4\/","title":{"rendered":"NOTICIAS DE NUESTRO AJEDREZ"},"content":{"rendered":"<table cellpadding=\"0\" cellspacing=\"0\" class=\"tr-caption-container\" style=\"float: left;margin-right: 1em;text-align: left\">\n<tbody>\n<tr>\n<td style=\"text-align: center\"><a href=\"https:\/\/www.bfv.cloud\/ajedrezeuropa\/wp-content\/uploads\/2018\/03\/ISAACLOZANOTORNEOQUINTANAR.jpg\" style=\"clear: left;margin-bottom: 1em;margin-left: auto;margin-right: auto\"><img fetchpriority=\"high\" decoding=\"async\" border=\"0\" data-original-height=\"611\" data-original-width=\"1015\" height=\"240\" src=\"https:\/\/blogger.googleusercontent.com\/img\/b\/R29vZ2xl\/AVvXsEiHF63auTkViaOKr2v3vHceHVSlJ0vTWIy_v7zg1DW9c8cEixFoZ2O2ONxzLh4RvmpPHa-Jy_K7ZILwyYhZrg9UF3rzoQON976YnpSk4MdSQQurN1HsSpCVtggJX2quE4QsjC3p_UJG4sQ\/s400\/ISAAC+LOZANO+TORNEO+QUINTANAR.jpg\" width=\"400\" \/><\/a><\/td>\n<\/tr>\n<tr>\n<td class=\"tr-caption\" style=\"text-align: center\">Isaac Lozano, subcampe\u00f3n provincial de Toledo<\/td>\n<\/tr>\n<\/tbody>\n<\/table>\n<p><span style=\"font-family: trebuchet ms, sans-serif;font-size: large\"><b><u><i>EL PROVINCIAL DE R\u00c1PIDAS DE TOLEDO DEJA VARIOS CAMPEONES ENTRE NUESTROS JUGADORES<\/i><\/u><\/b><\/span><\/p>\n<table cellpadding=\"0\" cellspacing=\"0\" class=\"tr-caption-container\" style=\"float: right;text-align: right\">\n<tbody>\n<tr>\n<td style=\"text-align: center\"><a href=\"https:\/\/www.bfv.cloud\/ajedrezeuropa\/wp-content\/uploads\/2018\/03\/IMG-20180320-WA0005.jpg\" style=\"clear: right;margin-bottom: 1em;margin-left: auto;margin-right: auto\"><img decoding=\"async\" border=\"0\" data-original-height=\"962\" data-original-width=\"584\" height=\"400\" src=\"https:\/\/blogger.googleusercontent.com\/img\/b\/R29vZ2xl\/AVvXsEjmW5Rrx2raK9RhB9ZGpjpzP8EIZ7OGzTh4Vt-eXiBbVNjSY1Lbl2Q-Iqdw83xvmUr_Azzfi3lThtW8YVC46YAm-fc3h6LI12uhIjFGnB9dAsQCXjqMEvENIHnN46INtcygr7zffVs4-Dk\/s400\/IMG-20180320-WA0005.jpg\" width=\"242\" \/><\/a><\/td>\n<\/tr>\n<tr>\n<td class=\"tr-caption\" style=\"text-align: center\">Angel Javier Pozos, campe\u00f3n sub-10<\/td>\n<\/tr>\n<\/tbody>\n<\/table>\n<p><span style=\", sans-serif;font-size: large\"><b>La poblaci\u00f3n toledana de Quintanar de la Orden acog\u00eda el domingo pasado el Campeonato Provincial de Ajedrez R\u00e1pido, siendo 12 los ajedrecistas que participaron de nuestros clubes.&nbsp;<\/b><\/span><\/p>\n<table align=\"center\" cellpadding=\"0\" cellspacing=\"0\" class=\"tr-caption-container\" style=\"margin-left: auto;margin-right: auto;text-align: left\">\n<tbody>\n<tr>\n<td style=\"text-align: center\"><a href=\"https:\/\/www.bfv.cloud\/ajedrezeuropa\/wp-content\/uploads\/2018\/03\/IMG-20180320-WA0003.jpg\" style=\"clear: left;margin-bottom: 1em;margin-left: auto;margin-right: auto\"><img decoding=\"async\" border=\"0\" data-original-height=\"600\" data-original-width=\"800\" height=\"240\" src=\"https:\/\/blogger.googleusercontent.com\/img\/b\/R29vZ2xl\/AVvXsEiMfHhZtRzUiJfwaDCVA_-eRu9SPlcNjcGlLKKFxpWf7DEHJFZM96cXJ6DFb41qbVMJQ8DquiVf0du02WOQO-4AtKYPMTLskbFEB2L9E2Y7jr6M61lmuRsQu1q63z5GKfMmWK_97CWHfzM\/s320\/IMG-20180320-WA0003.jpg\" width=\"320\" \/><\/a><\/td>\n<\/tr>\n<tr>\n<td class=\"tr-caption\" style=\"text-align: center\">Daniel Climent, campe\u00f3n sub-14<\/td>\n<\/tr>\n<\/tbody>\n<\/table>\n<table cellpadding=\"0\" cellspacing=\"0\" class=\"tr-caption-container\" style=\"float: left;text-align: right\">\n<tbody>\n<tr>\n<td style=\"text-align: center\"><a href=\"https:\/\/www.bfv.cloud\/ajedrezeuropa\/wp-content\/uploads\/2018\/03\/IMG-20180320-WA0004.jpg\" style=\"clear: right;margin-bottom: 1em;margin-left: auto;margin-right: auto\"><img loading=\"lazy\" decoding=\"async\" border=\"0\" data-original-height=\"893\" data-original-width=\"574\" height=\"320\" src=\"https:\/\/blogger.googleusercontent.com\/img\/b\/R29vZ2xl\/AVvXsEg_Hk1KsvaJsxO_U2YglaiVzHLqeojIgzOgE7VxpIVf0zDZbaRXxxdwpspIi01_IanAlfGBr939rWzCXlm-Za-z4pddYOMW0xKO8vZqIj6ZISjSFgacfkQRWMv2241J3ca7O6KmZ5uxSeM\/s320\/IMG-20180320-WA0004.jpg\" width=\"205\" \/><\/a><\/td>\n<\/tr>\n<tr>\n<td class=\"tr-caption\" style=\"text-align: center\">Alonso L\u00f3pez, campe\u00f3n sub-10<\/td>\n<\/tr>\n<\/tbody>\n<\/table>\n<p><span style=\", sans-serif;font-size: large\"><b>Como subcampe\u00f3n del torneo quedaba, Isaac Lozano Osorio, y como campe\u00f3n local, Luis Miguel Monreal Bejarano, ambos jugadores del equipo absoluto de Nuestro Ajedrez en Europa. En las categor\u00edas de edad sub-10, sub-12 y sub-14, se impusieron tres chicos de Nuestro Ajedrez por la Igualdad: \u00c1ngel Javier Pozos, Alonso L\u00f3pez y Daniel Climent, respectivamente. Tambi\u00e9n obtuvieron unos resultados importantes: Enrique Velasco (4 puntos), Roberto Yeghiazaryan (4 puntos), Carlos P\u00e9rez (3,5 puntos); Pablo Vela, Angel Javier Pozos y Clara Vela (3 puntos); Marta Vela (2 puntos).<\/b><\/span><br \/>\n<span style=\", sans-serif;font-size: large\"><b>\u00a1\u00a1Enhorabuena por estos resultados!!<\/b><\/span><\/p>\n<h3 style=\"text-align: center\">\n<b style=\"color: blue;, sans-serif;font-size: x-large\"><u>LA FAMILIA L\u00d3PEZ-N\u00da\u00d1EZ PREMIADA&nbsp;<\/u><\/b><b style=\"color: blue;, sans-serif;font-size: x-large\"><u>EN LA&nbsp;<\/u><\/b><\/h3>\n<h3 style=\"text-align: center\">\n<b style=\"color: blue;, sans-serif;font-size: x-large\"><u>GALA DEL DEPORTE DE MORA<\/u><\/b><\/h3>\n<table align=\"center\" cellpadding=\"0\" cellspacing=\"0\" class=\"tr-caption-container\" style=\"margin-left: auto;margin-right: auto;text-align: right\">\n<tbody>\n<tr>\n<td style=\"text-align: center\"><a href=\"https:\/\/www.bfv.cloud\/ajedrezeuropa\/wp-content\/uploads\/2018\/03\/GALADEPORTE2018MORA.jpg\" style=\"margin-left: auto;margin-right: auto\"><img loading=\"lazy\" decoding=\"async\" border=\"0\" data-original-height=\"983\" data-original-width=\"1579\" height=\"248\" src=\"https:\/\/blogger.googleusercontent.com\/img\/b\/R29vZ2xl\/AVvXsEhUrktte-QOrzY8nCZuOb5DRrQLXz6yNy30RKRf418I4j0sNcb7ObuY8gKJaudmFVg7_rePPR8GeY4ulwiO4wByJhRxUOY8Y8KA97Ekna5GaWUe0pq8KmwNnYNu07cmj_Pz7L6oklyZdY8\/s400\/GALA+DEPORTE+2018+MORA.jpg\" width=\"400\" \/><\/a><\/td>\n<\/tr>\n<tr>\n<td class=\"tr-caption\" style=\"text-align: center\">Sagrario N\u00fa\u00f1ez, Alonso L\u00f3pez, Roberto L\u00f3pez y Jos\u00e9 Luis L\u00f3pez,<br \/>recogieron el premio de manos del alcalde de Mora y<br \/>del concejal de Deportes<\/p>\n<div style=\"text-align: left\">\n<\/div>\n<\/td>\n<\/tr>\n<\/tbody>\n<\/table>\n<div style=\"text-align: left\">\n<span style=\"color: blue;font-family: trebuchet ms, sans-serif;font-size: large\"><b>La familia L\u00f3pez-N\u00fa\u00f1ez fueron premiados hace algunas semanas en la Gala del Deporte de Mora con el galard\u00f3n a la trayector\u00eda deportiva. Ya son varios los a\u00f1os que Roberto y Alonso L\u00f3pez N\u00fa\u00f1ez forman parte de la escuela de Villafranca y participan con nuestros equipos en todas las competiciones donde est\u00e1n presentes los clubes del proyecto. El esfuerzo de madres y padres en esto del ajedrez es enorme y por ello creemos que es muy importante que se destaque a todos los componentes de una familia. \u00a1\u00a1Enhorabuena!!<\/b><\/span><\/div>\n<div style=\"text-align: left\">\n<span style=\"color: blue;font-family: trebuchet ms, sans-serif;font-size: large\"><b><br \/><\/b><\/span><\/div>\n<div style=\"text-align: center\">\n<span style=\"color: #660000;font-family: trebuchet ms, sans-serif;font-size: large\"><b><u>CAMPEONATO REGIONAL POR EDADES<\/u><\/b><\/span><\/div>\n<div class=\"separator\" style=\"clear: both;text-align: center\">\n<a href=\"https:\/\/www.bfv.cloud\/ajedrezeuropa\/wp-content\/uploads\/2018\/03\/CartelRegionalporedades2018.jpg\" style=\"clear: left;float: left;margin-bottom: 1em;margin-right: 1em\"><img loading=\"lazy\" decoding=\"async\" border=\"0\" data-original-height=\"1600\" data-original-width=\"1148\" height=\"320\" src=\"https:\/\/blogger.googleusercontent.com\/img\/b\/R29vZ2xl\/AVvXsEiKT2qn1647-bRZXhmmVzCu8A8iq0sQ5jhuvemscaH-MpGBKGmavnMGg1Oiz35v08ptfOXZy_i8QSZyxBoZMP-HmQLJLS87UqQoXQlpHjicJwZLdZYk_avqhnsNFt9pq538jEgkcpQ37LM\/s320\/Cartel+Regional+por+edades+2018.jpg\" width=\"229\" \/><\/a><\/div>\n<div style=\"text-align: left\">\n<span style=\"color: #660000;font-family: trebuchet ms, sans-serif;font-size: large\"><b>Ma\u00f1ana por la tarde comienza el regional por edades en Albacete.<\/b><\/span><\/div>\n<div style=\"text-align: left\">\n<span style=\"color: #660000;font-family: trebuchet ms, sans-serif;font-size: large\"><b>\u00a1\u00a1Queremos desear un gran torneo a l@s 19 chicos y chicas participantes!!<\/b><\/span><\/div>\n<div style=\"text-align: left\">\n<span style=\"color: #660000;font-family: trebuchet ms, sans-serif;font-size: large\"><b>Desde la categor\u00eda sub-10 a la sub-18 contaremos con jugadores en todas las categor\u00edas. A continuaci\u00f3n os dejamos los enlaces en Chess-Results a cada categor\u00eda:<\/b><\/span><\/div>\n<div style=\"text-align: left\">\n<span style=\"color: #660000;font-family: inherit;font-size: large\"><b><a href=\"http:\/\/chess-results.com\/tnr334580.aspx?lan=2&amp;art=0\">CAMPEONATO REGIONAL SUB-10<\/a><\/b><\/span><\/div>\n<div style=\"text-align: left\">\n<span style=\"color: #660000;font-size: large\"><a href=\"http:\/\/chess-results.com\/tnr334581.aspx?lan=2&amp;art=0\"><b><span style=\"font-family: inherit\">CAMPEONATO REGIONAL SUB-12<\/span><\/b><\/a><\/span><\/div>\n<div style=\"text-align: center\">\n<span style=\"font-size: large\"><a href=\"http:\/\/chess-results.com\/tnr334582.aspx?lan=2&amp;art=0\"><b>CAMPEONATO REGIONAL SUB-14<\/b><\/a><\/span><\/div>\n<div style=\"text-align: center\">\n<span style=\"font-size: large\"><b><a href=\"http:\/\/chess-results.com\/tnr334584.aspx?lan=2&amp;art=0\">CAMPEONATO REGIONAL SUB-16<\/a><\/b><\/span><\/div>\n<div style=\"text-align: center\">\n<span style=\"font-size: large\"><b><a href=\"http:\/\/chess-results.com\/tnr334585.aspx?lan=2&amp;art=0\">CAMPEONATO REGIONAL SUB-18<\/a><\/b><\/span><\/div>\n","protected":false},"excerpt":{"rendered":"<p>Isaac Lozano, subcampe\u00f3n provincial de Toledo EL PROVINCIAL DE R\u00c1PIDAS DE TOLEDO DEJA VARIOS CAMPEONES ENTRE NUESTROS JUGADORES Angel Javier Pozos, campe\u00f3n sub-10 La poblaci\u00f3n toledana de Quintanar de la Orden acog\u00eda el domingo pasado el Campeonato Provincial de Ajedrez R\u00e1pido, siendo 12 los ajedrecistas que participaron de nuestros clubes.&nbsp; Daniel Climent, campe\u00f3n sub-14 Alonso [&hellip;]<\/p>\n","protected":false},"author":1,"featured_media":2790,"comment_status":"open","ping_status":"closed","sticky":false,"template":"","format":"standard","meta":{"footnotes":""},"categories":[1],"tags":[],"class_list":["post-2789","post","type-post","status-publish","format-standard","has-post-thumbnail","hentry","category-noticias"],"_links":{"self":[{"href":"https:\/\/www.bfv.cloud\/ajedrezeuropa\/wp-json\/wp\/v2\/posts\/2789","targetHints":{"allow":["GET"]}}],"collection":[{"href":"https:\/\/www.bfv.cloud\/ajedrezeuropa\/wp-json\/wp\/v2\/posts"}],"about":[{"href":"https:\/\/www.bfv.cloud\/ajedrezeuropa\/wp-json\/wp\/v2\/types\/post"}],"author":[{"embeddable":true,"href":"https:\/\/www.bfv.cloud\/ajedrezeuropa\/wp-json\/wp\/v2\/users\/1"}],"replies":[{"embeddable":true,"href":"https:\/\/www.bfv.cloud\/ajedrezeuropa\/wp-json\/wp\/v2\/comments?post=2789"}],"version-history":[{"count":1,"href":"https:\/\/www.bfv.cloud\/ajedrezeuropa\/wp-json\/wp\/v2\/posts\/2789\/revisions"}],"predecessor-version":[{"id":2796,"href":"https:\/\/www.bfv.cloud\/ajedrezeuropa\/wp-json\/wp\/v2\/posts\/2789\/revisions\/2796"}],"wp:featuredmedia":[{"embeddable":true,"href":"https:\/\/www.bfv.cloud\/ajedrezeuropa\/wp-json\/wp\/v2\/media\/2790"}],"wp:attachment":[{"href":"https:\/\/www.bfv.cloud\/ajedrezeuropa\/wp-json\/wp\/v2\/media?parent=2789"}],"wp:term":[{"taxonomy":"category","embeddable":true,"href":"https:\/\/www.bfv.cloud\/ajedrezeuropa\/wp-json\/wp\/v2\/categories?post=2789"},{"taxonomy":"post_tag","embeddable":true,"href":"https:\/\/www.bfv.cloud\/ajedrezeuropa\/wp-json\/wp\/v2\/tags?post=2789"}],"curies":[{"name":"wp","href":"https:\/\/api.w.org\/{rel}","templated":true}]}}