{"id":2797,"date":"2011-09-06T16:11:00","date_gmt":"2011-09-06T16:11:00","guid":{"rendered":"https:\/\/www.bfv.cloud\/ajedrezeuropa\/index.php\/2011\/09\/06\/simultanea-y-torneo-de-ferias-2011\/"},"modified":"2025-11-20T10:51:49","modified_gmt":"2025-11-20T10:51:49","slug":"simultanea-y-torneo-de-ferias-2011","status":"publish","type":"post","link":"https:\/\/www.bfv.cloud\/ajedrezeuropa\/simultanea-y-torneo-de-ferias-2011\/","title":{"rendered":"SIMULT\u00c1NEA Y TORNEO DE FERIAS 2011"},"content":{"rendered":"<div class=\"separator\" style=\"border-bottom: medium none;border-left: medium none;border-right: medium none;border-top: medium none;clear: both;text-align: center\"><a href=\"https:\/\/www.bfv.cloud\/ajedrezeuropa\/wp-content\/uploads\/2011\/09\/CARTELDELTORNEODEFERIASVILLAFRANCA2011.jpg\" style=\"clear: left;float: left;margin-bottom: 1em;margin-right: 1em\"><img decoding=\"async\" border=\"0\" height=\"400px\" src=\"https:\/\/blogger.googleusercontent.com\/img\/b\/R29vZ2xl\/AVvXsEhv9JfoHUYsiMWfgut6yFmlcIXGqarEwdHFxfurqEtoBJNFVX_ov1O4Sljdr5HXTvNTfnz48nVq2-VVr7aOyg-dnplKjpZUbA800vUcYqc-RU1B3wdG0RMC9vwL3uxl1LwcZJ2J4EBYmxU\/s400\/CARTEL+DEL+TORNEO+DE+FERIAS+VILLAFRANCA+2011.JPG\" width=\"282px\" \/><\/a><span style=\"font-family: Georgia\">El s\u00e1bado 17 de septiembre a partir de las 15,30 horas se disputar\u00e1 el XV TORNEO ABIERTO DE VILLAFRANCA. En el cartel figuran el resto de sus caracter\u00edsticas principales. La principal novedad es su duraci\u00f3n que ha quedado delimitada, por motivos presupuestarios, &nbsp;exclusivamente a la tarde. Con ello, se reduce tambi\u00e9n a 20 minutos por jugador el ritmo de juego y a 5 el n\u00famero total de rondas. La inscripci\u00f3n previa es obligatoria y tiene de l\u00edmite el pr\u00f3ximo viernes 16. El n\u00famero total de premios se eleva a 16, a\u00f1adiendo a los indicados en el cartel el de mejor jugador veterano, para aquel ajedrecista mayor de 55 a\u00f1os que alcance el mejor resultado. En cuanto al lugar de juego ser\u00e1 el habitual de los \u00faltimos a\u00f1os, es decir el sal\u00f3n de actos de la Casa de la Cultura Juan Calder\u00f3n de Villafranca.<\/span><\/div>\n<div class=\"separator\" style=\"border-bottom: medium none;border-left: medium none;border-right: medium none;border-top: medium none;clear: both;text-align: center\">\n<\/div>\n<div class=\"separator\" style=\"border-bottom: medium none;border-left: medium none;border-right: medium none;border-top: medium none;clear: both;text-align: center\"><a href=\"https:\/\/www.bfv.cloud\/ajedrezeuropa\/wp-content\/uploads\/2011\/09\/carteldelasimultA\u00a1nea.jpg\" style=\"clear: right;float: right;margin-bottom: 1em;margin-left: 1em\"><img decoding=\"async\" border=\"0\" height=\"282px\" src=\"https:\/\/www.bfv.cloud\/ajedrezeuropa\/wp-content\/uploads\/2011\/09\/carteldelasimult25C325A1nea.jpg\" width=\"400px\" \/><\/a><\/div>\n<div style=\"border-bottom: medium none;border-left: medium none;border-right: medium none;border-top: medium none\">\n<span style=\", serif\">Adem\u00e1s, al d\u00eda siguiente domingo 18 de septiembre, retomaremos la celebraci\u00f3n de la simult\u00e1nea de ajedrez en la Plaza de Espa\u00f1a. En esta ocasi\u00f3n&nbsp;correr\u00e1 a cargo del gran maestro de ajedrez Herminio Herr\u00e1iz Hidalgo, vinculado desde su creaci\u00f3n al proyecto formativo \u00abNUESTRO AJEDREZ EN EUROPA\u00bb.&nbsp;Qued\u00e1is invitados para participar.&nbsp;&nbsp;<\/span><\/div>\n","protected":false},"excerpt":{"rendered":"<p>El s\u00e1bado 17 de septiembre a partir de las 15,30 horas se disputar\u00e1 el XV TORNEO ABIERTO DE VILLAFRANCA. En el cartel figuran el resto de sus caracter\u00edsticas principales. La principal novedad es su duraci\u00f3n que ha quedado delimitada, por motivos presupuestarios, &nbsp;exclusivamente a la tarde. Con ello, se reduce tambi\u00e9n a 20 minutos por [&hellip;]<\/p>\n","protected":false},"author":1,"featured_media":2798,"comment_status":"open","ping_status":"closed","sticky":false,"template":"","format":"standard","meta":{"footnotes":""},"categories":[1],"tags":[],"class_list":["post-2797","post","type-post","status-publish","format-standard","has-post-thumbnail","hentry","category-noticias"],"_links":{"self":[{"href":"https:\/\/www.bfv.cloud\/ajedrezeuropa\/wp-json\/wp\/v2\/posts\/2797","targetHints":{"allow":["GET"]}}],"collection":[{"href":"https:\/\/www.bfv.cloud\/ajedrezeuropa\/wp-json\/wp\/v2\/posts"}],"about":[{"href":"https:\/\/www.bfv.cloud\/ajedrezeuropa\/wp-json\/wp\/v2\/types\/post"}],"author":[{"embeddable":true,"href":"https:\/\/www.bfv.cloud\/ajedrezeuropa\/wp-json\/wp\/v2\/users\/1"}],"replies":[{"embeddable":true,"href":"https:\/\/www.bfv.cloud\/ajedrezeuropa\/wp-json\/wp\/v2\/comments?post=2797"}],"version-history":[{"count":1,"href":"https:\/\/www.bfv.cloud\/ajedrezeuropa\/wp-json\/wp\/v2\/posts\/2797\/revisions"}],"predecessor-version":[{"id":2801,"href":"https:\/\/www.bfv.cloud\/ajedrezeuropa\/wp-json\/wp\/v2\/posts\/2797\/revisions\/2801"}],"wp:featuredmedia":[{"embeddable":true,"href":"https:\/\/www.bfv.cloud\/ajedrezeuropa\/wp-json\/wp\/v2\/media\/2798"}],"wp:attachment":[{"href":"https:\/\/www.bfv.cloud\/ajedrezeuropa\/wp-json\/wp\/v2\/media?parent=2797"}],"wp:term":[{"taxonomy":"category","embeddable":true,"href":"https:\/\/www.bfv.cloud\/ajedrezeuropa\/wp-json\/wp\/v2\/categories?post=2797"},{"taxonomy":"post_tag","embeddable":true,"href":"https:\/\/www.bfv.cloud\/ajedrezeuropa\/wp-json\/wp\/v2\/tags?post=2797"}],"curies":[{"name":"wp","href":"https:\/\/api.w.org\/{rel}","templated":true}]}}