{"id":2802,"date":"2012-04-29T11:37:00","date_gmt":"2012-04-29T11:37:00","guid":{"rendered":"https:\/\/www.bfv.cloud\/ajedrezeuropa\/index.php\/2012\/04\/29\/regional-del-deporte-en-edad-escolar-2012\/"},"modified":"2025-11-20T10:51:50","modified_gmt":"2025-11-20T10:51:50","slug":"regional-del-deporte-en-edad-escolar-2012","status":"publish","type":"post","link":"https:\/\/www.bfv.cloud\/ajedrezeuropa\/regional-del-deporte-en-edad-escolar-2012\/","title":{"rendered":"REGIONAL DEL DEPORTE EN EDAD ESCOLAR 2012"},"content":{"rendered":"<p><span style=\", sans-serif\">Ayer por la tarde comenzaba en Daimiel el Campeonato Escolar de Castilla-La Mancha con la participaci\u00f3n de 5 ajedrecistas de nuestras escuelas. En la categor\u00eda cadete masculina se encuentran disputando este campeonato oficial 4 de nuestros jugadores de un total de 16, son: Carlos \u00c1lvarez, Leo de Giorgi, Jes\u00fas M\u00aa Bricio e Isaac Lozano. Para seguir los resultados y clasificaciones, ya que no se retransmite ninguna partida, pod\u00e9is pinchar aqu\u00ed:<\/span><\/p>\n<div align=\"center\"><a href=\"http:\/\/chess-results.com\/tnr70452.aspx?art=2&amp;rd=3&amp;lan=2\">REGIONAL ESCOLAR CADETE MASCULINO<\/a>\ufeff<\/div>\n<div align=\"center\">\n<\/div>\n<div align=\"left\">\ufeff<span style=\", sans-serif\">Tambi\u00e9n en la categor\u00eda infantil femenina contamos con un magn\u00edfica representaci\u00f3n, a cargo de Irene Sim\u00f3n. Las 2 categor\u00edas femeninas, cadete e infantil, s\u00f3lo cuentan con la participaci\u00f3n de 11 jugadoras cada una cuando deber\u00edan haber participado 16. <\/span><\/div>\n<div align=\"left\"><span style=\"font-family: Trebuchet MS\">Si quer\u00e9is seguir toda la competici\u00f3n este es el enlace de chess-results:<\/span><\/div>\n<div align=\"left\">\n<\/div>\n<div align=\"center\"><a href=\"http:\/\/chess-results.com\/tnr70451.aspx?art=2&amp;rd=3&amp;lan=2\">REGIONAL ESCOLAR INFANTIL FEMENINO<\/a><\/div>\n<div align=\"center\">\n<\/div>\n<div style=\"text-align: left\"><span style=\", sans-serif\">El martes 1 de mayo colgaremos fotos de la jornada final. \u00a1\u00a1Mucha suerte para todos en este regional!!<\/span>\ufeff<\/div>\n","protected":false},"excerpt":{"rendered":"<p>Ayer por la tarde comenzaba en Daimiel el Campeonato Escolar de Castilla-La Mancha con la participaci\u00f3n de 5 ajedrecistas de nuestras escuelas. En la categor\u00eda cadete masculina se encuentran disputando este campeonato oficial 4 de nuestros jugadores de un total de 16, son: Carlos \u00c1lvarez, Leo de Giorgi, Jes\u00fas M\u00aa Bricio e Isaac Lozano. Para [&hellip;]<\/p>\n","protected":false},"author":1,"featured_media":0,"comment_status":"open","ping_status":"closed","sticky":false,"template":"","format":"standard","meta":{"footnotes":""},"categories":[1],"tags":[],"class_list":["post-2802","post","type-post","status-publish","format-standard","hentry","category-noticias"],"_links":{"self":[{"href":"https:\/\/www.bfv.cloud\/ajedrezeuropa\/wp-json\/wp\/v2\/posts\/2802","targetHints":{"allow":["GET"]}}],"collection":[{"href":"https:\/\/www.bfv.cloud\/ajedrezeuropa\/wp-json\/wp\/v2\/posts"}],"about":[{"href":"https:\/\/www.bfv.cloud\/ajedrezeuropa\/wp-json\/wp\/v2\/types\/post"}],"author":[{"embeddable":true,"href":"https:\/\/www.bfv.cloud\/ajedrezeuropa\/wp-json\/wp\/v2\/users\/1"}],"replies":[{"embeddable":true,"href":"https:\/\/www.bfv.cloud\/ajedrezeuropa\/wp-json\/wp\/v2\/comments?post=2802"}],"version-history":[{"count":1,"href":"https:\/\/www.bfv.cloud\/ajedrezeuropa\/wp-json\/wp\/v2\/posts\/2802\/revisions"}],"predecessor-version":[{"id":2803,"href":"https:\/\/www.bfv.cloud\/ajedrezeuropa\/wp-json\/wp\/v2\/posts\/2802\/revisions\/2803"}],"wp:attachment":[{"href":"https:\/\/www.bfv.cloud\/ajedrezeuropa\/wp-json\/wp\/v2\/media?parent=2802"}],"wp:term":[{"taxonomy":"category","embeddable":true,"href":"https:\/\/www.bfv.cloud\/ajedrezeuropa\/wp-json\/wp\/v2\/categories?post=2802"},{"taxonomy":"post_tag","embeddable":true,"href":"https:\/\/www.bfv.cloud\/ajedrezeuropa\/wp-json\/wp\/v2\/tags?post=2802"}],"curies":[{"name":"wp","href":"https:\/\/api.w.org\/{rel}","templated":true}]}}