{"id":2804,"date":"2013-01-09T14:49:00","date_gmt":"2013-01-09T14:49:00","guid":{"rendered":"https:\/\/www.bfv.cloud\/ajedrezeuropa\/index.php\/2013\/01\/09\/la-despedida-de-jaque\/"},"modified":"2025-11-20T10:51:51","modified_gmt":"2025-11-20T10:51:51","slug":"la-despedida-de-jaque","status":"publish","type":"post","link":"https:\/\/www.bfv.cloud\/ajedrezeuropa\/la-despedida-de-jaque\/","title":{"rendered":"LA DESPEDIDA DE JAQUE"},"content":{"rendered":"<div class=\"separator\" style=\"clear: both;text-align: center\">\n<\/div>\n<p><\/p>\n<div class=\"separator\" style=\"clear: both;text-align: center\">\n<a href=\"https:\/\/www.bfv.cloud\/ajedrezeuropa\/wp-content\/uploads\/2013\/01\/images.jpg\" style=\"clear: left;float: left;margin-bottom: 1em;margin-right: 1em\"><img decoding=\"async\" border=\"0\" height=\"62\" src=\"https:\/\/blogger.googleusercontent.com\/img\/b\/R29vZ2xl\/AVvXsEgdMlPHHYpPIfx5PCjd_IohuI934ZDHyOWAEomY45_IImll70P0yTiK_Zt_wjdeg_4TBXiE0rB8HYmRoxlW_xxYxWhezjFmsiSFaDe4tWg1m4js-khw8CK-FBzk17RDb0NypIRPRitLPks\/s320\/images.jpg\" width=\"320\" \/><\/a><\/div>\n<p><strong><span style=\"font-family: Verdana, sans-serif\">Ayer recib\u00edamos la carta de cierre de la revista Jaque&nbsp;confeccionada por Yago Gallach. Una carta muy emotiva donde su actual propietario explica las circunstancias y motivaciones que le llevan a tomar la dif\u00edcil decisi\u00f3n de finalizar con la empresa editora de la revista, El Pe\u00f3n Esp\u00eda SL. <\/span><\/strong><br \/>\n<strong><span style=\"font-family: Verdana\">En nuestras escuelas y clubes compart\u00edamos desde hace m\u00e1s de 10 a\u00f1os las noticias de la revista Jaque gracias a la suscripci\u00f3n que hemos mantenido durante todo este tiempo. Entendemos que es una l\u00e1stima que el ajedrez pierda este medio informativo, sobre todo cuando la actual direcci\u00f3n hab\u00eda apostado por ofrecer una publicaci\u00f3n de calidad. Es una verdadera pena que la actual situaci\u00f3n econ\u00f3mica y social del pa\u00eds s\u00f3lo sirva para mantener y fomentar&nbsp;la informaci\u00f3n del deporte espect\u00e1culo. \u00a1\u00a1Gracias, Yago, por tus a\u00f1os dedicados al ajedrez!!<\/span><\/strong><\/p>\n<div class=\"separator\" style=\"clear: both;text-align: center\">\n<\/div>\n<p><\/p>\n","protected":false},"excerpt":{"rendered":"<p>Ayer recib\u00edamos la carta de cierre de la revista Jaque&nbsp;confeccionada por Yago Gallach. Una carta muy emotiva donde su actual propietario explica las circunstancias y motivaciones que le llevan a tomar la dif\u00edcil decisi\u00f3n de finalizar con la empresa editora de la revista, El Pe\u00f3n Esp\u00eda SL. En nuestras escuelas y clubes compart\u00edamos desde hace [&hellip;]<\/p>\n","protected":false},"author":1,"featured_media":2805,"comment_status":"open","ping_status":"closed","sticky":false,"template":"","format":"standard","meta":{"footnotes":""},"categories":[1],"tags":[],"class_list":["post-2804","post","type-post","status-publish","format-standard","has-post-thumbnail","hentry","category-noticias"],"_links":{"self":[{"href":"https:\/\/www.bfv.cloud\/ajedrezeuropa\/wp-json\/wp\/v2\/posts\/2804","targetHints":{"allow":["GET"]}}],"collection":[{"href":"https:\/\/www.bfv.cloud\/ajedrezeuropa\/wp-json\/wp\/v2\/posts"}],"about":[{"href":"https:\/\/www.bfv.cloud\/ajedrezeuropa\/wp-json\/wp\/v2\/types\/post"}],"author":[{"embeddable":true,"href":"https:\/\/www.bfv.cloud\/ajedrezeuropa\/wp-json\/wp\/v2\/users\/1"}],"replies":[{"embeddable":true,"href":"https:\/\/www.bfv.cloud\/ajedrezeuropa\/wp-json\/wp\/v2\/comments?post=2804"}],"version-history":[{"count":1,"href":"https:\/\/www.bfv.cloud\/ajedrezeuropa\/wp-json\/wp\/v2\/posts\/2804\/revisions"}],"predecessor-version":[{"id":2806,"href":"https:\/\/www.bfv.cloud\/ajedrezeuropa\/wp-json\/wp\/v2\/posts\/2804\/revisions\/2806"}],"wp:featuredmedia":[{"embeddable":true,"href":"https:\/\/www.bfv.cloud\/ajedrezeuropa\/wp-json\/wp\/v2\/media\/2805"}],"wp:attachment":[{"href":"https:\/\/www.bfv.cloud\/ajedrezeuropa\/wp-json\/wp\/v2\/media?parent=2804"}],"wp:term":[{"taxonomy":"category","embeddable":true,"href":"https:\/\/www.bfv.cloud\/ajedrezeuropa\/wp-json\/wp\/v2\/categories?post=2804"},{"taxonomy":"post_tag","embeddable":true,"href":"https:\/\/www.bfv.cloud\/ajedrezeuropa\/wp-json\/wp\/v2\/tags?post=2804"}],"curies":[{"name":"wp","href":"https:\/\/api.w.org\/{rel}","templated":true}]}}