{"id":281,"date":"2018-08-27T18:24:00","date_gmt":"2018-08-27T18:24:00","guid":{"rendered":"https:\/\/www.bfv.cloud\/ajedrezeuropa\/index.php\/2018\/08\/27\/el-torneo-de-feria-de-alcazar-supera-de-nuevo-el-medio-centenar-de-participantes\/"},"modified":"2025-11-20T10:15:39","modified_gmt":"2025-11-20T10:15:39","slug":"el-torneo-de-feria-de-alcazar-supera-de-nuevo-el-medio-centenar-de-participantes","status":"publish","type":"post","link":"https:\/\/www.bfv.cloud\/ajedrezeuropa\/el-torneo-de-feria-de-alcazar-supera-de-nuevo-el-medio-centenar-de-participantes\/","title":{"rendered":"EL TORNEO DE FERIA DE ALC\u00c1ZAR SUPERA DE NUEVO EL MEDIO CENTENAR DE PARTICIPANTES"},"content":{"rendered":"<div class=\"separator\" style=\"clear: both;text-align: center\">\n<iframe width=\"320\" height=\"266\" class=\"YOUTUBE-iframe-video\" src=\"https:\/\/www.youtube.com\/embed\/OH1qHHeqd3s?feature=player_embedded\" frameborder=\"0\" allowfullscreen><\/iframe><\/div>\n<p><span style=\"font-family: Verdana, sans-serif;font-size: large\"><b>M\u00e1s de medio centenar de jugadores llegados de 12 poblaciones distintas de Castilla-La Mancha participaron en la 16\u00aa edici\u00f3n del torneo de feria de Alc\u00e1zar de San Juan celebrado el s\u00e1bado por la ma\u00f1ana.&nbsp;<\/b><\/span><\/p>\n<table cellpadding=\"0\" cellspacing=\"0\" class=\"tr-caption-container\" style=\"float: left;margin-right: 1em;text-align: left\">\n<tbody>\n<tr>\n<td style=\"text-align: center\"><a href=\"https:\/\/www.bfv.cloud\/ajedrezeuropa\/wp-content\/uploads\/2018\/08\/AFICIONADOSALCAZAR.jpg\" style=\"clear: left;margin-bottom: 1em;margin-left: auto;margin-right: auto\"><img fetchpriority=\"high\" decoding=\"async\" border=\"0\" data-original-height=\"927\" data-original-width=\"1600\" height=\"231\" src=\"https:\/\/blogger.googleusercontent.com\/img\/b\/R29vZ2xl\/AVvXsEg6jXssNXYCQokQ1emg9GovEXtDnyNxWQaPAki40r1AFg66R_slxFZ84bkMXLMzVbOFoAQTMfqVsUZjxRMSfrTlvcBzSZUpkuQZU7Dug3bsM8-XDPqWnvP08oZvuNAiHlcn9oRW5jcaCIw\/s400\/AFICIONADOS+ALCAZAR.jpg\" width=\"400\" \/><\/a><\/td>\n<\/tr>\n<tr>\n<td class=\"tr-caption\" style=\"text-align: center\">Varios aficionados de Alc\u00e1zar recogiendo sus premios<\/td>\n<\/tr>\n<\/tbody>\n<\/table>\n<p><span style=\"font-family: Verdana, sans-serif;font-size: large\"><b>En la categor\u00eda juvenil se proclam\u00f3 campe\u00f3n, por primera vez, el equipo del Club Nuestro Ajedrez por la Igualdad por delante de Nuestro Ajedrez en Europa y de Quintanar de la Orden.<\/b><\/span><br \/>\n<span style=\"font-family: Verdana, sans-serif;font-size: large\"><b>Mientras que en el torneo de mayores de 18 a\u00f1os se impon\u00eda el equipo de Nuestro Ajedrez en Europa.&nbsp;<\/p>\n<table cellpadding=\"0\" cellspacing=\"0\" class=\"tr-caption-container\" style=\"float: right;margin-left: 1em;text-align: right\">\n<tbody>\n<tr>\n<td style=\"text-align: center\"><a href=\"https:\/\/www.bfv.cloud\/ajedrezeuropa\/wp-content\/uploads\/2018\/08\/IMG_20180825_130311.jpg\" style=\"clear: right;margin-bottom: 1em;margin-left: auto;margin-right: auto\"><img decoding=\"async\" border=\"0\" data-original-height=\"1025\" data-original-width=\"1600\" height=\"255\" src=\"https:\/\/blogger.googleusercontent.com\/img\/b\/R29vZ2xl\/AVvXsEiljHk5j81R5pC3WLNJaULwas1Ww2sfmJsWvhvKBHa1K4fdIF8SRYuF3ZL270V_S4HKcJCSjggVncjpQsSC3dLnYik4427B4ZF4MQxbI_B-kvwldswXfgsroOuL9UEyR1Iipj1AzG8yWLY\/s400\/IMG_20180825_130311.jpg\" width=\"400\" \/><\/a><\/td>\n<\/tr>\n<tr>\n<td class=\"tr-caption\" style=\"text-align: center\">Los primeros tableros de la categor\u00eda juvenil<\/td>\n<\/tr>\n<\/tbody>\n<\/table>\n<p><\/b><\/span><br \/>\n<span style=\"font-family: Verdana, sans-serif;font-size: large\"><b>En esta ocasi\u00f3n, los torneos han contado con una gran participaci\u00f3n de todos los chicos y chicas de las escuelas de ajedrez de Alc\u00e1zar y Villafranca, as\u00ed como de los integrantes de los equipos absoluto, sub-18 y sub-12 de los clubes del proyecto.<\/p>\n<table align=\"center\" cellpadding=\"0\" cellspacing=\"0\" class=\"tr-caption-container\" style=\"margin-left: auto;margin-right: auto;text-align: center\">\n<tbody>\n<tr>\n<td style=\"text-align: center\"><a href=\"https:\/\/www.bfv.cloud\/ajedrezeuropa\/wp-content\/uploads\/2018\/08\/TROFEOSPE25C32591O.jpg\" style=\"margin-left: auto;margin-right: auto\"><img decoding=\"async\" border=\"0\" data-original-height=\"1099\" data-original-width=\"1600\" height=\"434\" src=\"https:\/\/blogger.googleusercontent.com\/img\/b\/R29vZ2xl\/AVvXsEi5WPcm2nBPPTGzObM0XyY-rqC0hsp14QZn98ymPbZ4hPP8YSvmJjBPHQtec8-0R5fVj6O81UtvWluZw03Nk8JDMcr3bfII1o_gtlxuYxwB0v3buec4z1pcXGKbaEZLk2edfXTMe_rmqWo\/s640\/TROFEOS+PE%25C3%2591O.jpg\" width=\"640\" \/><\/a><\/td>\n<\/tr>\n<tr>\n<td class=\"tr-caption\" style=\"text-align: center\">Los trofeos de los Hnos Pe\u00f1o siguen siendo uno de los atractivos del torneo<\/td>\n<\/tr>\n<\/tbody>\n<\/table>\n<p><\/b><\/span><br \/>\n<span style=\"font-family: Verdana, sans-serif;font-size: large\"><b>En el acto de entrega de trofeos participaron las concejalas del ayuntamiento de Alc\u00e1zar de San Juan, Amparo Bremard y Patricia Benito.<\/b><\/span><\/p>\n<table align=\"center\" cellpadding=\"0\" cellspacing=\"0\" class=\"tr-caption-container\" style=\"margin-left: auto;margin-right: auto;text-align: center\">\n<tbody>\n<tr>\n<td style=\"text-align: center\"><a href=\"https:\/\/www.bfv.cloud\/ajedrezeuropa\/wp-content\/uploads\/2018\/08\/EUROPAABS.jpg\" style=\"margin-left: auto;margin-right: auto\"><img loading=\"lazy\" decoding=\"async\" border=\"0\" data-original-height=\"787\" data-original-width=\"1600\" height=\"310\" src=\"https:\/\/blogger.googleusercontent.com\/img\/b\/R29vZ2xl\/AVvXsEgfa27hexBcMvLbkDAcq74pLygWw29edPy_PIYtM-LSLCkceCYK-PXJUKyjEitaFxpVmVfS5O0dEECgJLilzy31tIE7_3IHFAfPH9gxjJu1DgIY6P15P5_X3y714FosTe1dvzmEWGE-Pdg\/s640\/EUROPA+ABS.jpg\" width=\"640\" \/><\/a><\/td>\n<\/tr>\n<tr>\n<td class=\"tr-caption\" style=\"text-align: center\">Los componentes del equipo absoluto de Nuestro Ajedrez en Europa<\/td>\n<\/tr>\n<\/tbody>\n<\/table>\n<p><span style=\"font-family: Verdana, sans-serif;font-size: large\"><b><br \/><\/b><\/span><\/p>\n","protected":false},"excerpt":{"rendered":"<p>M\u00e1s de medio centenar de jugadores llegados de 12 poblaciones distintas de Castilla-La Mancha participaron en la 16\u00aa edici\u00f3n del torneo de feria de Alc\u00e1zar de San Juan celebrado el s\u00e1bado por la ma\u00f1ana.&nbsp; Varios aficionados de Alc\u00e1zar recogiendo sus premios En la categor\u00eda juvenil se proclam\u00f3 campe\u00f3n, por primera vez, el equipo del Club [&hellip;]<\/p>\n","protected":false},"author":1,"featured_media":282,"comment_status":"open","ping_status":"closed","sticky":false,"template":"","format":"standard","meta":{"footnotes":""},"categories":[1],"tags":[],"class_list":["post-281","post","type-post","status-publish","format-standard","has-post-thumbnail","hentry","category-noticias"],"_links":{"self":[{"href":"https:\/\/www.bfv.cloud\/ajedrezeuropa\/wp-json\/wp\/v2\/posts\/281","targetHints":{"allow":["GET"]}}],"collection":[{"href":"https:\/\/www.bfv.cloud\/ajedrezeuropa\/wp-json\/wp\/v2\/posts"}],"about":[{"href":"https:\/\/www.bfv.cloud\/ajedrezeuropa\/wp-json\/wp\/v2\/types\/post"}],"author":[{"embeddable":true,"href":"https:\/\/www.bfv.cloud\/ajedrezeuropa\/wp-json\/wp\/v2\/users\/1"}],"replies":[{"embeddable":true,"href":"https:\/\/www.bfv.cloud\/ajedrezeuropa\/wp-json\/wp\/v2\/comments?post=281"}],"version-history":[{"count":1,"href":"https:\/\/www.bfv.cloud\/ajedrezeuropa\/wp-json\/wp\/v2\/posts\/281\/revisions"}],"predecessor-version":[{"id":286,"href":"https:\/\/www.bfv.cloud\/ajedrezeuropa\/wp-json\/wp\/v2\/posts\/281\/revisions\/286"}],"wp:featuredmedia":[{"embeddable":true,"href":"https:\/\/www.bfv.cloud\/ajedrezeuropa\/wp-json\/wp\/v2\/media\/282"}],"wp:attachment":[{"href":"https:\/\/www.bfv.cloud\/ajedrezeuropa\/wp-json\/wp\/v2\/media?parent=281"}],"wp:term":[{"taxonomy":"category","embeddable":true,"href":"https:\/\/www.bfv.cloud\/ajedrezeuropa\/wp-json\/wp\/v2\/categories?post=281"},{"taxonomy":"post_tag","embeddable":true,"href":"https:\/\/www.bfv.cloud\/ajedrezeuropa\/wp-json\/wp\/v2\/tags?post=281"}],"curies":[{"name":"wp","href":"https:\/\/api.w.org\/{rel}","templated":true}]}}