{"id":2814,"date":"2025-08-29T17:54:00","date_gmt":"2025-08-29T17:54:00","guid":{"rendered":"https:\/\/www.bfv.cloud\/ajedrezeuropa\/index.php\/2025\/08\/29\/v-torneo-de-feria-de-consuegra-domingo-21-de-septiembre\/"},"modified":"2025-11-20T10:52:11","modified_gmt":"2025-11-20T10:52:11","slug":"v-torneo-de-feria-de-consuegra-domingo-21-de-septiembre","status":"publish","type":"post","link":"https:\/\/www.bfv.cloud\/ajedrezeuropa\/v-torneo-de-feria-de-consuegra-domingo-21-de-septiembre\/","title":{"rendered":"V TORNEO DE FERIA DE CONSUEGRA, DOMINGO 21 DE SEPTIEMBRE"},"content":{"rendered":"<p>&nbsp;<\/p>\n<div class=\"separator\" style=\"clear: both;text-align: center\"><a href=\"https:\/\/www.bfv.cloud\/ajedrezeuropa\/wp-content\/uploads\/2025\/08\/CARTEL20V20TORNEO20DE20CONSUEGRA-1-scaled.jpg\" style=\"margin-left: 1em;margin-right: 1em\"><img fetchpriority=\"high\" decoding=\"async\" border=\"0\" data-original-height=\"3486\" data-original-width=\"2475\" height=\"640\" src=\"https:\/\/blogger.googleusercontent.com\/img\/b\/R29vZ2xl\/AVvXsEjFR4VgZlqwS3brXhs5FKuevxpDShEMJifUlgqXplntPJQ6BLhZJfl4TkKFj6tOlEVTsBQ5uIQOXa1_tjtK5I8K5gXQdgzZ-eyJT0uuq0d67Q8ftqwXdDSOESoQeMX887RtDG3Bp3iqp9oOGX-_CubrkER9SStKf6V-NTtY1Aoj6S5rrqBt0-J30-4KtA0\/w454-h640\/CARTEL%20V%20TORNEO%20DE%20CONSUEGRA.jpg\" width=\"454\" \/><\/a><\/div>\n<p><\/p>\n<p><span style=\"font-family: arial;font-size: large\">El domingo 21 de septiembre la sala de usos m\u00faltiples de Consuegra acoger\u00e1 la 5\u00aa edici\u00f3n del Torneo de Feria (Memorial Jos\u00e9 Manuel Vacas Calleja). El torneo contar\u00e1 con trofeos por categor\u00edas y un obsequio para todos los participantes, conforme a lo indicado e&nbsp; las bases:<\/span><\/p>\n<\/p>\n<div class=\"separator\" style=\"clear: both;text-align: center\"><a href=\"https:\/\/www.bfv.cloud\/ajedrezeuropa\/wp-content\/uploads\/2025\/08\/BASES20V20TORNEO20AJEDREZ20FERIA20CONSUEGRA20202520MEMORIAL20JOSE20MANUEL20VACAS_001.jpg\" style=\"margin-left: 1em;margin-right: 1em\"><img decoding=\"async\" border=\"0\" data-original-height=\"842\" data-original-width=\"595\" height=\"640\" src=\"https:\/\/blogger.googleusercontent.com\/img\/b\/R29vZ2xl\/AVvXsEiKwNiY3otC0VwJyfUI5cgVqHGhVdD8vRW1L8role0jsSHOysAmdDBc2M2sMsSmKPthkEKWvUIuDeQXSWJ0hjd-ONWdSVc9ZQLQpINi13w85ovvxOPrL6MFKTm5FPzZrByNJYlkWCRgawvBi_ivZabpCdGgLBgghAMRVCJHZwoZJJmcf6N2AGmrHbmcvx0\/w452-h640\/BASES%20V%20TORNEO%20AJEDREZ%20FERIA%20CONSUEGRA%202025%20(MEMORIAL%20JOSE%20MANUEL%20VACAS)_001.jpg\" width=\"452\" \/><\/a><\/div>\n<p><span style=\"font-family: arial;font-size: large\">Las inscripciones pueden realizarse en el siguiente&nbsp;<a href=\"https:\/\/docs.google.com\/forms\/d\/1wv0dU23DkR4TwCcOzE0NH4bsMQEj7rAGvV4O4Avghhs\/edit?ts=68a2dcf5#responses\" target=\"_blank\">ENLACE CON EL FORMULARIO DE INSCRIPCI\u00d3N<\/a>&nbsp;hasta el 18 de septiembre o completar el aforo m\u00e1ximo de 60 participantes.<\/span><\/p>\n<p><span style=\"font-family: arial;font-size: large\">La organizaci\u00f3n del torneo corre a cargo del \u00e1rea de deportes del ayuntamiento de Consuegra y de la escuela deportiva municipal, teniendo como patrocinadores a las siguientes empresas: \u00abLa gota de Aristeo\u00bb, Gestor\u00eda Casanova, \u00abPonter\u00bb, \u00abCasanovaVerbo Arquitectura\u00bb, \u00abPez Dorado\u00bb, \u00abVers\u00e1n Av\u00edcola\u00bb, \u00b7Moreno Quijorna\u00bb, \u00abSemilleros Verbo, SC\u00bb y \u00abPinturas y decoraciones Valle\u00bb.<\/span><\/p>\n","protected":false},"excerpt":{"rendered":"<p>&nbsp; El domingo 21 de septiembre la sala de usos m\u00faltiples de Consuegra acoger\u00e1 la 5\u00aa edici\u00f3n del Torneo de Feria (Memorial Jos\u00e9 Manuel Vacas Calleja). El torneo contar\u00e1 con trofeos por categor\u00edas y un obsequio para todos los participantes, conforme a lo indicado e&nbsp; las bases: Las inscripciones pueden realizarse en el siguiente&nbsp;ENLACE CON [&hellip;]<\/p>\n","protected":false},"author":1,"featured_media":2815,"comment_status":"open","ping_status":"closed","sticky":false,"template":"","format":"standard","meta":{"footnotes":""},"categories":[1],"tags":[],"class_list":["post-2814","post","type-post","status-publish","format-standard","has-post-thumbnail","hentry","category-noticias"],"_links":{"self":[{"href":"https:\/\/www.bfv.cloud\/ajedrezeuropa\/wp-json\/wp\/v2\/posts\/2814","targetHints":{"allow":["GET"]}}],"collection":[{"href":"https:\/\/www.bfv.cloud\/ajedrezeuropa\/wp-json\/wp\/v2\/posts"}],"about":[{"href":"https:\/\/www.bfv.cloud\/ajedrezeuropa\/wp-json\/wp\/v2\/types\/post"}],"author":[{"embeddable":true,"href":"https:\/\/www.bfv.cloud\/ajedrezeuropa\/wp-json\/wp\/v2\/users\/1"}],"replies":[{"embeddable":true,"href":"https:\/\/www.bfv.cloud\/ajedrezeuropa\/wp-json\/wp\/v2\/comments?post=2814"}],"version-history":[{"count":1,"href":"https:\/\/www.bfv.cloud\/ajedrezeuropa\/wp-json\/wp\/v2\/posts\/2814\/revisions"}],"predecessor-version":[{"id":2817,"href":"https:\/\/www.bfv.cloud\/ajedrezeuropa\/wp-json\/wp\/v2\/posts\/2814\/revisions\/2817"}],"wp:featuredmedia":[{"embeddable":true,"href":"https:\/\/www.bfv.cloud\/ajedrezeuropa\/wp-json\/wp\/v2\/media\/2815"}],"wp:attachment":[{"href":"https:\/\/www.bfv.cloud\/ajedrezeuropa\/wp-json\/wp\/v2\/media?parent=2814"}],"wp:term":[{"taxonomy":"category","embeddable":true,"href":"https:\/\/www.bfv.cloud\/ajedrezeuropa\/wp-json\/wp\/v2\/categories?post=2814"},{"taxonomy":"post_tag","embeddable":true,"href":"https:\/\/www.bfv.cloud\/ajedrezeuropa\/wp-json\/wp\/v2\/tags?post=2814"}],"curies":[{"name":"wp","href":"https:\/\/api.w.org\/{rel}","templated":true}]}}