{"id":2818,"date":"2016-07-20T21:49:00","date_gmt":"2016-07-20T21:49:00","guid":{"rendered":"https:\/\/www.bfv.cloud\/ajedrezeuropa\/index.php\/2016\/07\/20\/en-juego-el-campeonato-de-espana-sub-16-con-roberto-lopez-e-isabel-marcos-alberca\/"},"modified":"2025-11-20T10:52:16","modified_gmt":"2025-11-20T10:52:16","slug":"en-juego-el-campeonato-de-espana-sub-16-con-roberto-lopez-e-isabel-marcos-alberca","status":"publish","type":"post","link":"https:\/\/www.bfv.cloud\/ajedrezeuropa\/en-juego-el-campeonato-de-espana-sub-16-con-roberto-lopez-e-isabel-marcos-alberca\/","title":{"rendered":"EN JUEGO EL CAMPEONATO DE ESPA\u00d1A SUB-16 CON ROBERTO L\u00d3PEZ E ISABEL MARCOS-ALBERCA"},"content":{"rendered":"<table align=\"center\" cellpadding=\"0\" cellspacing=\"0\" class=\"tr-caption-container\" style=\"float: right;margin-left: 1em;text-align: right\">\n<tbody>\n<tr>\n<td style=\"text-align: center\"><a href=\"https:\/\/www.bfv.cloud\/ajedrezeuropa\/wp-content\/uploads\/2016\/07\/IMG-20160719-WA000.jpg\" style=\"clear: right;margin-bottom: 1em;margin-left: auto;margin-right: auto\"><img fetchpriority=\"high\" decoding=\"async\" border=\"0\" height=\"287\" src=\"https:\/\/blogger.googleusercontent.com\/img\/b\/R29vZ2xl\/AVvXsEgOXwD6gTsg1lHHL7tzEiuSDUzPrO_je2GmlxLd3GBdxfhu9KGwFtUeBfZihvabrJV5OLJmM1zdiG2wiFSwujgJGH3YwIfzUkYouyJtAA1YT66iTMjReW-bEFpXML-ya2AGX6d6UucFTS4\/s320\/IMG-20160719-WA000.jpg\" width=\"320\" \/><\/a><\/td>\n<\/tr>\n<tr>\n<td class=\"tr-caption\" style=\"text-align: center\">Roberto e Isabel acompa\u00f1ados de Isaac Lozano,<br \/>\nejerciendo de entrenador de Castilla-La Mancha<\/td>\n<\/tr>\n<\/tbody>\n<\/table>\n<p><span style=\", monospace\"><b>El lunes pasado comenz\u00f3 el Campeonato de Espa\u00f1a sub-16, pen\u00faltimo de los que se celebrar\u00e1n en Salobre\u00f1a. La participaci\u00f3n de Roberto L\u00f3pez N\u00fa\u00f1ez, en su primer a\u00f1o en la categor\u00eda, y de Isabel Marcos-Alberca Lizcano, en su segunda competici\u00f3n individual por edades despu\u00e9s de disputar el sub-14, pone un aliciente especial para seguir este torneo para todos los jugadores y seguidores de Nuestro Ajedrez en Europa.<\/b><\/span><\/p>\n<table cellpadding=\"0\" cellspacing=\"0\" class=\"tr-caption-container\" style=\"float: left;text-align: left\">\n<tbody>\n<tr>\n<td style=\"text-align: center\"><a href=\"https:\/\/www.bfv.cloud\/ajedrezeuropa\/wp-content\/uploads\/2016\/07\/IMG-20160720-WA001.jpg\" style=\"clear: left;margin-bottom: 1em;margin-left: auto;margin-right: auto\"><img decoding=\"async\" border=\"0\" height=\"400\" src=\"https:\/\/blogger.googleusercontent.com\/img\/b\/R29vZ2xl\/AVvXsEjh5heXOM2vullCJPrlP01r323rqcy0ghGQiJ9iNmPOAFO5drX0MYmac7JUJ3bOayme00GGZyJmQgQms7Vx04xyIJKyqjRBktVmEIxU3m0ZmPTMada25O3PsCtWsMdEDppknXwb_ywF7UY\/s400\/IMG-20160720-WA001.jpg\" width=\"300\" \/><\/a><\/td>\n<\/tr>\n<tr>\n<td class=\"tr-caption\" style=\"text-align: center\">Roberto al comienzo de la 4\u00aa ronda<\/td>\n<\/tr>\n<\/tbody>\n<\/table>\n<p><span style=\", monospace\"><b>Roberto, se encuentra en una trayectoria de crecimiento durante el \u00faltimo a\u00f1o.&nbsp;<\/b><\/span><br \/>\n<span style=\", monospace\"><b>Sus resultados en las 5 rondas iniciales, donde ha sumado 1,5 puntos, no dan una idea real de su gran categor\u00eda como ajedrecista. Esperamos que en la segunda parte del torneo la pueda mejorar, aunque tendr\u00e1 muchas m\u00e1s oportunidades de demostrar todo su juego.<\/b><\/span><\/p>\n<p>&nbsp;<span style=\", monospace\"><b>Para Isabel es su segundo nacional consecutivo, en realidad tercero si contamos su participaci\u00f3n a finales de junio formando parte de la selecci\u00f3n de Castilla-La Mancha en el Campeonato de Espa\u00f1a del Deporte en Edad Escolar. Este sub-16 supone la toma de contacto con la categor\u00eda a la que pertenecer\u00e1 la temporada 2017.<\/b><\/span><\/p>\n<table cellpadding=\"0\" cellspacing=\"0\" class=\"tr-caption-container\" style=\"float: right;margin-left: 1em;text-align: right\">\n<tbody>\n<tr>\n<td style=\"text-align: center\"><a href=\"https:\/\/www.bfv.cloud\/ajedrezeuropa\/wp-content\/uploads\/2016\/07\/IMG-20160720-WA000.jpg\" style=\"margin-left: auto;margin-right: auto\"><img decoding=\"async\" border=\"0\" height=\"313\" src=\"https:\/\/blogger.googleusercontent.com\/img\/b\/R29vZ2xl\/AVvXsEhi07rjglJ4VJVdAp-WdSZSwpZnF1AgefzQsa8wS4hrD0wWp3q-5Oicf1KqF7WXS8AOfl8VEumPRxZDCXG7EWukKQAJXb51UAOpDc3n_Ncry5aCecQyqf-FepLtxp4hI05llVO5imOhKdM\/s320\/IMG-20160720-WA000.jpg\" width=\"320\" \/><\/a><\/td>\n<\/tr>\n<tr>\n<td class=\"tr-caption\" style=\"text-align: center\">Isabel consigui\u00f3 tablas en la ronda 4<\/td>\n<\/tr>\n<\/tbody>\n<\/table>\n<p><span style=\", monospace\"><b><br \/><\/b><\/span><br \/>\n<span style=\", monospace\"><b><br \/><\/b><\/span><br \/>\n<span style=\", monospace\"><b>En un sub-16 de gran nivel, Isabel, ha logrado unas tablas tras enfrentarse en las 5 rondas celebradas con rivales que le superan ampliamente en ELO.<\/b><\/span><br \/>\n<span style=\", monospace\"><b><br \/><\/b><\/span><br \/>\n<span style=\", monospace\"><b><\/b><\/span><b style=\"font-family: 'courier new', courier, monospace\">Nuestros dos jugadores tienen por delante 4 rondas importantes para aprender, disfrutar y luchar.&nbsp;<\/b><br \/>\n<b style=\"font-family: 'courier new', courier, monospace\">Estamos seguros que todo este esfuerzo les servir\u00e1 para progresar y mejorar.<\/b><br \/>\n<b style=\"font-family: 'courier new', courier, monospace\">\u00a1\u00a1Mucho \u00e1nimo para Roberto e Isabel!!<\/b><br \/>\n<span style=\", monospace\"><b><\/b><\/span><\/p>\n","protected":false},"excerpt":{"rendered":"<p>Roberto e Isabel acompa\u00f1ados de Isaac Lozano, ejerciendo de entrenador de Castilla-La Mancha El lunes pasado comenz\u00f3 el Campeonato de Espa\u00f1a sub-16, pen\u00faltimo de los que se celebrar\u00e1n en Salobre\u00f1a. La participaci\u00f3n de Roberto L\u00f3pez N\u00fa\u00f1ez, en su primer a\u00f1o en la categor\u00eda, y de Isabel Marcos-Alberca Lizcano, en su segunda competici\u00f3n individual por edades [&hellip;]<\/p>\n","protected":false},"author":1,"featured_media":2819,"comment_status":"open","ping_status":"closed","sticky":false,"template":"","format":"standard","meta":{"footnotes":""},"categories":[1],"tags":[],"class_list":["post-2818","post","type-post","status-publish","format-standard","has-post-thumbnail","hentry","category-noticias"],"_links":{"self":[{"href":"https:\/\/www.bfv.cloud\/ajedrezeuropa\/wp-json\/wp\/v2\/posts\/2818","targetHints":{"allow":["GET"]}}],"collection":[{"href":"https:\/\/www.bfv.cloud\/ajedrezeuropa\/wp-json\/wp\/v2\/posts"}],"about":[{"href":"https:\/\/www.bfv.cloud\/ajedrezeuropa\/wp-json\/wp\/v2\/types\/post"}],"author":[{"embeddable":true,"href":"https:\/\/www.bfv.cloud\/ajedrezeuropa\/wp-json\/wp\/v2\/users\/1"}],"replies":[{"embeddable":true,"href":"https:\/\/www.bfv.cloud\/ajedrezeuropa\/wp-json\/wp\/v2\/comments?post=2818"}],"version-history":[{"count":1,"href":"https:\/\/www.bfv.cloud\/ajedrezeuropa\/wp-json\/wp\/v2\/posts\/2818\/revisions"}],"predecessor-version":[{"id":2822,"href":"https:\/\/www.bfv.cloud\/ajedrezeuropa\/wp-json\/wp\/v2\/posts\/2818\/revisions\/2822"}],"wp:featuredmedia":[{"embeddable":true,"href":"https:\/\/www.bfv.cloud\/ajedrezeuropa\/wp-json\/wp\/v2\/media\/2819"}],"wp:attachment":[{"href":"https:\/\/www.bfv.cloud\/ajedrezeuropa\/wp-json\/wp\/v2\/media?parent=2818"}],"wp:term":[{"taxonomy":"category","embeddable":true,"href":"https:\/\/www.bfv.cloud\/ajedrezeuropa\/wp-json\/wp\/v2\/categories?post=2818"},{"taxonomy":"post_tag","embeddable":true,"href":"https:\/\/www.bfv.cloud\/ajedrezeuropa\/wp-json\/wp\/v2\/tags?post=2818"}],"curies":[{"name":"wp","href":"https:\/\/api.w.org\/{rel}","templated":true}]}}