{"id":2823,"date":"2012-08-08T22:22:00","date_gmt":"2012-08-08T22:22:00","guid":{"rendered":"https:\/\/www.bfv.cloud\/ajedrezeuropa\/index.php\/2012\/08\/08\/excelente-comienzo-de-nuestros-jugadores-en-el-torneo-de-almansa\/"},"modified":"2025-11-20T10:52:18","modified_gmt":"2025-11-20T10:52:18","slug":"excelente-comienzo-de-nuestros-jugadores-en-el-torneo-de-almansa","status":"publish","type":"post","link":"https:\/\/www.bfv.cloud\/ajedrezeuropa\/excelente-comienzo-de-nuestros-jugadores-en-el-torneo-de-almansa\/","title":{"rendered":"EXCELENTE COMIENZO DE NUESTROS JUGADORES EN EL TORNEO DE ALMANSA"},"content":{"rendered":"<table cellpadding=\"0\" cellspacing=\"0\" class=\"tr-caption-container\" style=\"float: left;margin-right: 1em;text-align: left\">\n<tbody>\n<tr>\n<td style=\"text-align: center\"><a href=\"https:\/\/www.bfv.cloud\/ajedrezeuropa\/wp-content\/uploads\/2012\/08\/CartelAlmansa2012.jpg\" style=\"clear: left;margin-bottom: 1em;margin-left: auto;margin-right: auto\"><img fetchpriority=\"high\" decoding=\"async\" border=\"0\" height=\"320\" src=\"https:\/\/blogger.googleusercontent.com\/img\/b\/R29vZ2xl\/AVvXsEhRIkoLVJ74pgPtMpgwvZWB3sdV5BJWPB2m3PfFFPwpgbvuYdYnd9sm-zvchZwXRRzp9YKG4IgTeXSFhPraRwKQ0UMs_7ThaQOkvdxS5wCNwEtc1jbsZNdKRaT_yTYi6RULeebT3wRRNZQ\/s320\/Cartel+Almansa+2012.jpg\" width=\"217\" \/><\/a><\/td>\n<\/tr>\n<tr>\n<td class=\"tr-caption\" style=\"text-align: center\">Cartel del torneo de 2012<\/td>\n<\/tr>\n<\/tbody>\n<\/table>\n<p><span style=\", serif\">El pasado martes daba comienzo en Almansa la XVI&nbsp; edici\u00f3n de su torneo internacional que este a\u00f1o cuenta con la participaci\u00f3n de 5 jugadores de nuestras escuelas y clubes. El torneo est\u00e1 organizado en 2 grupos por tramos de elo, de esta forma el grupo A est\u00e1 compuesto por ajedrecistas de hasta 2.350 puntos de elo FIDE y el grupo B de hasta 2.000 puntos. <\/span><br \/>\n<span style=\", serif\">En el grupo A toman parte 57 jugadores entre los que se encuentra Daniel P\u00edriz Fern\u00e1ndez que ha iniciado su competici\u00f3n brillantemente tras disputarse las 3 primeras rondas. Hasta el momento Daniel ha obtenido 1 victoria y 2 empates, por lo que suma 2 puntos, en un grupo muy complicado donde casi todos superan en valoraci\u00f3n a nuestro jugador que parte del puesto 53 del ranking inicial y ahora ocupa la 12\u00aa plaza de la clasificaci\u00f3n provisional. <\/span><br \/>\n<span style=\"font-family: Georgia\">Mientras, el grupo B, est\u00e1 compuesto por 128 jugadores y cuenta con la presencia de 4 chicos de nuestras escuelas:<\/span><br \/>\n<span style=\"font-family: Georgia\">Carlos \u00c1lvarez, que viene de hacer un estupendo campeonato regional absoluto donde ha finalizado en la 6\u00aa posici\u00f3n, Jos\u00e9 \u00c1ngel Vela, Isaac Lozano y Jes\u00fas M\u00aa Bricio, estos 3 junto con Daniel han estado realizando nuestro campus la semana pasada&nbsp;recibiendo clases de los grandes maestros Elizbar Ubilava y Herminio Herr\u00e1iz. Lo cierto es que despu\u00e9s de la 3\u00aa ronda la clasificaci\u00f3n est\u00e1 liderada por Carlos \u00c1lvarez con 3 puntos, en el puesto 29 est\u00e1 Jos\u00e9 \u00c1ngel Vela con 2 puntos, en el 57 Isaac Lozano con 1,5 y en el 102 Jes\u00fas M\u00aa Bricio con 1 punto. Todos ellos mejoran sustancialmente su ranking inicial y, desde aqu\u00ed,&nbsp;aprovechamos para desearles un buen torneo y que siga creciendo su esp\u00edritu de lucha y superaci\u00f3n.<\/span><\/p>\n","protected":false},"excerpt":{"rendered":"<p>Cartel del torneo de 2012 El pasado martes daba comienzo en Almansa la XVI&nbsp; edici\u00f3n de su torneo internacional que este a\u00f1o cuenta con la participaci\u00f3n de 5 jugadores de nuestras escuelas y clubes. El torneo est\u00e1 organizado en 2 grupos por tramos de elo, de esta forma el grupo A est\u00e1 compuesto por ajedrecistas [&hellip;]<\/p>\n","protected":false},"author":1,"featured_media":2824,"comment_status":"open","ping_status":"closed","sticky":false,"template":"","format":"standard","meta":{"footnotes":""},"categories":[1],"tags":[],"class_list":["post-2823","post","type-post","status-publish","format-standard","has-post-thumbnail","hentry","category-noticias"],"_links":{"self":[{"href":"https:\/\/www.bfv.cloud\/ajedrezeuropa\/wp-json\/wp\/v2\/posts\/2823","targetHints":{"allow":["GET"]}}],"collection":[{"href":"https:\/\/www.bfv.cloud\/ajedrezeuropa\/wp-json\/wp\/v2\/posts"}],"about":[{"href":"https:\/\/www.bfv.cloud\/ajedrezeuropa\/wp-json\/wp\/v2\/types\/post"}],"author":[{"embeddable":true,"href":"https:\/\/www.bfv.cloud\/ajedrezeuropa\/wp-json\/wp\/v2\/users\/1"}],"replies":[{"embeddable":true,"href":"https:\/\/www.bfv.cloud\/ajedrezeuropa\/wp-json\/wp\/v2\/comments?post=2823"}],"version-history":[{"count":1,"href":"https:\/\/www.bfv.cloud\/ajedrezeuropa\/wp-json\/wp\/v2\/posts\/2823\/revisions"}],"predecessor-version":[{"id":2825,"href":"https:\/\/www.bfv.cloud\/ajedrezeuropa\/wp-json\/wp\/v2\/posts\/2823\/revisions\/2825"}],"wp:featuredmedia":[{"embeddable":true,"href":"https:\/\/www.bfv.cloud\/ajedrezeuropa\/wp-json\/wp\/v2\/media\/2824"}],"wp:attachment":[{"href":"https:\/\/www.bfv.cloud\/ajedrezeuropa\/wp-json\/wp\/v2\/media?parent=2823"}],"wp:term":[{"taxonomy":"category","embeddable":true,"href":"https:\/\/www.bfv.cloud\/ajedrezeuropa\/wp-json\/wp\/v2\/categories?post=2823"},{"taxonomy":"post_tag","embeddable":true,"href":"https:\/\/www.bfv.cloud\/ajedrezeuropa\/wp-json\/wp\/v2\/tags?post=2823"}],"curies":[{"name":"wp","href":"https:\/\/api.w.org\/{rel}","templated":true}]}}