{"id":2826,"date":"2012-12-12T23:15:00","date_gmt":"2012-12-12T23:15:00","guid":{"rendered":"https:\/\/www.bfv.cloud\/ajedrezeuropa\/index.php\/2012\/12\/12\/v-concentracion-de-navidad-nuestro-ajedrez-en-europa\/"},"modified":"2025-11-20T10:52:20","modified_gmt":"2025-11-20T10:52:20","slug":"v-concentracion-de-navidad-nuestro-ajedrez-en-europa","status":"publish","type":"post","link":"https:\/\/www.bfv.cloud\/ajedrezeuropa\/v-concentracion-de-navidad-nuestro-ajedrez-en-europa\/","title":{"rendered":"V CONCENTRACI\u00d3N DE NAVIDAD NUESTRO AJEDREZ EN EUROPA"},"content":{"rendered":"<div class=\"separator\" style=\"clear: both;text-align: center\">\n<a href=\"https:\/\/www.bfv.cloud\/ajedrezeuropa\/wp-content\/uploads\/2012\/12\/carteldelaVconcentraciC3B3ndenavidad.jpg\" style=\"clear: left;float: left;margin-bottom: 1em;margin-right: 1em\"><img fetchpriority=\"high\" decoding=\"async\" border=\"0\" height=\"320\" src=\"https:\/\/blogger.googleusercontent.com\/img\/b\/R29vZ2xl\/AVvXsEjzbe0c9Bcs6SDoNgjv8eISBiGI6RcLheNCvC2-9NPG7Hs6zSgsRY3AUteNPa-3k-Q_8XBfr5KqqFRf5JNBdgoAHm8I3rtB1tZOD6yixzsy0xU2THanWMwxBmWLRbR02IR1iy4NyJY1uac\/s320\/cartel+de+la++V+concentraci%C3%B3n+de+navidad.JPG\" width=\"225\" \/><\/a><a href=\"https:\/\/www.bfv.cloud\/ajedrezeuropa\/wp-content\/uploads\/2012\/12\/tripticonavidad2012EXTERIOR.jpg\" style=\"margin-left: 1em;margin-right: 1em\"><img decoding=\"async\" border=\"0\" height=\"226\" src=\"https:\/\/blogger.googleusercontent.com\/img\/b\/R29vZ2xl\/AVvXsEhBbFVKZREMVqTJoSZBql6GYNUlsCkWdz8io8BsZHMqofigzpUGjdhaTkUMyCXgM5mjQLgKZBgKdZEGAzATITe_NlGBAmeFZ7oBMa8hbigUhW81qO8snIelv859Y6chlRdanlZwDnYMiVg\/s320\/triptico+navidad+2012+EXTERIOR.JPG\" width=\"320\" \/><\/a><a href=\"https:\/\/www.bfv.cloud\/ajedrezeuropa\/wp-content\/uploads\/2012\/12\/tripticonavidad2012INTERIOR.jpg\" style=\"margin-left: 1em;margin-right: 1em\"><img decoding=\"async\" border=\"0\" height=\"226\" src=\"https:\/\/blogger.googleusercontent.com\/img\/b\/R29vZ2xl\/AVvXsEjk8FA8J3J7HXKTqCWOGfOgS7UY5LAGnE9NX0I5mpQCDKuy4Tc9_jgnp7HPCJWQADgAhvB8FNnwbD-yS3GQ18g0BgFpenrM7mc6Q7wTNfSjm8LEX295bpLwrn3RxO5Qm_17XKP14wVQ4yA\/s320\/triptico+navidad+2012+INTERIOR.JPG\" width=\"320\" \/><\/a><\/div>\n<p>\n<strong><span style=\"color: #134f5c;, sans-serif\">Los d\u00edas 26, 27 y 28 de diciembre ver\u00e1n la celebraci\u00f3n de la \u00abV CONCENTRACI\u00d3N DE NAVIDAD\u00bb&nbsp;en la casa de la cultura de Villafranca de los Caballeros. Las condiciones de inscripci\u00f3n, horarios y grupos de preparaci\u00f3n figuran detallados en el tr\u00edptico que se publica en esta informaci\u00f3n. En esta ocasi\u00f3n la Concentraci\u00f3n se abre tambi\u00e9n para antiguos alumnos y alumnas de las escuelas de ajedrez de Alc\u00e1zar y Villafranca en iguales condiciones que las de los actuales. Con 5 grupos diferenciados de aprendizaje y la presencia de Herminio Herr\u00e1iz y Ana Isabel Gonz\u00e1lez, continuaremos en el proyecto de tecnificaci\u00f3n y perfeccionamiento de nuestros ajedrecistas, desde los de mayor edad a los m\u00e1s peque\u00f1os. \u00a1\u00a1YA EST\u00c1 ABIERTO EL PLAZO DE INSCRIPCI\u00d3N!!<\/span><\/strong><\/p>\n<h2 align=\"center\">\n&#8230; Y UNA RUEDA DE PRENSA PARA IMPULSAR EL TRABAJO DEL PROYECTO<\/h2>\n<div align=\"center\">\n<strong><span style=\"color: #134f5c;, sans-serif\">Como acto de reconocimiento y apoyo al trabajo del proyecto, el 27 de diciembre se producir\u00e1 una recepci\u00f3n p\u00fablica del equipo sub-16 del CLUB NUESTRO AJEDREZ EN EUROPA en el ayuntamiento de Alc\u00e1zar de San Juan con la participaci\u00f3n de los alcaldes y concejales de deportes de los ayuntamientos de Alc\u00e1zar y Villafranca. &nbsp;<\/span><\/strong><\/div>\n","protected":false},"excerpt":{"rendered":"<p>Los d\u00edas 26, 27 y 28 de diciembre ver\u00e1n la celebraci\u00f3n de la \u00abV CONCENTRACI\u00d3N DE NAVIDAD\u00bb&nbsp;en la casa de la cultura de Villafranca de los Caballeros. Las condiciones de inscripci\u00f3n, horarios y grupos de preparaci\u00f3n figuran detallados en el tr\u00edptico que se publica en esta informaci\u00f3n. En esta ocasi\u00f3n la Concentraci\u00f3n se abre tambi\u00e9n [&hellip;]<\/p>\n","protected":false},"author":1,"featured_media":2827,"comment_status":"open","ping_status":"closed","sticky":false,"template":"","format":"standard","meta":{"footnotes":""},"categories":[1],"tags":[],"class_list":["post-2826","post","type-post","status-publish","format-standard","has-post-thumbnail","hentry","category-noticias"],"_links":{"self":[{"href":"https:\/\/www.bfv.cloud\/ajedrezeuropa\/wp-json\/wp\/v2\/posts\/2826","targetHints":{"allow":["GET"]}}],"collection":[{"href":"https:\/\/www.bfv.cloud\/ajedrezeuropa\/wp-json\/wp\/v2\/posts"}],"about":[{"href":"https:\/\/www.bfv.cloud\/ajedrezeuropa\/wp-json\/wp\/v2\/types\/post"}],"author":[{"embeddable":true,"href":"https:\/\/www.bfv.cloud\/ajedrezeuropa\/wp-json\/wp\/v2\/users\/1"}],"replies":[{"embeddable":true,"href":"https:\/\/www.bfv.cloud\/ajedrezeuropa\/wp-json\/wp\/v2\/comments?post=2826"}],"version-history":[{"count":1,"href":"https:\/\/www.bfv.cloud\/ajedrezeuropa\/wp-json\/wp\/v2\/posts\/2826\/revisions"}],"predecessor-version":[{"id":2830,"href":"https:\/\/www.bfv.cloud\/ajedrezeuropa\/wp-json\/wp\/v2\/posts\/2826\/revisions\/2830"}],"wp:featuredmedia":[{"embeddable":true,"href":"https:\/\/www.bfv.cloud\/ajedrezeuropa\/wp-json\/wp\/v2\/media\/2827"}],"wp:attachment":[{"href":"https:\/\/www.bfv.cloud\/ajedrezeuropa\/wp-json\/wp\/v2\/media?parent=2826"}],"wp:term":[{"taxonomy":"category","embeddable":true,"href":"https:\/\/www.bfv.cloud\/ajedrezeuropa\/wp-json\/wp\/v2\/categories?post=2826"},{"taxonomy":"post_tag","embeddable":true,"href":"https:\/\/www.bfv.cloud\/ajedrezeuropa\/wp-json\/wp\/v2\/tags?post=2826"}],"curies":[{"name":"wp","href":"https:\/\/api.w.org\/{rel}","templated":true}]}}