{"id":2831,"date":"2018-01-29T14:40:00","date_gmt":"2018-01-29T14:40:00","guid":{"rendered":"https:\/\/www.bfv.cloud\/ajedrezeuropa\/index.php\/2018\/01\/29\/nuestros-proyectos-en-castilla-la-mancha-despierta-de-cmmedia\/"},"modified":"2025-11-20T10:52:23","modified_gmt":"2025-11-20T10:52:23","slug":"nuestros-proyectos-en-castilla-la-mancha-despierta-de-cmmedia","status":"publish","type":"post","link":"https:\/\/www.bfv.cloud\/ajedrezeuropa\/nuestros-proyectos-en-castilla-la-mancha-despierta-de-cmmedia\/","title":{"rendered":"NUESTROS PROYECTOS EN \u00abCASTILLA-LA MANCHA DESPIERTA\u00bb DE CMMEDIA"},"content":{"rendered":"<div class=\"separator\" style=\"clear: both;text-align: center\">\n<a href=\"https:\/\/www.bfv.cloud\/ajedrezeuropa\/wp-content\/uploads\/2018\/01\/logo_castilla_la-mancha-tv.jpg\" style=\"clear: left;float: left;margin-bottom: 1em;margin-right: 1em\"><img fetchpriority=\"high\" decoding=\"async\" border=\"0\" data-original-height=\"800\" data-original-width=\"1000\" height=\"318\" src=\"https:\/\/blogger.googleusercontent.com\/img\/b\/R29vZ2xl\/AVvXsEirpfZxPOdizPL-UvPPdkk3fEd52N-3_eH7uvUePuaIJ6BmPtxigD7gJ5Aa3-70oTiyVNpSGaxzGbVAvGDNM0lB-iZz8-NyZ1hTkECw18p68jSDE7DxVpsIal9UN1xPTDsWSiLRbR_FaZs\/s400\/logo_castilla_la-mancha-tv.jpg\" width=\"400\" \/><\/a><\/div>\n<p><span style=\"color: blue;font-family: Arial, Helvetica, sans-serif;font-size: large\"><b>Este jueves 1 de febrero, a partir de las 9 de la ma\u00f1ana, el programa de CMMEDIA: \u00abCastilla La Mancha Despierta\u00bb, hablar\u00e1 de los proyectos que Nuestro Ajedrez en Europa est\u00e1 realizando dentro del mundo de la Educaci\u00f3n, la Cultura y el Deporte.&nbsp;<\/b><\/span><br \/>\n<span style=\"color: blue;font-family: Arial, Helvetica, sans-serif;font-size: large\"><b>Los servicios informativos de la televisi\u00f3n p\u00fablica de Castilla-La Mancha se han interesado por conocer a fondo el trabajo que estamos desarrollando en el campo educativo dentro de los colegios de Illescas, en el terreno cultural mediante nuestra colaboraci\u00f3n con la Universidad Popular de Herencia, y en el \u00e1mbito deportivo a trav\u00e9s de las escuelas municipales de ajedrez de Alc\u00e1zar de San Juan y Villafranca de los Caballeros.<\/b><\/span><\/p>\n<div class=\"separator\" style=\"clear: both;text-align: center\">\n<span style=\"font-family: Arial, Helvetica, sans-serif;font-size: large\"><b><a href=\"https:\/\/www.bfv.cloud\/ajedrezeuropa\/wp-content\/uploads\/2018\/01\/logocmm.png\" style=\"clear: right;float: right;margin-bottom: 1em;margin-left: 1em\"><img decoding=\"async\" border=\"0\" data-original-height=\"80\" data-original-width=\"159\" height=\"202\" src=\"https:\/\/blogger.googleusercontent.com\/img\/b\/R29vZ2xl\/AVvXsEg5nHRtBN-aFJcLI8Xz6bfgVnjjMDiYurlllCOWTPqlsqTz7yKPLjZyRic2t3MVSzirQJZgHLNZLkHdA9JluIgI-YMdSL2UiDsl_DN_qMu6Vs27D5x4p3zrp9cFYLC8JcsPi_OeNDGsZpE\/s400\/logo++cmm.png\" width=\"400\" \/><\/a><\/b><\/span><\/div>\n<p>\n<span style=\"color: blue;font-family: Arial, Helvetica, sans-serif;font-size: large\"><b>Tambi\u00e9n repasaremos la trayectoria del proyecto Nuestro Ajedrez en Europa a lo largo de esta d\u00e9cada de existencia.<\/b><\/span><br \/>\n<span style=\"color: blue;font-family: Arial, Helvetica, sans-serif;font-size: large\"><b>Est\u00e1is invitad@s a ver la entrevista con el director del proyecto, F\u00e9lix Toribio.<\/b><\/span><br \/>\n<span style=\"font-family: Arial, Helvetica, sans-serif;font-size: large\"><b><br \/><\/b><\/span><\/p>\n","protected":false},"excerpt":{"rendered":"<p>Este jueves 1 de febrero, a partir de las 9 de la ma\u00f1ana, el programa de CMMEDIA: \u00abCastilla La Mancha Despierta\u00bb, hablar\u00e1 de los proyectos que Nuestro Ajedrez en Europa est\u00e1 realizando dentro del mundo de la Educaci\u00f3n, la Cultura y el Deporte.&nbsp; Los servicios informativos de la televisi\u00f3n p\u00fablica de Castilla-La Mancha se han [&hellip;]<\/p>\n","protected":false},"author":1,"featured_media":2832,"comment_status":"open","ping_status":"closed","sticky":false,"template":"","format":"standard","meta":{"footnotes":""},"categories":[1],"tags":[],"class_list":["post-2831","post","type-post","status-publish","format-standard","has-post-thumbnail","hentry","category-noticias"],"_links":{"self":[{"href":"https:\/\/www.bfv.cloud\/ajedrezeuropa\/wp-json\/wp\/v2\/posts\/2831","targetHints":{"allow":["GET"]}}],"collection":[{"href":"https:\/\/www.bfv.cloud\/ajedrezeuropa\/wp-json\/wp\/v2\/posts"}],"about":[{"href":"https:\/\/www.bfv.cloud\/ajedrezeuropa\/wp-json\/wp\/v2\/types\/post"}],"author":[{"embeddable":true,"href":"https:\/\/www.bfv.cloud\/ajedrezeuropa\/wp-json\/wp\/v2\/users\/1"}],"replies":[{"embeddable":true,"href":"https:\/\/www.bfv.cloud\/ajedrezeuropa\/wp-json\/wp\/v2\/comments?post=2831"}],"version-history":[{"count":1,"href":"https:\/\/www.bfv.cloud\/ajedrezeuropa\/wp-json\/wp\/v2\/posts\/2831\/revisions"}],"predecessor-version":[{"id":2834,"href":"https:\/\/www.bfv.cloud\/ajedrezeuropa\/wp-json\/wp\/v2\/posts\/2831\/revisions\/2834"}],"wp:featuredmedia":[{"embeddable":true,"href":"https:\/\/www.bfv.cloud\/ajedrezeuropa\/wp-json\/wp\/v2\/media\/2832"}],"wp:attachment":[{"href":"https:\/\/www.bfv.cloud\/ajedrezeuropa\/wp-json\/wp\/v2\/media?parent=2831"}],"wp:term":[{"taxonomy":"category","embeddable":true,"href":"https:\/\/www.bfv.cloud\/ajedrezeuropa\/wp-json\/wp\/v2\/categories?post=2831"},{"taxonomy":"post_tag","embeddable":true,"href":"https:\/\/www.bfv.cloud\/ajedrezeuropa\/wp-json\/wp\/v2\/tags?post=2831"}],"curies":[{"name":"wp","href":"https:\/\/api.w.org\/{rel}","templated":true}]}}