{"id":2837,"date":"2015-02-09T23:59:00","date_gmt":"2015-02-09T23:59:00","guid":{"rendered":"https:\/\/www.bfv.cloud\/ajedrezeuropa\/index.php\/2015\/02\/09\/la-escuela-de-alcazar-clasifica-a-3-de-sus-jovenes-ajedrecistas-para-el-regional-escolar\/"},"modified":"2025-11-20T10:52:36","modified_gmt":"2025-11-20T10:52:36","slug":"la-escuela-de-alcazar-clasifica-a-3-de-sus-jovenes-ajedrecistas-para-el-regional-escolar","status":"publish","type":"post","link":"https:\/\/www.bfv.cloud\/ajedrezeuropa\/la-escuela-de-alcazar-clasifica-a-3-de-sus-jovenes-ajedrecistas-para-el-regional-escolar\/","title":{"rendered":"LA ESCUELA DE ALC\u00c1ZAR CLASIFICA A 3 DE SUS J\u00d3VENES AJEDRECISTAS PARA EL REGIONAL ESCOLAR"},"content":{"rendered":"<div class=\"separator\" style=\"clear: both;text-align: center\">\n<\/div>\n<table cellpadding=\"0\" cellspacing=\"0\" class=\"tr-caption-container\" style=\"float: left;text-align: left\">\n<tbody>\n<tr>\n<td style=\"text-align: center\"><a href=\"https:\/\/www.bfv.cloud\/ajedrezeuropa\/wp-content\/uploads\/2015\/02\/SAM_1463.jpg\" style=\"margin-left: auto;margin-right: auto\"><img fetchpriority=\"high\" decoding=\"async\" border=\"0\" src=\"https:\/\/blogger.googleusercontent.com\/img\/b\/R29vZ2xl\/AVvXsEiBh0WzWJt8T2GpvVCXWdKQMXGZo1fI2eQ4rWShLuVJxryj0LodDH64MBSqpVpOKgEG7mOxXKkiBf3JPQjSxGxX93M2reHBGb6Ugi6xnc1yPsR1AiTvAc_qwUlWCsZJas1hHdmUw-K6qY8\/s320\/SAM_1463.JPG\" height=\"300\" width=\"400\" \/><\/a><\/td>\n<\/tr>\n<tr>\n<td class=\"tr-caption\" style=\"text-align: center\">El grupo de jugadores de la escuela de Alc\u00e1zar con sus trofeos<br \/>\ny medallas<\/td>\n<\/tr>\n<\/tbody>\n<\/table>\n<table cellpadding=\"0\" cellspacing=\"0\" class=\"tr-caption-container\" style=\"float: left;margin-right: 1em;text-align: left\">\n<tbody>\n<tr>\n<td style=\"text-align: center\"><a href=\"https:\/\/www.bfv.cloud\/ajedrezeuropa\/wp-content\/uploads\/2015\/02\/SAM_1454.jpg\" style=\"margin-left: auto;margin-right: auto\"><img decoding=\"async\" border=\"0\" src=\"https:\/\/blogger.googleusercontent.com\/img\/b\/R29vZ2xl\/AVvXsEh2MsTZTd2WiGZEMHQPHjf4gPhFJACZrCMC_fpIZqmuqMmjL5GJmNnifYHtQGfqRKhheejlfkWzl5OOqXMEgZD420hIZDaswdevEipwHoZU73HJAxdGqx4eEoyKUSvKguwMb2Fxe60wzpk\/s320\/SAM_1454.JPG\" height=\"225\" width=\"400\" \/><\/a><\/td>\n<\/tr>\n<tr>\n<td class=\"tr-caption\" style=\"text-align: center\">Nuria Lozano subcampeona del Infantil<\/td>\n<\/tr>\n<\/tbody>\n<\/table>\n<div style=\"margin-bottom: .0001pt;margin: 0cm;text-align: justify\">\n<span style=\"font-family: Georgia, Times New Roman, serif\">Ha<br \/>\nfinalizado en Miguelturra la fase provincial de Ciudad Real del CRDEE, con la<br \/>\nclasificaci\u00f3n para la fase regional de 3 de los alumnos de la escuela municipal<br \/>\nde ajedrez de Alc\u00e1zar de San Juan. Aunque de los 12 clasificados por Ciudad<br \/>\nReal son 3 los pertenecientes a la escuela alcazare\u00f1a, pod\u00edan haber sido 2 m\u00e1s<br \/>\nde no haber resultado tan influyentes los condicionantes impuestos por el ritmo<br \/>\nde juego y el orden de los sistemas de desempates. Aunque este par de<br \/>\ncircunstancias son iguales para todos los participantes, es necesario aclarar<br \/>\nque gran parte de la formaci\u00f3n avanzada que reciben los alumnos de las escuelas<br \/>\nde ajedrez pertenecientes al proyecto \u201cNUESTRO AJEDREZ EN EUROPA\u201d, se basa en<br \/>\nritmos de juego de partidas lentas, con lo que es mucho m\u00e1s costosa su<br \/>\nadaptaci\u00f3n a los tiempos de r\u00e1pidas. Si a esto a\u00f1adimos que la igualdad a<br \/>\npuntos muchas veces se decide por peque\u00f1\u00edsimas variaciones de los segundos o<br \/>\nterceros sistemas de desempates, tenemos todos los ingredientes para que el<br \/>\nazar se convierta en un elemento demasiado decisivo en las clasificaciones<br \/>\nfinales de las fases provinciales del Deporte en Edad Escolar. Hecha esta breve<br \/>\npuntualizaci\u00f3n, queremos felicitar a todos los chicos y chicas participantes y<br \/>\na los 12 clasificados, as\u00ed como a sus preparadores y monitores, por hacer del<br \/>\nDeporte en Edad Escolar de Ciudad Real un ejemplo de deportividad y juego<br \/>\nlimpio.<\/span><\/div>\n<div style=\"margin-bottom: .0001pt;margin: 0cm;text-align: justify\">\n<\/div>\n<div class=\"MsoBodyText\" style=\"text-align: justify\">\n<b><u><span style=\"color: navy;font-size: 12.0pt\"><span style=\"font-family: Georgia, Times New Roman, serif\">Categor\u00eda Infantil: UNA<br \/>\nSUBCAMPEONA, NURIA LOZANO; UN NOTABLE 6\u00ba PUESTO, ARTURO MATE; Y UNA 4\u00aa POSICI\u00d3N<br \/>\nFEMENINA, ISABEL MARCOS-ALBERCA <\/span><span style=\"font-family: Arial, Helvetica, sans-serif\"><\/span><\/span><\/u><\/b><\/div>\n<div class=\"MsoBodyText\" style=\"text-align: justify\">\n<\/div>\n<table align=\"center\" cellpadding=\"0\" cellspacing=\"0\" class=\"tr-caption-container\" style=\"float: right;margin-left: 1em;text-align: right\">\n<tbody>\n<tr>\n<td style=\"text-align: center\"><a href=\"https:\/\/www.bfv.cloud\/ajedrezeuropa\/wp-content\/uploads\/2015\/02\/SAM_1439.jpg\" style=\"margin-left: auto;margin-right: auto\"><img decoding=\"async\" border=\"0\" src=\"https:\/\/blogger.googleusercontent.com\/img\/b\/R29vZ2xl\/AVvXsEiZgwRhuRgxmusFC-MXvy-x_yrw37EzY3G75fcp4vRQLlnd9ksD65VtS8tjoZw7cC6RWpZhMJiFUhNkhtZxlAhbZgr-Xs41DgxY_6fH8MiGLLRMvDVwe3faWojqqi0ysORJi0Eql10L6Bs\/s320\/SAM_1439.JPG\" height=\"300\" width=\"400\" \/><\/a><\/td>\n<\/tr>\n<tr>\n<td class=\"tr-caption\" style=\"text-align: center\">Arturo Mate, 6 \u00ba clasificado ha realizado un gran campeonato<br \/>\ncon una sola derrota en las 8 rondas<\/td>\n<\/tr>\n<\/tbody>\n<\/table>\n<div class=\"MsoBodyText\" style=\"text-align: justify\">\n<span style=\"font-size: 12.0pt\"><span style=\"font-family: Georgia, Times New Roman, serif\">Las 8 rondas disputadas en esta categor\u00eda dejaron<br \/>\nuna clasificaci\u00f3n final muy igualada, con 8 chicos optando a la clasificaci\u00f3n<br \/>\npara el regional antes de la \u00faltima ronda, y 4 chicas empatadas a 5 puntos y<br \/>\ncon id\u00e9ntico primer desempate.<\/span><\/span><\/div>\n<div class=\"MsoBodyText\" style=\"text-align: justify\">\n<span style=\"font-size: 12.0pt\"><span style=\"font-family: Georgia, Times New Roman, serif\">El magn\u00edfico juego desarrollado por Arturo Mate<br \/>\ndurante todo el torneo le hizo merecedor de un premio mayor, pero con los<br \/>\napuros de tiempo tan habituales en todas sus partidas tuvo que conformarse con<br \/>\nla 6\u00aa posici\u00f3n, despu\u00e9s de concluir en tablas sus 2 enfrentamientos del pasado<br \/>\ndomingo. Entre las chicas, destacaban la peque\u00f1a Nuria Lozano e Isabel<br \/>\nMarcos-Alberca; Nuria tuvo la oportunidad de proclamarse campeona en la<br \/>\npen\u00faltima ronda, pero de nuevo el reloj fue decisivo y tuvo que ser su \u00faltima<br \/>\nvictoria la que le diera el pase para el regional del Castillo de San Servando<br \/>\nen Toledo; Isabel, siendo una de las chicas con mayor preparaci\u00f3n del<br \/>\nprovincial, no pudo transformar en victorias algunas posiciones ventajosas, y<br \/>\na\u00fan ganando sus 2 \u00faltimas partidas, el 2\u00ba sistema de desempate la dej\u00f3 en la 4\u00aa<br \/>\nposici\u00f3n.<\/span><\/span><\/div>\n<div class=\"MsoBodyText\" style=\"text-align: justify\">\n<\/div>\n<div class=\"MsoBodyText\" style=\"text-align: justify\">\n<u><span style=\"color: navy;font-size: 12.0pt\"><span style=\"font-family: Georgia, Times New Roman, serif\">Roc\u00edo Arias, medalla de oro sub-10, y<br \/>\nClara Vela, medalla de plata sub-12<\/span><span style=\"font-family: Arial, Helvetica, sans-serif\"><\/span><\/span><\/u><\/div>\n<table align=\"center\" cellpadding=\"0\" cellspacing=\"0\" class=\"tr-caption-container\" style=\"float: right;margin-left: 1em;text-align: right\">\n<tbody>\n<tr>\n<td style=\"text-align: center\"><a href=\"https:\/\/www.bfv.cloud\/ajedrezeuropa\/wp-content\/uploads\/2015\/02\/SAM_1448.jpg\" style=\"clear: left;margin-bottom: 1em;margin-left: auto;margin-right: auto\"><img decoding=\"async\" border=\"0\" src=\"https:\/\/blogger.googleusercontent.com\/img\/b\/R29vZ2xl\/AVvXsEiW2V2HLmrPGLCHY6w6PP2ZVdt1_GpsXYzfzZOOKnMTyLzgrpUHaHngE6GpzdpFiPVCFsWU8T5_G428YxgmqpUPhdwfRf1Bd4LEsU_fAwbUxv-p-XgaHckJsk3XLtNkiokDMLWObLj4Ubo\/s320\/SAM_1448.JPG\" \/><\/a><\/td>\n<\/tr>\n<tr>\n<td class=\"tr-caption\" style=\"text-align: center\">Roc\u00edo Arias recoge su medalla<br \/>\ncomo mejor jugadora sub-10<\/td>\n<\/tr>\n<\/tbody>\n<\/table>\n<div class=\"MsoBodyText\" style=\"text-align: justify\">\n<span style=\"font-size: 12.0pt\"><span style=\"font-family: Georgia, Times New Roman, serif\">El grupo de jugadores de categor\u00eda infantil de la<br \/>\nescuela alcazare\u00f1a lo han completado otros 10 ajedrecistas, tambi\u00e9n con unos<br \/>\nmagn\u00edficos resultados: <\/span><\/span><\/div>\n<div class=\"MsoBodyText\" style=\"text-align: justify\">\n<span style=\"font-size: 12.0pt\"><span style=\"font-family: Georgia, Times New Roman, serif\">Con 5 puntos: Enrique Velasco (15\u00ba) y Julio M\u00e9rida<br \/>\n(17\u00ba)<\/span><\/span><\/div>\n<div class=\"MsoBodyText\" style=\"text-align: justify\">\n<span style=\"font-size: 12.0pt\"><span style=\"font-family: Georgia, Times New Roman, serif\">Con 4 puntos: Pablo Vela (32\u00ba) y Rub\u00e9n Monge (33\u00ba)<\/span><span style=\"font-family: Arial, Helvetica, sans-serif\"><\/span><\/span><\/div>\n<table align=\"center\" cellpadding=\"0\" cellspacing=\"0\" class=\"tr-caption-container\" style=\"float: left;margin-right: 1em;text-align: left\">\n<tbody>\n<tr>\n<td style=\"text-align: center\"><a href=\"https:\/\/www.bfv.cloud\/ajedrezeuropa\/wp-content\/uploads\/2015\/02\/SAM_1451.jpg\" style=\"margin-left: auto;margin-right: auto\"><img decoding=\"async\" border=\"0\" src=\"https:\/\/blogger.googleusercontent.com\/img\/b\/R29vZ2xl\/AVvXsEjsq-wEcITBsMGyQqRrPHgsbQEKHK1Ab8JncayNr6ubGZ_sXxvS8ywGwa4MwCSoEO54s0HmDQLth37xS3EzPB2jLwITOXCZgFPSBaB4KNmiHstik5q0RL8tbLfIgcxUzu_eV9B_HMVfpME\/s320\/SAM_1451.JPG\" \/><\/a><\/td>\n<\/tr>\n<tr>\n<td class=\"tr-caption\" style=\"text-align: center\">Clara Vela, medalla de plata sub-12<\/td>\n<\/tr>\n<\/tbody>\n<\/table>\n<div class=\"MsoBodyText\" style=\"text-align: justify\">\n<span style=\"font-size: 12.0pt\"><span style=\"font-family: Arial, Helvetica, sans-serif\"><br \/><\/span><\/span><\/div>\n<div class=\"MsoBodyText\" style=\"text-align: justify\">\n<span style=\"font-size: 12.0pt\"><span style=\"font-family: Arial, Helvetica, sans-serif\"><br \/><\/span><\/span><\/div>\n<div class=\"MsoBodyText\" style=\"text-align: justify\">\n<span style=\"font-size: 12.0pt\"><span style=\"font-family: Arial, Helvetica, sans-serif\"><br \/><\/span><\/span><\/div>\n<div class=\"MsoBodyText\" style=\"text-align: justify\">\n<span style=\"font-size: 12.0pt\"><span style=\"font-family: Arial, Helvetica, sans-serif\"><br \/><\/span><\/span><\/div>\n<div class=\"MsoBodyText\" style=\"text-align: justify\">\n<span style=\"font-size: 12.0pt\"><span style=\"font-family: Arial, Helvetica, sans-serif\"><br \/><\/span><\/span><\/div>\n<div class=\"MsoBodyText\" style=\"text-align: justify\">\n<span style=\"font-size: 12.0pt\"><span style=\"font-family: Arial, Helvetica, sans-serif\"><br \/><\/span><\/span><\/div>\n<div class=\"MsoBodyText\" style=\"text-align: justify\">\n<span style=\"font-size: 12.0pt\"><span style=\"font-family: Arial, Helvetica, sans-serif\"><br \/><\/span><\/span><\/div>\n<div class=\"MsoBodyText\" style=\"text-align: justify\">\n<span style=\"font-size: 12.0pt\"><span style=\"font-family: Arial, Helvetica, sans-serif\"><br \/><\/span><\/span><\/div>\n<div class=\"MsoBodyText\" style=\"text-align: justify\">\n<span style=\"font-size: 12.0pt\"><span style=\"font-family: Arial, Helvetica, sans-serif\"><br \/><\/span><\/span><\/div>\n<div class=\"MsoBodyText\" style=\"text-align: justify\">\n<span style=\"font-size: 12.0pt\"><span style=\"font-family: Arial, Helvetica, sans-serif\"><br \/><\/span><\/span><\/div>\n<div class=\"MsoBodyText\" style=\"text-align: justify\">\n<span style=\"font-size: 12.0pt\"><span style=\"font-family: Arial, Helvetica, sans-serif\"><br \/><\/span><\/span><\/div>\n<div class=\"MsoBodyText\" style=\"text-align: justify\">\n<span style=\"font-size: 12.0pt\"><span style=\"font-family: Arial, Helvetica, sans-serif\"><br \/><\/span><\/span><\/div>\n<div class=\"MsoBodyText\" style=\"text-align: justify\">\n<span style=\"font-size: 12.0pt\"><span style=\"font-family: Arial, Helvetica, sans-serif\"><br \/><\/span><\/span><\/div>\n<div class=\"MsoBodyText\" style=\"text-align: justify\">\n<span style=\"font-size: 12.0pt\"><span style=\"font-family: Arial, Helvetica, sans-serif\"><br \/><\/span><\/span><\/div>\n<div class=\"MsoBodyText\" style=\"text-align: justify\">\n<span style=\"font-size: 12.0pt\"><span style=\"font-family: Georgia, Times New Roman, serif\">Con 3 puntos: Arsenio L\u00f3pez (46\u00ba), Rafael Carrasco<br \/>\n(51\u00ba), <b>Clara Vela (8\u00aa femenina y medalla de<\/b> <b>plata sub-12)<\/b>, <b>Roc\u00edo<br \/>\nArias (9\u00aa femenina y medalla de oro sub-10)<\/b> y Sergio Arias (58\u00ba)<\/span><\/span><\/div>\n<div class=\"MsoBodyText\" style=\"text-align: justify\">\n<span style=\"font-size: 12.0pt\"><span style=\"font-family: Georgia, Times New Roman, serif\">Con 2 puntos: Daniel Climent (60\u00ba)<\/span><\/span><\/div>\n<div class=\"MsoBodyText\" style=\"text-align: justify\">\n<\/div>\n<div class=\"MsoBodyText\" style=\"text-align: justify\">\n<u><span style=\"color: navy;font-size: 12.0pt\"><span style=\"font-family: Georgia, Times New Roman, serif\">Alc\u00e1zar consigue la medalla de bronce por<br \/>\nequipos<\/span><\/span><\/u><\/div>\n<div class=\"MsoBodyText\" style=\"text-align: justify\">\n<span style=\"color: windowtext;font-size: 12.0pt\"><span style=\"font-family: Georgia, Times New Roman, serif\">El trofeo a los mejores equipos de<br \/>\nla categor\u00eda infantil, obtenido de sumar los 3 primeros resultados de los<br \/>\njugadores de cada escuela, fue conseguido por Tomelloso, Valdepe\u00f1as y Alc\u00e1zar.<\/span><span style=\"font-family: Arial, Helvetica, sans-serif\"><\/span><\/span><\/div>\n<table align=\"center\" cellpadding=\"0\" cellspacing=\"0\" class=\"tr-caption-container\" style=\"float: left;margin-right: 1em;text-align: left\">\n<tbody>\n<tr>\n<td style=\"text-align: center\"><a href=\"https:\/\/www.bfv.cloud\/ajedrezeuropa\/wp-content\/uploads\/2015\/02\/SAM_1456.jpg\" style=\"clear: left;margin-bottom: 1em;margin-left: auto;margin-right: auto\"><img decoding=\"async\" border=\"0\" src=\"https:\/\/blogger.googleusercontent.com\/img\/b\/R29vZ2xl\/AVvXsEjHOj_-R37Cx58hEErichXeAhYl_UjqkNM9k-OpJlQDWZE10wG45R_LMovknTG1iv8mtCDVI1bouo7IK4IMkm1OzlEuRRHezXyT45tsQk79CWbZRY85-2LGiegeUs0tAv7eNHMfiW2uNZY\/s320\/SAM_1456.JPG\" \/><\/a><\/td>\n<\/tr>\n<tr>\n<td class=\"tr-caption\" style=\"text-align: center\">Marta Espinosa, subcampeona del Cadete<\/td>\n<\/tr>\n<\/tbody>\n<\/table>\n<div class=\"MsoBodyText\" style=\"text-align: justify\">\n<\/div>\n<table align=\"center\" cellpadding=\"0\" cellspacing=\"0\" class=\"tr-caption-container\" style=\"float: left;margin-right: 1em;text-align: left\">\n<tbody>\n<tr>\n<td style=\"text-align: center\"><a href=\"https:\/\/www.bfv.cloud\/ajedrezeuropa\/wp-content\/uploads\/2015\/02\/SAM_1457.jpg\" style=\"clear: right;margin-bottom: 1em;margin-left: auto;margin-right: auto\"><img decoding=\"async\" border=\"0\" src=\"https:\/\/blogger.googleusercontent.com\/img\/b\/R29vZ2xl\/AVvXsEiem_E64WoadWNgZj80BI3hRLeOnZgQiE7aTauOP88sreJ_wMisEMS2Y80Dlxqefz6_hTDK9jgpwIgu9fx4_7Kz_TYT8JdfvCnya0ZSJbqPGI_CPJqxipLD1FjHwRz64WOvjgCQTxfbjX8\/s320\/SAM_1457.JPG\" \/><\/a><\/td>\n<\/tr>\n<tr>\n<td class=\"tr-caption\" style=\"text-align: center\">Javier Valdepe\u00f1as, subcampe\u00f3n del Cadete<\/td>\n<\/tr>\n<\/tbody>\n<\/table>\n<div class=\"MsoBodyText\" style=\"text-align: justify\">\n<b><u><span style=\"color: navy;font-size: 12.0pt\"><span style=\"font-family: Georgia, Times New Roman, serif\">Categor\u00eda Cadete: JAVIER<br \/>\nVALDEPE\u00d1AS Y MARTA ESPINOSA, SUBCAMPEONES DE CIUDAD REAL<\/span><\/span><\/u><\/b><\/div>\n<div class=\"MsoBodyText\" style=\"text-align: justify\">\n<\/div>\n<div class=\"MsoBodyText\" style=\"text-align: justify\">\n<span style=\"color: windowtext;font-size: 12.0pt\"><span style=\"font-family: Georgia, Times New Roman, serif\">Los 2 participantes alcazare\u00f1os en<br \/>\nel cadete lograron sendas medallas de plata y obtuvieron su clasificaci\u00f3n para<br \/>\nla final regional . Javier Valdepe\u00f1as, terminaba con 4 puntos y ninguna partida<br \/>\nperdida. Marta Espinosa, sumaba 3 puntos tras comenzar con malos resultados en<br \/>\nla rondas iniciales. <\/span><\/span><\/div>\n<div class=\"MsoBodyText\" style=\"text-align: justify\">\n<span style=\"color: windowtext;font-size: 12.0pt\"><span style=\"font-family: Georgia, Times New Roman, serif\">El resumen que cabe hacer de este<br \/>\nEscolar reci\u00e9n acabado es muy positivo para los 15 jugadores que han completado<br \/>\nsu participaci\u00f3n. Desde los alumnos m\u00e1s experimentados que forman parte de los<br \/>\nequipos sub-16 que compiten en los campeonatos nacionales, hasta los m\u00e1s<br \/>\npeque\u00f1os con apenas 10 a\u00f1os cumplidos, la experiencia y las ense\u00f1anzas que<br \/>\nadquieren con la competici\u00f3n son b\u00e1sicas en su proceso de formaci\u00f3n. Aprender a<br \/>\nasumir los errores en las derrotas y saber ganar cuando se producen victorias<br \/>\nson parte de los elementos que confieren gran inter\u00e9s a la iniciaci\u00f3n de los<br \/>\nni\u00f1os en el mundo del ajedrez a edades tempranas.&nbsp;<\/span><\/span><\/div>\n<div class=\"separator\" style=\"clear: both;text-align: center\">\n<\/div>\n<table align=\"center\" cellpadding=\"0\" cellspacing=\"0\" class=\"tr-caption-container\" style=\"margin-left: auto;margin-right: auto;text-align: center\">\n<tbody>\n<tr>\n<td style=\"text-align: center\"><a href=\"https:\/\/www.bfv.cloud\/ajedrezeuropa\/wp-content\/uploads\/2015\/02\/SAM_1437.jpg\" style=\"margin-left: auto;margin-right: auto\"><img decoding=\"async\" border=\"0\" src=\"https:\/\/blogger.googleusercontent.com\/img\/b\/R29vZ2xl\/AVvXsEiPkB4U09ZNAKJgY1l3uPEmuTnKh3-4iTUoNu44xlc60P5G7fu7F4SfnMeBA5XWW5n9c3CjjsCmcZKgyM9HcZrpwikLJPeNX_c_c5h43l13He93BH252AQ2aA2uoz7bMc88onh1tmZMGw8\/s320\/SAM_1437.JPG\" \/><\/a><\/td>\n<\/tr>\n<tr>\n<td class=\"tr-caption\" style=\"text-align: center\">Enrique Velasco, 15\u00ba clasificado del Infantil<\/td>\n<\/tr>\n<\/tbody>\n<\/table>\n","protected":false},"excerpt":{"rendered":"<p>El grupo de jugadores de la escuela de Alc\u00e1zar con sus trofeos y medallas Nuria Lozano subcampeona del Infantil Ha finalizado en Miguelturra la fase provincial de Ciudad Real del CRDEE, con la clasificaci\u00f3n para la fase regional de 3 de los alumnos de la escuela municipal de ajedrez de Alc\u00e1zar de San Juan. Aunque [&hellip;]<\/p>\n","protected":false},"author":1,"featured_media":2838,"comment_status":"open","ping_status":"closed","sticky":false,"template":"","format":"standard","meta":{"footnotes":""},"categories":[1],"tags":[],"class_list":["post-2837","post","type-post","status-publish","format-standard","has-post-thumbnail","hentry","category-noticias"],"_links":{"self":[{"href":"https:\/\/www.bfv.cloud\/ajedrezeuropa\/wp-json\/wp\/v2\/posts\/2837","targetHints":{"allow":["GET"]}}],"collection":[{"href":"https:\/\/www.bfv.cloud\/ajedrezeuropa\/wp-json\/wp\/v2\/posts"}],"about":[{"href":"https:\/\/www.bfv.cloud\/ajedrezeuropa\/wp-json\/wp\/v2\/types\/post"}],"author":[{"embeddable":true,"href":"https:\/\/www.bfv.cloud\/ajedrezeuropa\/wp-json\/wp\/v2\/users\/1"}],"replies":[{"embeddable":true,"href":"https:\/\/www.bfv.cloud\/ajedrezeuropa\/wp-json\/wp\/v2\/comments?post=2837"}],"version-history":[{"count":1,"href":"https:\/\/www.bfv.cloud\/ajedrezeuropa\/wp-json\/wp\/v2\/posts\/2837\/revisions"}],"predecessor-version":[{"id":2846,"href":"https:\/\/www.bfv.cloud\/ajedrezeuropa\/wp-json\/wp\/v2\/posts\/2837\/revisions\/2846"}],"wp:featuredmedia":[{"embeddable":true,"href":"https:\/\/www.bfv.cloud\/ajedrezeuropa\/wp-json\/wp\/v2\/media\/2838"}],"wp:attachment":[{"href":"https:\/\/www.bfv.cloud\/ajedrezeuropa\/wp-json\/wp\/v2\/media?parent=2837"}],"wp:term":[{"taxonomy":"category","embeddable":true,"href":"https:\/\/www.bfv.cloud\/ajedrezeuropa\/wp-json\/wp\/v2\/categories?post=2837"},{"taxonomy":"post_tag","embeddable":true,"href":"https:\/\/www.bfv.cloud\/ajedrezeuropa\/wp-json\/wp\/v2\/tags?post=2837"}],"curies":[{"name":"wp","href":"https:\/\/api.w.org\/{rel}","templated":true}]}}