{"id":2852,"date":"2017-12-19T19:26:00","date_gmt":"2017-12-19T19:26:00","guid":{"rendered":"https:\/\/www.bfv.cloud\/ajedrezeuropa\/index.php\/2017\/12\/19\/el-sabado-30-de-diciembre-regresa-el-torneo-de-navidad-ajedrez-por-la-igualdad\/"},"modified":"2025-11-20T10:52:43","modified_gmt":"2025-11-20T10:52:43","slug":"el-sabado-30-de-diciembre-regresa-el-torneo-de-navidad-ajedrez-por-la-igualdad","status":"publish","type":"post","link":"https:\/\/www.bfv.cloud\/ajedrezeuropa\/el-sabado-30-de-diciembre-regresa-el-torneo-de-navidad-ajedrez-por-la-igualdad\/","title":{"rendered":"EL S\u00c1BADO 30 DE DICIEMBRE REGRESA EL TORNEO DE NAVIDAD \u00abAJEDREZ POR LA IGUALDAD\u00bb"},"content":{"rendered":"<div class=\"separator\" style=\"clear: both;text-align: center\">\n<a href=\"https:\/\/www.bfv.cloud\/ajedrezeuropa\/wp-content\/uploads\/2017\/12\/TORNEOIGUALDAD201730dediciembre.jpg\" style=\"clear: right;float: right;margin-bottom: 1em;margin-left: 1em\"><img fetchpriority=\"high\" decoding=\"async\" border=\"0\" data-original-height=\"1600\" data-original-width=\"1130\" height=\"640\" src=\"https:\/\/blogger.googleusercontent.com\/img\/b\/R29vZ2xl\/AVvXsEj0qLnKhBOfoo1sgKo9RFVTPO67pSrNormWPyWy9pWefq5hHoSYSwlzDH0M7p_TaYGPwQFHk-uSWTrNifjtOV2nDQNMnWmhiPJ7EQ7RNGG67rFeQRBtYwzJG6y7KI2eOvHmavJNbpAZbuM\/s640\/TORNEO+IGUALDAD+2017+30+de+diciembre.jpg\" width=\"450\" \/><\/a><\/div>\n<p><span style=\"font-family: Arial, Helvetica, sans-serif;font-size: large\"><b>La casa de la cultura de Villafranca de los Caballeros volver\u00e1 a acoger el torneo m\u00e1s importante de cuantos organizamos cada a\u00f1o. De esta forma, el CD NUESTRO AJEDREZ POR LA IGUALDAD en colaboraci\u00f3n con el ayuntamiento de Villafranca y con la Diputaci\u00f3n de Toledo, os invita a jugar y divertiros en la 13\u00aa edici\u00f3n del TORNEO DE NAVIDAD \u00abAJEDREZ POR LA IGUALDAD\u00bb que se celebrar\u00e1 el s\u00e1bado 30 de diciembre en jornada de tarde. En el cartel y en las bases que publicamos pod\u00e9is consultar toda la informaci\u00f3n.<\/b><\/span><br \/>\n<span style=\"font-family: Arial, Helvetica, sans-serif;font-size: large\"><b><br \/><\/b><\/span><br \/>\n<span style=\"font-family: Arial, Helvetica, sans-serif;font-size: large\"><b>El \u00abTorneo de la Igualdad\u00bb es el emblema del trabajo en beneficio de la participaci\u00f3n de la mujer en el ajedrez que durante casi dos d\u00e9cadas llevamos realizando. Ya sea a trav\u00e9s de las escuelas deportivas, de los proyectos educativos o de los equipos que representan a nuestros clubes en todas las categor\u00edas, desde la absoluta a la juvenil pasando por la sub-12, siempre se ha mantenido el objetivo de favorecer e incentivar la m\u00e1xima participaci\u00f3n de mujeres, j\u00f3venes y ni\u00f1as en todas las actividades que organizamos.<\/b><\/span><br \/>\n<span style=\"font-family: Arial, Helvetica, sans-serif;font-size: large\"><b>\u00a1\u00a1El d\u00eda 30 os esperamos a tod@s para disfrutar del ajedrez!!<\/b><\/span><\/p>\n<div class=\"separator\" style=\"clear: both;text-align: center\">\n<a href=\"https:\/\/www.bfv.cloud\/ajedrezeuropa\/wp-content\/uploads\/2017\/12\/BASESDELXIIITORNEOAJEDREZPORLAIGUALDAD_001.jpg\" style=\"margin-left: 1em;margin-right: 1em\"><img decoding=\"async\" border=\"0\" data-original-height=\"842\" data-original-width=\"595\" height=\"640\" src=\"https:\/\/blogger.googleusercontent.com\/img\/b\/R29vZ2xl\/AVvXsEgdql8mbam64ndzMZJ67zmZQbiWjzTrpR8nwntvZpgWaC-TMRbXhW6PsgwuwfDrmobypAGry8gq81sUg7TxF9FsRRm0dpJQu3YArh2vVuzFR4TXdO545gWjnQcsFqJZgpeFq4rAhm-k9OQ\/s640\/BASES+DEL+XIII+TORNEO+AJEDREZ+POR+LA+IGUALDAD_001.jpg\" width=\"450\" \/><\/a><\/div>\n<p><span style=\"font-family: Arial, Helvetica, sans-serif;font-size: large\"><b><br \/><\/b><\/span><\/p>\n","protected":false},"excerpt":{"rendered":"<p>La casa de la cultura de Villafranca de los Caballeros volver\u00e1 a acoger el torneo m\u00e1s importante de cuantos organizamos cada a\u00f1o. De esta forma, el CD NUESTRO AJEDREZ POR LA IGUALDAD en colaboraci\u00f3n con el ayuntamiento de Villafranca y con la Diputaci\u00f3n de Toledo, os invita a jugar y divertiros en la 13\u00aa edici\u00f3n [&hellip;]<\/p>\n","protected":false},"author":1,"featured_media":2853,"comment_status":"open","ping_status":"closed","sticky":false,"template":"","format":"standard","meta":{"footnotes":""},"categories":[1],"tags":[],"class_list":["post-2852","post","type-post","status-publish","format-standard","has-post-thumbnail","hentry","category-noticias"],"_links":{"self":[{"href":"https:\/\/www.bfv.cloud\/ajedrezeuropa\/wp-json\/wp\/v2\/posts\/2852","targetHints":{"allow":["GET"]}}],"collection":[{"href":"https:\/\/www.bfv.cloud\/ajedrezeuropa\/wp-json\/wp\/v2\/posts"}],"about":[{"href":"https:\/\/www.bfv.cloud\/ajedrezeuropa\/wp-json\/wp\/v2\/types\/post"}],"author":[{"embeddable":true,"href":"https:\/\/www.bfv.cloud\/ajedrezeuropa\/wp-json\/wp\/v2\/users\/1"}],"replies":[{"embeddable":true,"href":"https:\/\/www.bfv.cloud\/ajedrezeuropa\/wp-json\/wp\/v2\/comments?post=2852"}],"version-history":[{"count":1,"href":"https:\/\/www.bfv.cloud\/ajedrezeuropa\/wp-json\/wp\/v2\/posts\/2852\/revisions"}],"predecessor-version":[{"id":2855,"href":"https:\/\/www.bfv.cloud\/ajedrezeuropa\/wp-json\/wp\/v2\/posts\/2852\/revisions\/2855"}],"wp:featuredmedia":[{"embeddable":true,"href":"https:\/\/www.bfv.cloud\/ajedrezeuropa\/wp-json\/wp\/v2\/media\/2853"}],"wp:attachment":[{"href":"https:\/\/www.bfv.cloud\/ajedrezeuropa\/wp-json\/wp\/v2\/media?parent=2852"}],"wp:term":[{"taxonomy":"category","embeddable":true,"href":"https:\/\/www.bfv.cloud\/ajedrezeuropa\/wp-json\/wp\/v2\/categories?post=2852"},{"taxonomy":"post_tag","embeddable":true,"href":"https:\/\/www.bfv.cloud\/ajedrezeuropa\/wp-json\/wp\/v2\/tags?post=2852"}],"curies":[{"name":"wp","href":"https:\/\/api.w.org\/{rel}","templated":true}]}}